{"id":15452,"date":"2020-11-26T09:09:26","date_gmt":"2020-11-26T09:09:26","guid":{"rendered":"https:\/\/www.empacklogisticsautomationporto.com\/?p=15452"},"modified":"2020-11-26T09:09:28","modified_gmt":"2020-11-26T09:09:28","slug":"jhernando-esta-instalando-um-sistema-de-classificacao-sorter-para-media-markt-no-pinto-espanha","status":"publish","type":"post","link":"https:\/\/www.empacklogisticsautomationporto.com\/es\/2020\/11\/26\/jhernando-esta-instalando-um-sistema-de-classificacao-sorter-para-media-markt-no-pinto-espanha\/","title":{"rendered":"Jhernando est\u00e1 instalando um sistema de classifica\u00e7\u00e3o (sorter) para Media Markt no Pinto (Espanha)"},"content":{"rendered":"\t\t<div data-elementor-type=\"wp-post\" data-elementor-id=\"15452\" class=\"elementor elementor-15452 elementor-15450\" data-elementor-post-type=\"post\">\n\t\t\t\t\t\t<section class=\"elementor-section elementor-top-section elementor-element elementor-element-a97c0c0 elementor-section-full_width elementor-section-height-default elementor-section-height-default\" data-id=\"a97c0c0\" data-element_type=\"section\" data-settings=\"{&quot;background_background&quot;:&quot;classic&quot;}\">\n\t\t\t\t\t\t<div class=\"elementor-container elementor-column-gap-default\">\n\t\t\t\t\t<div class=\"elementor-column elementor-col-100 elementor-top-column elementor-element elementor-element-783f3d1\" data-id=\"783f3d1\" data-element_type=\"column\">\n\t\t\t<div class=\"elementor-widget-wrap elementor-element-populated\">\n\t\t\t\t\t\t<section class=\"elementor-section elementor-inner-section elementor-element elementor-element-519434d elementor-section-boxed elementor-section-height-default elementor-section-height-default\" data-id=\"519434d\" data-element_type=\"section\">\n\t\t\t\t\t\t<div class=\"elementor-container elementor-column-gap-default\">\n\t\t\t\t\t<div class=\"elementor-column elementor-col-100 elementor-inner-column elementor-element elementor-element-cdd0a62\" data-id=\"cdd0a62\" data-element_type=\"column\">\n\t\t\t<div class=\"elementor-widget-wrap elementor-element-populated\">\n\t\t\t\t\t\t<div class=\"elementor-element elementor-element-d3cea29 elementor-widget elementor-widget-heading\" data-id=\"d3cea29\" data-element_type=\"widget\" data-widget_type=\"heading.default\">\n\t\t\t\t<div class=\"elementor-widget-container\">\n\t\t\t\t\t<h1 class=\"elementor-heading-title elementor-size-default\">JHernando est\u00e1 instalando um sistema de classifica\u00e7\u00e3o (sorter) para Media Markt no Pinto (Espanha)<\/h1>\t\t\t\t<\/div>\n\t\t\t\t<\/div>\n\t\t\t\t\t<\/div>\n\t\t<\/div>\n\t\t\t\t\t<\/div>\n\t\t<\/section>\n\t\t\t\t<section class=\"elementor-section elementor-inner-section elementor-element elementor-element-f306e38 elementor-section-boxed elementor-section-height-default elementor-section-height-default\" data-id=\"f306e38\" data-element_type=\"section\">\n\t\t\t\t\t\t<div class=\"elementor-container elementor-column-gap-default\">\n\t\t\t\t\t<div class=\"elementor-column elementor-col-100 elementor-inner-column elementor-element elementor-element-bbfaa1f\" data-id=\"bbfaa1f\" data-element_type=\"column\">\n\t\t\t<div class=\"elementor-widget-wrap elementor-element-populated\">\n\t\t\t\t\t\t<div class=\"elementor-element elementor-element-9d3381b elementor-widget elementor-widget-text-editor\" data-id=\"9d3381b\" data-element_type=\"widget\" data-widget_type=\"text-editor.default\">\n\t\t\t\t<div class=\"elementor-widget-container\">\n\t\t\t\t\t\t\t\t\t<section class=\"common-richtext component\">Em JHernando est\u00e3o a realizar-se hoje a instala\u00e7\u00e3o de um Sistema de Classifica\u00e7\u00e3o (sorter) da plataforma log\u00edstica que a empresa de consumo Media Markt possui em Pinto (em Madrid &#8211; Espanha), que lhes permitir\u00e1 classificar mais de 3.000 embalagens por hora .<\/p>\n<p>Com esta instala\u00e7\u00e3o do Media Markt voc\u00ea poder\u00e1 aumentar a velocidade de seus processos e poder\u00e1 oferecer uma resposta ainda mais eficiente aos seus clientes durante as pr\u00f3ximas campanhas da Black Friday e Natal na classifica\u00e7\u00e3o de seus pedidos.<\/p>\n<p>Na JHernando s\u00e3o especialistas neste tipo de sistemas para retalho, muito \u00fateis para sectores como o ecommerce, que requerem precis\u00e3o e alguma flexibilidade para se adaptarem constantemente \u00e0s poss\u00edveis mudan\u00e7as e varia\u00e7\u00f5es do mercado.<\/p>\n<\/section>\n\t\t\t\t\t\t\t\t<\/div>\n\t\t\t\t<\/div>\n\t\t\t\t\t<\/div>\n\t\t<\/div>\n\t\t\t\t\t<\/div>\n\t\t<\/section>\n\t\t\t\t<section class=\"elementor-section elementor-inner-section elementor-element elementor-element-91e08f5 elementor-section-boxed elementor-section-height-default elementor-section-height-default\" data-id=\"91e08f5\" data-element_type=\"section\">\n\t\t\t\t\t\t<div class=\"elementor-container elementor-column-gap-default\">\n\t\t\t\t\t<div class=\"elementor-column elementor-col-100 elementor-inner-column elementor-element elementor-element-9367cfe\" data-id=\"9367cfe\" data-element_type=\"column\">\n\t\t\t<div class=\"elementor-widget-wrap elementor-element-populated\">\n\t\t\t\t\t\t<div class=\"elementor-element elementor-element-02645ff elementor-widget elementor-widget-image\" data-id=\"02645ff\" data-element_type=\"widget\" data-widget_type=\"image.default\">\n\t\t\t\t<div class=\"elementor-widget-container\">\n\t\t\t\t\t\t\t\t\t\t\t\t\t\t\t<img fetchpriority=\"high\" decoding=\"async\" width=\"768\" height=\"1024\" src=\"https:\/\/easyfairsassets.com\/sites\/68\/2020\/11\/Ingenieros-JHernando-para-proyecto-MediaMarkt-768x1024.jpg\" class=\"attachment-large size-large wp-image-15461\" alt=\"\" srcset=\"https:\/\/easyfairsassets.com\/sites\/68\/2020\/11\/Ingenieros-JHernando-para-proyecto-MediaMarkt-768x1024.jpg 768w, https:\/\/easyfairsassets.com\/sites\/68\/2020\/11\/Ingenieros-JHernando-para-proyecto-MediaMarkt-225x300.jpg 225w, https:\/\/easyfairsassets.com\/sites\/68\/2020\/11\/Ingenieros-JHernando-para-proyecto-MediaMarkt-1152x1536.jpg 1152w, https:\/\/easyfairsassets.com\/sites\/68\/2020\/11\/Ingenieros-JHernando-para-proyecto-MediaMarkt.jpg 1440w\" sizes=\"(max-width: 768px) 100vw, 768px\" \/>\t\t\t\t\t\t\t\t\t\t\t\t\t\t\t<\/div>\n\t\t\t\t<\/div>\n\t\t\t\t\t<\/div>\n\t\t<\/div>\n\t\t\t\t\t<\/div>\n\t\t<\/section>\n\t\t\t\t\t<\/div>\n\t\t<\/div>\n\t\t\t\t\t<\/div>\n\t\t<\/section>\n\t\t\t\t<\/div>\n\t\t","protected":false},"excerpt":{"rendered":"<p>JHernando est\u00e1 instalando um sistema de classifica\u00e7\u00e3o (sorter) para Media Markt no Pinto (Espanha) Em JHernando est\u00e3o a realizar-se hoje a instala\u00e7\u00e3o de um Sistema de Classifica\u00e7\u00e3o (sorter) da plataforma log\u00edstica que a empresa de consumo Media Markt possui em Pinto (em Madrid &#8211; Espanha), que lhes permitir\u00e1 classificar mais de 3.000 embalagens por hora [&hellip;]<\/p>\n","protected":false},"author":1,"featured_media":15457,"comment_status":"open","ping_status":"open","sticky":false,"template":"elementor_header_footer","format":"standard","meta":{"_seopress_robots_primary_cat":"none","_seopress_titles_title":"","_seopress_titles_desc":"","_seopress_robots_index":"","footnotes":""},"categories":[411],"tags":[732,735],"edition":[],"class_list":["post-15452","post","type-post","status-publish","format-standard","has-post-thumbnail","hentry","category-spanish-blog","tag-jhernando-es","tag-media-markt-es"],"_links":{"self":[{"href":"https:\/\/www.empacklogisticsautomationporto.com\/es\/wp-json\/wp\/v2\/posts\/15452","targetHints":{"allow":["GET"]}}],"collection":[{"href":"https:\/\/www.empacklogisticsautomationporto.com\/es\/wp-json\/wp\/v2\/posts"}],"about":[{"href":"https:\/\/www.empacklogisticsautomationporto.com\/es\/wp-json\/wp\/v2\/types\/post"}],"author":[{"embeddable":true,"href":"https:\/\/www.empacklogisticsautomationporto.com\/es\/wp-json\/wp\/v2\/users\/1"}],"replies":[{"embeddable":true,"href":"https:\/\/www.empacklogisticsautomationporto.com\/es\/wp-json\/wp\/v2\/comments?post=15452"}],"version-history":[{"count":4,"href":"https:\/\/www.empacklogisticsautomationporto.com\/es\/wp-json\/wp\/v2\/posts\/15452\/revisions"}],"predecessor-version":[{"id":15530,"href":"https:\/\/www.empacklogisticsautomationporto.com\/es\/wp-json\/wp\/v2\/posts\/15452\/revisions\/15530"}],"wp:featuredmedia":[{"embeddable":true,"href":"https:\/\/www.empacklogisticsautomationporto.com\/es\/wp-json\/wp\/v2\/media\/15457"}],"wp:attachment":[{"href":"https:\/\/www.empacklogisticsautomationporto.com\/es\/wp-json\/wp\/v2\/media?parent=15452"}],"wp:term":[{"taxonomy":"category","embeddable":true,"href":"https:\/\/www.empacklogisticsautomationporto.com\/es\/wp-json\/wp\/v2\/categories?post=15452"},{"taxonomy":"post_tag","embeddable":true,"href":"https:\/\/www.empacklogisticsautomationporto.com\/es\/wp-json\/wp\/v2\/tags?post=15452"},{"taxonomy":"edition","embeddable":true,"href":"https:\/\/www.empacklogisticsautomationporto.com\/es\/wp-json\/wp\/v2\/edition?post=15452"}],"curies":[{"name":"wp","href":"https:\/\/api.w.org\/{rel}","templated":true}]}}