{"id":120230,"date":"2024-08-26T11:26:11","date_gmt":"2024-08-26T10:26:11","guid":{"rendered":"https:\/\/www.empacklogisticsautomationporto.com\/?p=120230"},"modified":"2024-08-26T11:39:05","modified_gmt":"2024-08-26T10:39:05","slug":"estudo-identifica-principais-tendencias-de-talento-e-tecnologia-na-supply-chain","status":"publish","type":"post","link":"https:\/\/www.empacklogisticsautomationporto.com\/pt-pt\/2024\/08\/26\/estudo-identifica-principais-tendencias-de-talento-e-tecnologia-na-supply-chain\/","title":{"rendered":"Estudo identifica principais tend\u00eancias de talento e tecnologia na supply chain"},"content":{"rendered":"\t\t<div data-elementor-type=\"wp-post\" data-elementor-id=\"120230\" class=\"elementor elementor-120230\" data-elementor-post-type=\"post\">\n\t\t\t\t\t\t<section class=\"elementor-section elementor-top-section elementor-element elementor-element-6c4d399f elementor-section-full_width elementor-section-height-default elementor-section-height-default\" data-id=\"6c4d399f\" data-element_type=\"section\">\n\t\t\t\t\t\t<div class=\"elementor-container elementor-column-gap-default\">\n\t\t\t\t\t<div class=\"elementor-column elementor-col-50 elementor-top-column elementor-element elementor-element-7e8189c8\" data-id=\"7e8189c8\" data-element_type=\"column\">\n\t\t\t<div class=\"elementor-widget-wrap elementor-element-populated\">\n\t\t\t\t\t\t<div class=\"elementor-element elementor-element-5385dc8d elementor-invisible elementor-widget elementor-widget-heading\" data-id=\"5385dc8d\" data-element_type=\"widget\" data-settings=\"{&quot;_animation&quot;:&quot;fadeIn&quot;}\" data-widget_type=\"heading.default\">\n\t\t\t\t<div class=\"elementor-widget-container\">\n\t\t\t\t\t<h1 class=\"elementor-heading-title elementor-size-default\">Estudo identifica principais tend\u00eancias de talento e tecnologia na supply chain<\/h1>\t\t\t\t<\/div>\n\t\t\t\t<\/div>\n\t\t\t\t<div class=\"elementor-element elementor-element-0fcab1a elementor-widget elementor-widget-image\" data-id=\"0fcab1a\" data-element_type=\"widget\" data-widget_type=\"image.default\">\n\t\t\t\t<div class=\"elementor-widget-container\">\n\t\t\t\t\t\t\t\t\t\t\t\t\t\t\t<img fetchpriority=\"high\" decoding=\"async\" width=\"400\" height=\"250\" src=\"https:\/\/easyfairsassets.com\/sites\/68\/2024\/08\/estudio-supply-chain-news-sept-2024.png\" class=\"attachment-medium_large size-medium_large wp-image-120236\" alt=\"estudo Supply Chain 2024\" srcset=\"https:\/\/easyfairsassets.com\/sites\/68\/2024\/08\/estudio-supply-chain-news-sept-2024.png 400w, https:\/\/easyfairsassets.com\/sites\/68\/2024\/08\/estudio-supply-chain-news-sept-2024-300x188.png 300w\" sizes=\"(max-width: 400px) 100vw, 400px\" \/>\t\t\t\t\t\t\t\t\t\t\t\t\t\t\t<\/div>\n\t\t\t\t<\/div>\n\t\t\t\t<div class=\"elementor-element elementor-element-4eb7a90d elementor-widget-tablet__width-initial elementor-widget elementor-widget-text-editor\" data-id=\"4eb7a90d\" data-element_type=\"widget\" data-settings=\"{&quot;_animation&quot;:&quot;none&quot;}\" data-widget_type=\"text-editor.default\">\n\t\t\t\t<div class=\"elementor-widget-container\">\n\t\t\t\t\t\t\t\t\t<p><strong>A Alcott Global desenvolveu um estudo que analisa as principais prioridades, preocupa\u00e7\u00f5es e estrat\u00e9gias que est\u00e3o a moldar o ecossistema da cadeia de abastecimento, atrav\u00e9s de informa\u00e7\u00f5es obtidas a partir de sondagens realizadas no segundo trimestre do ano.<\/strong><\/p><p>Entre abril e maio de 2024, a Alcott Global ouviu 152 executivos de n\u00edvel C, provenientes de v\u00e1rias regi\u00f5es a n\u00edvel global. 40% dos inquiridos representaram empresas com receitas superiores a 10 mil milh\u00f5es de d\u00f3lares, seguidos por 26% de empresas com receitas entre mil milh\u00f5es e 10 mil milh\u00f5es de d\u00f3lares, e ainda outros escal\u00f5es com diferentes receitas.<\/p><p>Os resultados das sondagens apontaram as atuais tend\u00eancias de talento e tecnologia no ecossistema da supply chain.<\/p><p>No campo do talento, as principais compet\u00eancias na supply chain incluem uma compreens\u00e3o de ponta a ponta das opera\u00e7\u00f5es (96%), an\u00e1lise de dados (59%), compreens\u00e3o das mais recentes tecnologias da cadeia de abastecimento (45%), pr\u00e1ticas de ESG e sustentabilidade (38%) e princ\u00edpios de gest\u00e3o e controlo de invent\u00e1rio (35%).<\/p><p>Os inquiridos sublinharam ainda outras tend\u00eancias, como gest\u00e3o de risco (35%), estrat\u00e9gia de sourcing e procurement (26%), gest\u00e3o e otimiza\u00e7\u00e3o de transportes (21%), e regulamenta\u00e7\u00f5es comerciais e requisitos de conformidade (20%).<\/p><p>Por outro lado, alguns dos maiores desafios na contrata\u00e7\u00e3o para os l\u00edderes de supply chain incluem encontrar candidatos com as compet\u00eancias certas (65%), a escassez de talento com compet\u00eancias especializadas (59%), a redu\u00e7\u00e3o no tempo de contrata\u00e7\u00e3o (36%), a falta de diversidade no grupo de candidatos (27%), e a reten\u00e7\u00e3o de talento e rotatividade (22%).<\/p><p>Quanto \u00e0s tend\u00eancias tecnol\u00f3gicas, as prioridades estrat\u00e9gicas para a implementa\u00e7\u00e3o de tecnologia incluem a redu\u00e7\u00e3o de custos e a melhoria da efici\u00eancia (76%), transforma\u00e7\u00e3o digital (76%), aumento da resili\u00eancia e agilidade da cadeia de abastecimento (63%), a implementa\u00e7\u00e3o de pr\u00e1ticas sustent\u00e1veis (47%) e a expans\u00e3o para novos mercados ou regi\u00f5es (29%).<\/p><p>Os principais desafios identificados est\u00e3o relacionados com a integra\u00e7\u00e3o de sistemas legais (61%), resist\u00eancia \u00e0 mudan\u00e7a por parte dos funcion\u00e1rios (51%) e elevados custos de implementa\u00e7\u00e3o (50%).<\/p>\t\t\t\t\t\t\t\t<\/div>\n\t\t\t\t<\/div>\n\t\t\t\t<div class=\"elementor-element elementor-element-bf4d5ca elementor-widget elementor-widget-button\" data-id=\"bf4d5ca\" data-element_type=\"widget\" data-widget_type=\"button.default\">\n\t\t\t\t<div class=\"elementor-widget-container\">\n\t\t\t\t\t\t\t\t\t<div class=\"elementor-button-wrapper\">\n\t\t\t\t\t<a class=\"elementor-button elementor-button-link elementor-size-md\" href=\"https:\/\/www.supplychainmagazine.pt\/2024\/08\/14\/estudo-identifica-principais-tendencias-de-talento-e-tecnologia-na-supply-chain\/\">\n\t\t\t\t\t\t<span class=\"elementor-button-content-wrapper\">\n\t\t\t\t\t\t\t\t\t<span class=\"elementor-button-text\">Leia a not\u00edcia completa<\/span>\n\t\t\t\t\t<\/span>\n\t\t\t\t\t<\/a>\n\t\t\t\t<\/div>\n\t\t\t\t\t\t\t\t<\/div>\n\t\t\t\t<\/div>\n\t\t\t\t\t<\/div>\n\t\t<\/div>\n\t\t\t\t<div class=\"elementor-column elementor-col-50 elementor-top-column elementor-element elementor-element-19dc3572\" data-id=\"19dc3572\" data-element_type=\"column\">\n\t\t\t<div class=\"elementor-widget-wrap elementor-element-populated\">\n\t\t\t\t\t\t<div class=\"elementor-element elementor-element-404ac641 elementor-grid-1 elementor-posts--thumbnail-none elementor-grid-tablet-1 elementor-grid-mobile-1 elementor-widget elementor-widget-posts\" data-id=\"404ac641\" data-element_type=\"widget\" data-settings=\"{&quot;classic_columns&quot;:&quot;1&quot;,&quot;classic_row_gap&quot;:{&quot;unit&quot;:&quot;px&quot;,&quot;size&quot;:&quot;23&quot;,&quot;sizes&quot;:[]},&quot;classic_columns_tablet&quot;:&quot;1&quot;,&quot;_animation&quot;:&quot;none&quot;,&quot;classic_columns_mobile&quot;:&quot;1&quot;,&quot;classic_row_gap_tablet&quot;:{&quot;unit&quot;:&quot;px&quot;,&quot;size&quot;:&quot;&quot;,&quot;sizes&quot;:[]},&quot;classic_row_gap_mobile&quot;:{&quot;unit&quot;:&quot;px&quot;,&quot;size&quot;:&quot;&quot;,&quot;sizes&quot;:[]}}\" data-widget_type=\"posts.classic\">\n\t\t\t\t<div class=\"elementor-widget-container\">\n\t\t\t\t\t\t\t<div class=\"elementor-posts-container elementor-posts elementor-posts--skin-classic elementor-grid\" role=\"list\">\n\t\t\t\t<article class=\"elementor-post elementor-grid-item post-184444 post type-post status-publish format-standard has-post-thumbnail hentry category-press-release tag-april tag-balanco-feira tag-congresso-en tag-easyfairs tag-embalagem-en tag-feira tag-logistica-en tag-nota-de-imprensa tag-portugal-en\" role=\"listitem\">\n\t\t\t\t<div class=\"elementor-post__text\">\n\t\t\t\t<h3 class=\"elementor-post__title\">\n\t\t\t<a href=\"https:\/\/www.empacklogisticsautomationporto.com\/pt-pt\/2026\/04\/28\/empack-e-logistics-automation-porto-avanca-para-2027-com-64-do-espaco-ja-reservado\/\" >\n\t\t\t\tEmpack e Logistics &#038; Automation Porto avan\u00e7a para 2027 com 64% do espa\u00e7o j\u00e1 reservado\t\t\t<\/a>\n\t\t<\/h3>\n\t\t\t\t<div class=\"elementor-post__excerpt\">\n\t\t\t<p>Empack e Logistics &amp; Automation Porto avan\u00e7a para 2027 com 64% do espa\u00e7o j\u00e1 reservado D\u00e9cima edi\u00e7\u00e3o da feira profissional representativa dos setores log\u00edstico e<\/p>\n\t\t<\/div>\n\t\t\n\t\t<a class=\"elementor-post__read-more\" href=\"https:\/\/www.empacklogisticsautomationporto.com\/pt-pt\/2026\/04\/28\/empack-e-logistics-automation-porto-avanca-para-2027-com-64-do-espaco-ja-reservado\/\" aria-label=\"Read more about Empack e Logistics &#038; Automation Porto avan\u00e7a para 2027 com 64% do espa\u00e7o j\u00e1 reservado\" tabindex=\"-1\" >\n\t\t\tRead More \u00bb\t\t<\/a>\n\n\t\t\t\t<\/div>\n\t\t\t\t<\/article>\n\t\t\t\t<article class=\"elementor-post elementor-grid-item post-183874 post type-post status-publish format-standard has-post-thumbnail hentry category-blog tag-automacao tag-bruxelas tag-embalagens tag-empack tag-logistica tag-manutencao tag-noticias tag-portugal\" role=\"listitem\">\n\t\t\t\t<div class=\"elementor-post__text\">\n\t\t\t\t<h3 class=\"elementor-post__title\">\n\t\t\t<a href=\"https:\/\/www.empacklogisticsautomationporto.com\/pt-pt\/2026\/04\/01\/bruxelas-clarifica-novas-regras-de-embalagens-para-acelerar-transicao-sustentavel-na-uniao-europeia\/\" >\n\t\t\t\tBruxelas clarifica novas regras de embalagens para acelerar transi\u00e7\u00e3o sustent\u00e1vel na Uni\u00e3o Europeia\t\t\t<\/a>\n\t\t<\/h3>\n\t\t\t\t<div class=\"elementor-post__excerpt\">\n\t\t\t<p>Bruxelas clarifica novas regras de embalagens para acelerar transi\u00e7\u00e3o sustent\u00e1vel na Uni\u00e3o Europeia Comiss\u00e3o Europeia publica orienta\u00e7\u00f5es para aplicar regulamento das embalagens, reduzir res\u00edduos e<\/p>\n\t\t<\/div>\n\t\t\n\t\t<a class=\"elementor-post__read-more\" href=\"https:\/\/www.empacklogisticsautomationporto.com\/pt-pt\/2026\/04\/01\/bruxelas-clarifica-novas-regras-de-embalagens-para-acelerar-transicao-sustentavel-na-uniao-europeia\/\" aria-label=\"Read more about Bruxelas clarifica novas regras de embalagens para acelerar transi\u00e7\u00e3o sustent\u00e1vel na Uni\u00e3o Europeia\" tabindex=\"-1\" >\n\t\t\tRead More \u00bb\t\t<\/a>\n\n\t\t\t\t<\/div>\n\t\t\t\t<\/article>\n\t\t\t\t<article class=\"elementor-post elementor-grid-item post-183860 post type-post status-publish format-standard has-post-thumbnail hentry category-blog tag-automacao tag-empack tag-logistica tag-manutencao tag-noticias tag-portugal tag-sustentabilidade\" role=\"listitem\">\n\t\t\t\t<div class=\"elementor-post__text\">\n\t\t\t\t<h3 class=\"elementor-post__title\">\n\t\t\t<a href=\"https:\/\/www.empacklogisticsautomationporto.com\/pt-pt\/2026\/04\/01\/dossier-sustentabilidade-e-manutencao\/\" >\n\t\t\t\tDossier sustentabilidade e manuten\u00e7\u00e3o\t\t\t<\/a>\n\t\t<\/h3>\n\t\t\t\t<div class=\"elementor-post__excerpt\">\n\t\t\t<p>Dossier sustentabilidade e manuten\u00e7\u00e3o O presente dossier chama a aten\u00e7\u00e3o para uma nova via para a manuten\u00e7\u00e3o: a liga\u00e7\u00e3o entre a manuten\u00e7\u00e3o e a sustentabilidade.<\/p>\n\t\t<\/div>\n\t\t\n\t\t<a class=\"elementor-post__read-more\" href=\"https:\/\/www.empacklogisticsautomationporto.com\/pt-pt\/2026\/04\/01\/dossier-sustentabilidade-e-manutencao\/\" aria-label=\"Read more about Dossier sustentabilidade e manuten\u00e7\u00e3o\" tabindex=\"-1\" >\n\t\t\tRead More \u00bb\t\t<\/a>\n\n\t\t\t\t<\/div>\n\t\t\t\t<\/article>\n\t\t\t\t<article class=\"elementor-post elementor-grid-item post-183838 post type-post status-publish format-standard has-post-thumbnail hentry category-blog tag-decima-edicao tag-domino tag-historias-que-inspiram tag-marque-tdi\" role=\"listitem\">\n\t\t\t\t<div class=\"elementor-post__text\">\n\t\t\t\t<h3 class=\"elementor-post__title\">\n\t\t\t<a href=\"https:\/\/www.empacklogisticsautomationporto.com\/pt-pt\/2026\/04\/01\/historias-que-inspiram-domino\/\" >\n\t\t\t\tHist\u00f3rias que Inspiram &#8211; DOMINO\t\t\t<\/a>\n\t\t<\/h3>\n\t\t\t\t<div class=\"elementor-post__excerpt\">\n\t\t\t<p>Hist\u00f3rias que Inspiram 10 anos de Empack e Logistics &amp; Automation Porto Hist\u00f3rias que Inspiram nasce para celebrar os expositores que estiveram connosco desde o<\/p>\n\t\t<\/div>\n\t\t\n\t\t<a class=\"elementor-post__read-more\" href=\"https:\/\/www.empacklogisticsautomationporto.com\/pt-pt\/2026\/04\/01\/historias-que-inspiram-domino\/\" aria-label=\"Read more about Hist\u00f3rias que Inspiram &#8211; DOMINO\" tabindex=\"-1\" >\n\t\t\tRead More \u00bb\t\t<\/a>\n\n\t\t\t\t<\/div>\n\t\t\t\t<\/article>\n\t\t\t\t<\/div>\n\t\t\n\t\t\t\t\t\t<\/div>\n\t\t\t\t<\/div>\n\t\t\t\t<div class=\"elementor-element elementor-element-1f3f2b92 elementor-widget-divider--view-line elementor-widget elementor-widget-divider\" data-id=\"1f3f2b92\" data-element_type=\"widget\" data-widget_type=\"divider.default\">\n\t\t\t\t<div class=\"elementor-widget-container\">\n\t\t\t\t\t\t\t<div class=\"elementor-divider\">\n\t\t\t<span class=\"elementor-divider-separator\">\n\t\t\t\t\t\t<\/span>\n\t\t<\/div>\n\t\t\t\t\t\t<\/div>\n\t\t\t\t<\/div>\n\t\t\t\t\t<\/div>\n\t\t<\/div>\n\t\t\t\t\t<\/div>\n\t\t<\/section>\n\t\t\t\t<\/div>\n\t\t","protected":false},"excerpt":{"rendered":"<p>Estudo identifica principais tend\u00eancias de talento e tecnologia na supply chain A Alcott Global desenvolveu um estudo que analisa as principais prioridades, preocupa\u00e7\u00f5es e estrat\u00e9gias que est\u00e3o a moldar o ecossistema da cadeia de abastecimento, atrav\u00e9s de informa\u00e7\u00f5es obtidas a partir de sondagens realizadas no segundo trimestre do ano. Entre abril e maio de 2024, [&hellip;]<\/p>\n","protected":false},"author":1256,"featured_media":120236,"comment_status":"closed","ping_status":"closed","sticky":false,"template":"","format":"standard","meta":{"_seopress_robots_primary_cat":"none","_seopress_titles_title":"Not\u00edcias | Empack e Logistics &amp; Automation Porto","_seopress_titles_desc":"Veja as not\u00edcias dos sectores de embalagem e log\u00edstica em Portugal.","_seopress_robots_index":"","footnotes":""},"categories":[392],"tags":[739,671,1055],"edition":[],"class_list":["post-120230","post","type-post","status-publish","format-standard","has-post-thumbnail","hentry","category-blog","tag-cadeia-de-abastecimento","tag-portugal","tag-supply-chain"],"_links":{"self":[{"href":"https:\/\/www.empacklogisticsautomationporto.com\/pt-pt\/wp-json\/wp\/v2\/posts\/120230","targetHints":{"allow":["GET"]}}],"collection":[{"href":"https:\/\/www.empacklogisticsautomationporto.com\/pt-pt\/wp-json\/wp\/v2\/posts"}],"about":[{"href":"https:\/\/www.empacklogisticsautomationporto.com\/pt-pt\/wp-json\/wp\/v2\/types\/post"}],"author":[{"embeddable":true,"href":"https:\/\/www.empacklogisticsautomationporto.com\/pt-pt\/wp-json\/wp\/v2\/users\/1256"}],"replies":[{"embeddable":true,"href":"https:\/\/www.empacklogisticsautomationporto.com\/pt-pt\/wp-json\/wp\/v2\/comments?post=120230"}],"version-history":[{"count":5,"href":"https:\/\/www.empacklogisticsautomationporto.com\/pt-pt\/wp-json\/wp\/v2\/posts\/120230\/revisions"}],"predecessor-version":[{"id":120243,"href":"https:\/\/www.empacklogisticsautomationporto.com\/pt-pt\/wp-json\/wp\/v2\/posts\/120230\/revisions\/120243"}],"wp:featuredmedia":[{"embeddable":true,"href":"https:\/\/www.empacklogisticsautomationporto.com\/pt-pt\/wp-json\/wp\/v2\/media\/120236"}],"wp:attachment":[{"href":"https:\/\/www.empacklogisticsautomationporto.com\/pt-pt\/wp-json\/wp\/v2\/media?parent=120230"}],"wp:term":[{"taxonomy":"category","embeddable":true,"href":"https:\/\/www.empacklogisticsautomationporto.com\/pt-pt\/wp-json\/wp\/v2\/categories?post=120230"},{"taxonomy":"post_tag","embeddable":true,"href":"https:\/\/www.empacklogisticsautomationporto.com\/pt-pt\/wp-json\/wp\/v2\/tags?post=120230"},{"taxonomy":"edition","embeddable":true,"href":"https:\/\/www.empacklogisticsautomationporto.com\/pt-pt\/wp-json\/wp\/v2\/edition?post=120230"}],"curies":[{"name":"wp","href":"https:\/\/api.w.org\/{rel}","templated":true}]}}