{"id":120536,"date":"2024-09-30T08:27:16","date_gmt":"2024-09-30T07:27:16","guid":{"rendered":"https:\/\/www.empacklogisticsautomationporto.com\/?p=120536"},"modified":"2024-09-30T09:03:51","modified_gmt":"2024-09-30T08:03:51","slug":"european-real-estate-logistics-census-indica-aumento-da-procura-por-imoveis-logisticos-nos-proximos-anos","status":"publish","type":"post","link":"https:\/\/www.empacklogisticsautomationporto.com\/pt-pt\/2024\/09\/30\/european-real-estate-logistics-census-indica-aumento-da-procura-por-imoveis-logisticos-nos-proximos-anos\/","title":{"rendered":"European Real Estate Logistics Census indica aumento da procura por im\u00f3veis log\u00edsticos nos pr\u00f3ximos anos"},"content":{"rendered":"\t\t<div data-elementor-type=\"wp-post\" data-elementor-id=\"120536\" class=\"elementor elementor-120536\" data-elementor-post-type=\"post\">\n\t\t\t\t\t\t<section class=\"elementor-section elementor-top-section elementor-element elementor-element-6c4d399f elementor-section-full_width elementor-section-height-default elementor-section-height-default\" data-id=\"6c4d399f\" data-element_type=\"section\">\n\t\t\t\t\t\t<div class=\"elementor-container elementor-column-gap-default\">\n\t\t\t\t\t<div class=\"elementor-column elementor-col-50 elementor-top-column elementor-element elementor-element-7e8189c8\" data-id=\"7e8189c8\" data-element_type=\"column\">\n\t\t\t<div class=\"elementor-widget-wrap elementor-element-populated\">\n\t\t\t\t\t\t<div class=\"elementor-element elementor-element-5385dc8d elementor-invisible elementor-widget elementor-widget-heading\" data-id=\"5385dc8d\" data-element_type=\"widget\" data-settings=\"{&quot;_animation&quot;:&quot;fadeIn&quot;}\" data-widget_type=\"heading.default\">\n\t\t\t\t<div class=\"elementor-widget-container\">\n\t\t\t\t\t<h1 class=\"elementor-heading-title elementor-size-default\">European Real Estate Logistics Census indica aumento da procura por im\u00f3veis log\u00edsticos nos pr\u00f3ximos anos<\/h1>\t\t\t\t<\/div>\n\t\t\t\t<\/div>\n\t\t\t\t<div class=\"elementor-element elementor-element-0fcab1a elementor-widget elementor-widget-image\" data-id=\"0fcab1a\" data-element_type=\"widget\" data-widget_type=\"image.default\">\n\t\t\t\t<div class=\"elementor-widget-container\">\n\t\t\t\t\t\t\t\t\t\t\t\t\t\t\t<img fetchpriority=\"high\" decoding=\"async\" width=\"400\" height=\"250\" src=\"https:\/\/easyfairsassets.com\/sites\/68\/2024\/09\/30.09-web-noticia.png\" class=\"attachment-medium_large size-medium_large wp-image-120542\" alt=\"logistics noticia\" srcset=\"https:\/\/easyfairsassets.com\/sites\/68\/2024\/09\/30.09-web-noticia.png 400w, https:\/\/easyfairsassets.com\/sites\/68\/2024\/09\/30.09-web-noticia-300x188.png 300w\" sizes=\"(max-width: 400px) 100vw, 400px\" \/>\t\t\t\t\t\t\t\t\t\t\t\t\t\t\t<\/div>\n\t\t\t\t<\/div>\n\t\t\t\t<div class=\"elementor-element elementor-element-4eb7a90d elementor-widget-tablet__width-initial elementor-widget elementor-widget-text-editor\" data-id=\"4eb7a90d\" data-element_type=\"widget\" data-settings=\"{&quot;_animation&quot;:&quot;none&quot;}\" data-widget_type=\"text-editor.default\">\n\t\t\t\t<div class=\"elementor-widget-container\">\n\t\t\t\t\t\t\t\t\t<p>O quarto European Real Estate Logistics Census foi realizado durante o ver\u00e3o de 2024 pelos analistas de mercado da cadeia de abastecimento Analytiqa em nome da Tritax EuroBox plc, um investidor em log\u00edstica imobili\u00e1ria na europa, e pela Savills, consultora imobili\u00e1ria internacional. Responderam 642 ocupantes, investidores, promotores, propriet\u00e1rios, gestores de ativos, consultores e agentes de todo o mercado europeu.<\/p><p>Pedro Figueiras, Head of I&amp;L da Savills Portugal, refere: \u201cDe acordo com os dados agora apresentados, os pr\u00f3ximos anos ser\u00e3o bastante din\u00e2micos e positivos para o setor da log\u00edstica e as diferentes dimens\u00f5es ESG desempenhar\u00e3o um papel cada vez mais importante. Portugal tem apresentado enormes progressos neste campo o que, a par de outros fundamentais de mercado como os custos competitivos em rela\u00e7\u00e3o a outros pa\u00edses da Europa Ocidental e a sua localiza\u00e7\u00e3o estrat\u00e9gica colocam, cada vez mais, o pa\u00eds na mira dos diversos players internacionais. Reflexo deste grande interesse \u00e9 o resultado do mais recente estudo da Savills \u201cNearshoring Index 2024\u201d que coloca Portugal como o pa\u00eds mais atrativo do mundo para as empresas que procuram aproximar as suas cadeias de abastecimento aos mercados de consumo. Outro indicador da imagem muito positiva do nosso pa\u00eds no setor Industrial &amp; Log\u00edstico s\u00e3o os cerca de 400 milh\u00f5es de euros alocados a opera\u00e7\u00f5es de capital markets e de development que est\u00e3o em curso neste momento e que caso se concluam ir\u00e3o contribuir para uma significativa moderniza\u00e7\u00e3o do nosso stock.\u201d<\/p><p>Phil Redding, CEO da Tritax EuroBox plc, comenta: \u201cOs resultados do nosso inqu\u00e9rito mostram que, apesar das condi\u00e7\u00f5es operacionais desafiantes, o sentimento dos ocupantes est\u00e1 a melhorar e a procura por im\u00f3veis log\u00edsticos dever\u00e1 aumentar at\u00e9 2025 e nos anos seguintes. Os ocupantes enfrentam uma s\u00e9rie de prioridades empresariais potencialmente revolucion\u00e1rias, desde o cumprimento de regulamentos ESG mais rigorosos, \u00e0 garantia de resili\u00eancia energ\u00e9tica, at\u00e9 decis\u00f5es sobre re\/near-shoring. Espa\u00e7os modernos, bem localizados e de alta qualidade desempenhar\u00e3o um papel cr\u00edtico no cumprimento destes objetivos operacionais num mercado em r\u00e1pida evolu\u00e7\u00e3o.\u201d<\/p><p>Kevin Mofid, Head of EMEA Logistics Research, Commercial Research da Savills, acrescenta: \u201cNos \u00faltimos quatro anos, o European Real Estate Logistics Census tornou-se um indicador de refer\u00eancia para o mercado imobili\u00e1rio de armaz\u00e9ns em toda a Europa. Com um n\u00edvel recorde de inquiridos este ano, \u00e9 agrad\u00e1vel verificar que 53% dos ocupantes esperam necessitar de mais espa\u00e7o nos pr\u00f3ximos tr\u00eas anos.\u00a0 Com a absor\u00e7\u00e3o a aumentar 20% no segundo trimestre de 2024, pode argumentar-se que esta \u00e9 j\u00e1 uma tend\u00eancia em curso. No entanto, \u00e9 evidente que continua a existir um vasto leque de prioridades dos ocupantes em toda a Europa, que constituem um desafio para os promotores e investidores, embora seja evidente que a disponibilidade de energia, a automatiza\u00e7\u00e3o e o cumprimento dos requisitos de sustentabilidade ser\u00e3o for\u00e7as motrizes\u201d.<\/p><p>\u00a0<\/p><p>Principais destaques do European Real Estate Logistics Census 2024:<\/p><p>Condi\u00e7\u00f5es operacionais desafiantes, mas a procura dos ocupantes por im\u00f3veis log\u00edsticos dever\u00e1 registar um aumento<\/p><ul><li>Embora 51% dos ocupantes acreditem que as condi\u00e7\u00f5es de neg\u00f3cio s\u00e3o hoje mais favor\u00e1veis do que h\u00e1 um ano (em compara\u00e7\u00e3o com 42% em 2023 e 35% em 2022), 69% reduziram ou atrasaram os planos gerais de expans\u00e3o do neg\u00f3cio devido \u00e0s atuais condi\u00e7\u00f5es econ\u00f3micas. Contudo, o que \u00e9 crucial \u00e9 que dos 69%, apenas 6% suspenderam os seus planos indefinidamente, enquanto 32% atrasaram 1 a 2 anos e 24% entre 2 e 5 anos.<\/li><li>O inqu\u00e9rito sugere que \u00e9 prov\u00e1vel que se desenvolvam novos requisitos log\u00edsticos durante o segundo semestre de 2024, em 2025 e anos seguintes. 29% dos ocupantes da amostra esperam necessitar de mais espa\u00e7o nos pr\u00f3ximos 12 meses, enquanto 70% planeiam manter a sua dimens\u00e3o atual. 53% dos ocupantes esperam necessitar de mais espa\u00e7o nos pr\u00f3ximos 1 a 3 anos (+15 pontos percentuais).<\/li><\/ul><p>\u00a0<\/p><p>Os planos de expans\u00e3o est\u00e3o concentrados nos principais mercados da Europa Ocidental.<\/p><ul><li>Para os ocupantes que pretendem expandir a atividade durante os pr\u00f3ximos 1 a 3 anos, os planos est\u00e3o concentrados nos principais mercados da Europa Ocidental. A Alemanha continua a ser o mercado-alvo mais favorecido este ano, citado por 26% dos ocupantes com planos de expans\u00e3o, seguida pela Fran\u00e7a com 24%.<\/li><li>Possivelmente indicativo do interesse no re\/nearshoring, a Rep\u00fablica Checa foi citada como mercado-alvo por 10% dos operadores com planos de expans\u00e3o, quase o dobro da Pol\u00f3nia (5%).<\/li><li>Para quem procura novos espa\u00e7os de armaz\u00e9m nos pr\u00f3ximos tr\u00eas anos, 58% espera adquirir edif\u00edcios com uma \u00e1rea \u00fatil entre os 10.000 e os 39.999 m\u00b2. Os retalhistas s\u00e3o mais propensos do que os fabricantes ou os 3PL (third-party logistics) a gerar procura por armaz\u00e9ns de grandes dimens\u00f5es (mais de 40.000 m\u00b2) ou unidades urbanas mais pequenas (menos de 5.000 m\u00b2), o que reflete a evolu\u00e7\u00e3o cont\u00ednua do modelo omni canal.<\/li><\/ul><p>\u00a0<\/p><p>O mercado incerto e em evolu\u00e7\u00e3o est\u00e1 a gerar uma combina\u00e7\u00e3o diversificada de prioridades para as empresas \u2013 ESG e efici\u00eancia energ\u00e9tica em foco<\/p><ul><li>Quando questionados sobre o que poder\u00e1 ser \u201crevolucion\u00e1rio\u201d para o seu setor log\u00edstico, categorias relacionadas com as metas\/regulamentos ESG, requisitos de energia, rob\u00f3tica, automa\u00e7\u00e3o, tecnologia IA e a revolu\u00e7\u00e3o dos transportes foram classificadas como importantes ou muito importantes por mais de metade dos inquiridos.<\/li><li>O mais citado, \u201cMetas\/regulamentos ESG mais rigorosos\u201d (por 69% dos operadores), pode sugerir uma incerteza cont\u00ednua em torno do \u00e2mbito da futura regulamenta\u00e7\u00e3o da UE. Este valor sobe para 82% para as 3PL que, ao licitarem contratos, enfrentam uma press\u00e3o crescente dos clientes para garantir que as suas opera\u00e7\u00f5es cumprem padr\u00f5es ESG mais elevados.<\/li><li>As medidas de sustentabilidade\/ESG mais comuns implementadas pelos ocupantes nos \u00faltimos doze meses incluem iniciativas tang\u00edveis e mensur\u00e1veis, tais como medidas de efici\u00eancia energ\u00e9tica (44%), redu\u00e7\u00e3o\/reciclagem de res\u00edduos (36%) e energias renov\u00e1veis (28%). As energias renov\u00e1veis deixaram de ser a principal prioridade em 2023 e passaram a ocupar a terceira posi\u00e7\u00e3o este ano, o que se deve provavelmente \u00e0 diminui\u00e7\u00e3o dos custos energ\u00e9ticos.<\/li><\/ul><p>\u00a0<\/p><p>O avan\u00e7o da tecnologia levanta quest\u00f5es relativamente \u00e0 resili\u00eancia energ\u00e9tica<\/p><ul><li>68% dos ocupantes est\u00e3o cada vez mais conscientes da necessidade de obter um fornecimento de energia adequado no contexto dos recentes acontecimentos geopol\u00edticos, das infraestruturas existentes e do advento de tecnologias com utiliza\u00e7\u00e3o intensiva de energia, como a automa\u00e7\u00e3o e a IA.<\/li><li>Nos \u00faltimos 12 meses, 37% dos ocupantes investiram em rob\u00f3tica\/automatiza\u00e7\u00e3o de armaz\u00e9ns, 33% em an\u00e1lises preditivas\/otimiza\u00e7\u00e3o e 28% em ve\u00edculos el\u00e9tricos \u2013 os quais ir\u00e3o gerar um maior consumo de energia. A rob\u00f3tica\/automatiza\u00e7\u00e3o de armaz\u00e9ns \u00e9 uma tend\u00eancia que continuar\u00e1 em vigor, com 43% a esperar investir nos pr\u00f3ximos dois anos.<\/li><li>Do ponto de vista do imobili\u00e1rio, estes fatores provavelmente continuar\u00e3o a apoiar a rota\u00e7\u00e3o para espa\u00e7os modernos e de maior qualidade, com as especifica\u00e7\u00f5es necess\u00e1rias para facilitar as opera\u00e7\u00f5es baseadas na tecnologia, desde que estes edif\u00edcios tenham disponibilidade de energia adequada.<\/li><\/ul><p>\u00a0<\/p><p>A eletrifica\u00e7\u00e3o das frotas continua a ser um t\u00f3pico de interesse, mas os aspetos pr\u00e1ticos dever\u00e3o ser resolvidos<\/p><ul><li>29% dos ocupantes planeiam reduzir a utiliza\u00e7\u00e3o de transportes intensivos em carbono nos pr\u00f3ximos tr\u00eas anos (a prioridade n\u00famero 1 citada quando se trata da evolu\u00e7\u00e3o da cadeia de abastecimento nos pr\u00f3ximos tr\u00eas anos), mas a incerteza permanece no que \u00e0 aloca\u00e7\u00e3o do investimento diz respeito: 23% dos inquiridos realizaram progressos na instala\u00e7\u00e3o de pontos de carregamento de ve\u00edculos el\u00e9tricos para uso privado nos \u00faltimos 12 meses, mas apenas 13% instalaram pontos de carregamento de ve\u00edculos el\u00e9tricos para ve\u00edculos el\u00e9tricos HGV\/LGV (ve\u00edculos pesados) durante esse per\u00edodo.<\/li><li>Tais fatores refletem a incerteza sobre as muitas vari\u00e1veis em jogo quando se trata de transportes. Estas incluem solu\u00e7\u00f5es de combust\u00edvel, capacidade futura das redes el\u00e9tricas, disponibilidade local de energia e at\u00e9 a quest\u00e3o de saber se o carregamento privado \u00e9, em \u00faltima an\u00e1lise, a melhor solu\u00e7\u00e3o para as frotas log\u00edsticas.<\/li><\/ul><p>\u00a0<\/p><p>Re\/nearshoring no horizonte<\/p><ul><li>25% dos ocupantes afirmaram que tinham reduzido (relocalizado) a sua cadeia de abastecimento para mitigar o risco de perturba\u00e7\u00f5es nos \u00faltimos tr\u00eas anos.<\/li><li>Diversificar a base de fornecedores e flexibilizar as rotas continua na agenda, com 27% e 17%, respetivamente, a afirmar que o far\u00e3o nos pr\u00f3ximos tr\u00eas anos.<\/li><li>O reshoring ser\u00e1, provavelmente, um impulsionador para o mercado nos pr\u00f3ximos anos: 45% dos inquiridos v\u00ea esta solu\u00e7\u00e3o no horizonte, reconhecendo o seu potencial \u201crevolucion\u00e1rio\u201d para os ativos log\u00edsticos.<\/li><\/ul><p>\u00a0<\/p><p>O bem-estar dos colaboradores em foco<\/p><ul><li>74% dos ocupantes afirma que o bem-estar dos colaboradores desempenha um papel importante na sua estrat\u00e9gia.<\/li><li>Destes, 20-30% classificaram a disponibilidade de transportes p\u00fablicos, espa\u00e7o p\u00fablico e ilumina\u00e7\u00e3o natural como prioridades n\u00famero 1 ou n\u00famero 2 para o bem-estar dos colaboradores. No entanto, sem surpresa, as cantinas (60%), os chuveiros e os cacifos (43%) continuaram a ser os mais populares.<\/li><\/ul><h6><strong>Fonte: 4\u00ba European Real Estate Logistics Census<\/strong><\/h6>\t\t\t\t\t\t\t\t<\/div>\n\t\t\t\t<\/div>\n\t\t\t\t<div class=\"elementor-element elementor-element-bf4d5ca elementor-widget elementor-widget-button\" data-id=\"bf4d5ca\" data-element_type=\"widget\" data-widget_type=\"button.default\">\n\t\t\t\t<div class=\"elementor-widget-container\">\n\t\t\t\t\t\t\t\t\t<div class=\"elementor-button-wrapper\">\n\t\t\t\t\t<a class=\"elementor-button elementor-button-link elementor-size-md\" href=\"http:\/\/logisticamoderna.com\/european-real-estate-logistics-census-indica-aumento-da-procura-por-imoveis-logisticos-nos-proximos-anos\/\">\n\t\t\t\t\t\t<span class=\"elementor-button-content-wrapper\">\n\t\t\t\t\t\t\t\t\t<span class=\"elementor-button-text\">Leia a not\u00edcia completa<\/span>\n\t\t\t\t\t<\/span>\n\t\t\t\t\t<\/a>\n\t\t\t\t<\/div>\n\t\t\t\t\t\t\t\t<\/div>\n\t\t\t\t<\/div>\n\t\t\t\t\t<\/div>\n\t\t<\/div>\n\t\t\t\t<div class=\"elementor-column elementor-col-50 elementor-top-column elementor-element elementor-element-19dc3572\" data-id=\"19dc3572\" data-element_type=\"column\">\n\t\t\t<div class=\"elementor-widget-wrap elementor-element-populated\">\n\t\t\t\t\t\t<div class=\"elementor-element elementor-element-404ac641 elementor-grid-1 elementor-posts--thumbnail-none elementor-grid-tablet-1 elementor-grid-mobile-1 elementor-widget elementor-widget-posts\" data-id=\"404ac641\" data-element_type=\"widget\" data-settings=\"{&quot;classic_columns&quot;:&quot;1&quot;,&quot;classic_row_gap&quot;:{&quot;unit&quot;:&quot;px&quot;,&quot;size&quot;:&quot;23&quot;,&quot;sizes&quot;:[]},&quot;classic_columns_tablet&quot;:&quot;1&quot;,&quot;_animation&quot;:&quot;none&quot;,&quot;classic_columns_mobile&quot;:&quot;1&quot;,&quot;classic_row_gap_tablet&quot;:{&quot;unit&quot;:&quot;px&quot;,&quot;size&quot;:&quot;&quot;,&quot;sizes&quot;:[]},&quot;classic_row_gap_mobile&quot;:{&quot;unit&quot;:&quot;px&quot;,&quot;size&quot;:&quot;&quot;,&quot;sizes&quot;:[]}}\" data-widget_type=\"posts.classic\">\n\t\t\t\t<div class=\"elementor-widget-container\">\n\t\t\t\t\t\t\t<div class=\"elementor-posts-container elementor-posts elementor-posts--skin-classic elementor-grid\" role=\"list\">\n\t\t\t\t<article class=\"elementor-post elementor-grid-item post-184444 post type-post status-publish format-standard has-post-thumbnail hentry category-notas-de-imprensa tag-abril tag-balanco-feira tag-congresso tag-easyfairs tag-embalagem tag-feira tag-logistica tag-nota-de-imprensa tag-portugal\" role=\"listitem\">\n\t\t\t\t<div class=\"elementor-post__text\">\n\t\t\t\t<h3 class=\"elementor-post__title\">\n\t\t\t<a href=\"https:\/\/www.empacklogisticsautomationporto.com\/pt-pt\/2026\/04\/28\/empack-e-logistics-automation-porto-avanca-para-2027-com-64-do-espaco-ja-reservado\/\" >\n\t\t\t\tEmpack e Logistics &#038; Automation Porto avan\u00e7a para 2027 com 64% do espa\u00e7o j\u00e1 reservado\t\t\t<\/a>\n\t\t<\/h3>\n\t\t\t\t<div class=\"elementor-post__excerpt\">\n\t\t\t<p>Empack e Logistics &amp; Automation Porto avan\u00e7a para 2027 com 64% do espa\u00e7o j\u00e1 reservado D\u00e9cima edi\u00e7\u00e3o da feira profissional representativa dos setores log\u00edstico e<\/p>\n\t\t<\/div>\n\t\t\n\t\t<a class=\"elementor-post__read-more\" href=\"https:\/\/www.empacklogisticsautomationporto.com\/pt-pt\/2026\/04\/28\/empack-e-logistics-automation-porto-avanca-para-2027-com-64-do-espaco-ja-reservado\/\" aria-label=\"Read more about Empack e Logistics &#038; Automation Porto avan\u00e7a para 2027 com 64% do espa\u00e7o j\u00e1 reservado\" tabindex=\"-1\" >\n\t\t\tRead More \u00bb\t\t<\/a>\n\n\t\t\t\t<\/div>\n\t\t\t\t<\/article>\n\t\t\t\t<article class=\"elementor-post elementor-grid-item post-183874 post type-post status-publish format-standard has-post-thumbnail hentry category-blog tag-automacao tag-bruxelas tag-embalagens tag-empack tag-logistica tag-manutencao tag-noticias tag-portugal\" role=\"listitem\">\n\t\t\t\t<div class=\"elementor-post__text\">\n\t\t\t\t<h3 class=\"elementor-post__title\">\n\t\t\t<a href=\"https:\/\/www.empacklogisticsautomationporto.com\/pt-pt\/2026\/04\/01\/bruxelas-clarifica-novas-regras-de-embalagens-para-acelerar-transicao-sustentavel-na-uniao-europeia\/\" >\n\t\t\t\tBruxelas clarifica novas regras de embalagens para acelerar transi\u00e7\u00e3o sustent\u00e1vel na Uni\u00e3o Europeia\t\t\t<\/a>\n\t\t<\/h3>\n\t\t\t\t<div class=\"elementor-post__excerpt\">\n\t\t\t<p>Bruxelas clarifica novas regras de embalagens para acelerar transi\u00e7\u00e3o sustent\u00e1vel na Uni\u00e3o Europeia Comiss\u00e3o Europeia publica orienta\u00e7\u00f5es para aplicar regulamento das embalagens, reduzir res\u00edduos e<\/p>\n\t\t<\/div>\n\t\t\n\t\t<a class=\"elementor-post__read-more\" href=\"https:\/\/www.empacklogisticsautomationporto.com\/pt-pt\/2026\/04\/01\/bruxelas-clarifica-novas-regras-de-embalagens-para-acelerar-transicao-sustentavel-na-uniao-europeia\/\" aria-label=\"Read more about Bruxelas clarifica novas regras de embalagens para acelerar transi\u00e7\u00e3o sustent\u00e1vel na Uni\u00e3o Europeia\" tabindex=\"-1\" >\n\t\t\tRead More \u00bb\t\t<\/a>\n\n\t\t\t\t<\/div>\n\t\t\t\t<\/article>\n\t\t\t\t<article class=\"elementor-post elementor-grid-item post-183860 post type-post status-publish format-standard has-post-thumbnail hentry category-blog tag-automacao tag-empack tag-logistica tag-manutencao tag-noticias tag-portugal tag-sustentabilidade\" role=\"listitem\">\n\t\t\t\t<div class=\"elementor-post__text\">\n\t\t\t\t<h3 class=\"elementor-post__title\">\n\t\t\t<a href=\"https:\/\/www.empacklogisticsautomationporto.com\/pt-pt\/2026\/04\/01\/dossier-sustentabilidade-e-manutencao\/\" >\n\t\t\t\tDossier sustentabilidade e manuten\u00e7\u00e3o\t\t\t<\/a>\n\t\t<\/h3>\n\t\t\t\t<div class=\"elementor-post__excerpt\">\n\t\t\t<p>Dossier sustentabilidade e manuten\u00e7\u00e3o O presente dossier chama a aten\u00e7\u00e3o para uma nova via para a manuten\u00e7\u00e3o: a liga\u00e7\u00e3o entre a manuten\u00e7\u00e3o e a sustentabilidade.<\/p>\n\t\t<\/div>\n\t\t\n\t\t<a class=\"elementor-post__read-more\" href=\"https:\/\/www.empacklogisticsautomationporto.com\/pt-pt\/2026\/04\/01\/dossier-sustentabilidade-e-manutencao\/\" aria-label=\"Read more about Dossier sustentabilidade e manuten\u00e7\u00e3o\" tabindex=\"-1\" >\n\t\t\tRead More \u00bb\t\t<\/a>\n\n\t\t\t\t<\/div>\n\t\t\t\t<\/article>\n\t\t\t\t<article class=\"elementor-post elementor-grid-item post-183838 post type-post status-publish format-standard has-post-thumbnail hentry category-blog tag-decima-edicao tag-domino tag-historias-que-inspiram tag-marque-tdi\" role=\"listitem\">\n\t\t\t\t<div class=\"elementor-post__text\">\n\t\t\t\t<h3 class=\"elementor-post__title\">\n\t\t\t<a href=\"https:\/\/www.empacklogisticsautomationporto.com\/pt-pt\/2026\/04\/01\/historias-que-inspiram-domino\/\" >\n\t\t\t\tHist\u00f3rias que Inspiram &#8211; DOMINO\t\t\t<\/a>\n\t\t<\/h3>\n\t\t\t\t<div class=\"elementor-post__excerpt\">\n\t\t\t<p>Hist\u00f3rias que Inspiram 10 anos de Empack e Logistics &amp; Automation Porto Hist\u00f3rias que Inspiram nasce para celebrar os expositores que estiveram connosco desde o<\/p>\n\t\t<\/div>\n\t\t\n\t\t<a class=\"elementor-post__read-more\" href=\"https:\/\/www.empacklogisticsautomationporto.com\/pt-pt\/2026\/04\/01\/historias-que-inspiram-domino\/\" aria-label=\"Read more about Hist\u00f3rias que Inspiram &#8211; DOMINO\" tabindex=\"-1\" >\n\t\t\tRead More \u00bb\t\t<\/a>\n\n\t\t\t\t<\/div>\n\t\t\t\t<\/article>\n\t\t\t\t<\/div>\n\t\t\n\t\t\t\t\t\t<\/div>\n\t\t\t\t<\/div>\n\t\t\t\t<div class=\"elementor-element elementor-element-1f3f2b92 elementor-widget-divider--view-line elementor-widget elementor-widget-divider\" data-id=\"1f3f2b92\" data-element_type=\"widget\" data-widget_type=\"divider.default\">\n\t\t\t\t<div class=\"elementor-widget-container\">\n\t\t\t\t\t\t\t<div class=\"elementor-divider\">\n\t\t\t<span class=\"elementor-divider-separator\">\n\t\t\t\t\t\t<\/span>\n\t\t<\/div>\n\t\t\t\t\t\t<\/div>\n\t\t\t\t<\/div>\n\t\t\t\t\t<\/div>\n\t\t<\/div>\n\t\t\t\t\t<\/div>\n\t\t<\/section>\n\t\t\t\t<\/div>\n\t\t","protected":false},"excerpt":{"rendered":"<p>European Real Estate Logistics Census indica aumento da procura por im\u00f3veis log\u00edsticos nos pr\u00f3ximos anos O quarto European Real Estate Logistics Census foi realizado durante o ver\u00e3o de 2024 pelos analistas de mercado da cadeia de abastecimento Analytiqa em nome da Tritax EuroBox plc, um investidor em log\u00edstica imobili\u00e1ria na europa, e pela Savills, consultora [&hellip;]<\/p>\n","protected":false},"author":1256,"featured_media":120542,"comment_status":"closed","ping_status":"closed","sticky":false,"template":"","format":"standard","meta":{"_seopress_robots_primary_cat":"none","_seopress_titles_title":"Not\u00edcias | Empack e Logistics &amp; Automation Porto","_seopress_titles_desc":"Veja as not\u00edcias dos sectores de embalagem e log\u00edstica em Portugal.","_seopress_robots_index":"","footnotes":""},"categories":[392],"tags":[1624,1625,671],"edition":[],"class_list":["post-120536","post","type-post","status-publish","format-standard","has-post-thumbnail","hentry","category-blog","tag-european-real-estate-logistics-census","tag-logistica","tag-portugal"],"_links":{"self":[{"href":"https:\/\/www.empacklogisticsautomationporto.com\/pt-pt\/wp-json\/wp\/v2\/posts\/120536","targetHints":{"allow":["GET"]}}],"collection":[{"href":"https:\/\/www.empacklogisticsautomationporto.com\/pt-pt\/wp-json\/wp\/v2\/posts"}],"about":[{"href":"https:\/\/www.empacklogisticsautomationporto.com\/pt-pt\/wp-json\/wp\/v2\/types\/post"}],"author":[{"embeddable":true,"href":"https:\/\/www.empacklogisticsautomationporto.com\/pt-pt\/wp-json\/wp\/v2\/users\/1256"}],"replies":[{"embeddable":true,"href":"https:\/\/www.empacklogisticsautomationporto.com\/pt-pt\/wp-json\/wp\/v2\/comments?post=120536"}],"version-history":[{"count":5,"href":"https:\/\/www.empacklogisticsautomationporto.com\/pt-pt\/wp-json\/wp\/v2\/posts\/120536\/revisions"}],"predecessor-version":[{"id":120549,"href":"https:\/\/www.empacklogisticsautomationporto.com\/pt-pt\/wp-json\/wp\/v2\/posts\/120536\/revisions\/120549"}],"wp:featuredmedia":[{"embeddable":true,"href":"https:\/\/www.empacklogisticsautomationporto.com\/pt-pt\/wp-json\/wp\/v2\/media\/120542"}],"wp:attachment":[{"href":"https:\/\/www.empacklogisticsautomationporto.com\/pt-pt\/wp-json\/wp\/v2\/media?parent=120536"}],"wp:term":[{"taxonomy":"category","embeddable":true,"href":"https:\/\/www.empacklogisticsautomationporto.com\/pt-pt\/wp-json\/wp\/v2\/categories?post=120536"},{"taxonomy":"post_tag","embeddable":true,"href":"https:\/\/www.empacklogisticsautomationporto.com\/pt-pt\/wp-json\/wp\/v2\/tags?post=120536"},{"taxonomy":"edition","embeddable":true,"href":"https:\/\/www.empacklogisticsautomationporto.com\/pt-pt\/wp-json\/wp\/v2\/edition?post=120536"}],"curies":[{"name":"wp","href":"https:\/\/api.w.org\/{rel}","templated":true}]}}