{"id":120550,"date":"2024-09-30T09:18:22","date_gmt":"2024-09-30T08:18:22","guid":{"rendered":"https:\/\/www.empacklogisticsautomationporto.com\/?p=120550"},"modified":"2024-09-30T09:29:39","modified_gmt":"2024-09-30T08:29:39","slug":"a-impressao-digital-e-a-experiencia-de-unboxing","status":"publish","type":"post","link":"https:\/\/www.empacklogisticsautomationporto.com\/pt-pt\/2024\/09\/30\/a-impressao-digital-e-a-experiencia-de-unboxing\/","title":{"rendered":"A impress\u00e3o digital e a experi\u00eancia de unboxing"},"content":{"rendered":"\t\t<div data-elementor-type=\"wp-post\" data-elementor-id=\"120550\" class=\"elementor elementor-120550\" data-elementor-post-type=\"post\">\n\t\t\t\t\t\t<section class=\"elementor-section elementor-top-section elementor-element elementor-element-6c4d399f elementor-section-full_width elementor-section-height-default elementor-section-height-default\" data-id=\"6c4d399f\" data-element_type=\"section\">\n\t\t\t\t\t\t<div class=\"elementor-container elementor-column-gap-default\">\n\t\t\t\t\t<div class=\"elementor-column elementor-col-50 elementor-top-column elementor-element elementor-element-7e8189c8\" data-id=\"7e8189c8\" data-element_type=\"column\">\n\t\t\t<div class=\"elementor-widget-wrap elementor-element-populated\">\n\t\t\t\t\t\t<div class=\"elementor-element elementor-element-5385dc8d elementor-invisible elementor-widget elementor-widget-heading\" data-id=\"5385dc8d\" data-element_type=\"widget\" data-settings=\"{&quot;_animation&quot;:&quot;fadeIn&quot;}\" data-widget_type=\"heading.default\">\n\t\t\t\t<div class=\"elementor-widget-container\">\n\t\t\t\t\t<h1 class=\"elementor-heading-title elementor-size-default\">A impress\u00e3o digital e a experi\u00eancia de unboxing<\/h1>\t\t\t\t<\/div>\n\t\t\t\t<\/div>\n\t\t\t\t<div class=\"elementor-element elementor-element-0fcab1a elementor-widget elementor-widget-image\" data-id=\"0fcab1a\" data-element_type=\"widget\" data-widget_type=\"image.default\">\n\t\t\t\t<div class=\"elementor-widget-container\">\n\t\t\t\t\t\t\t\t\t\t\t\t\t\t\t<img fetchpriority=\"high\" decoding=\"async\" width=\"400\" height=\"250\" src=\"https:\/\/easyfairsassets.com\/sites\/68\/2024\/09\/30.09-packaging.png\" class=\"attachment-medium_large size-medium_large wp-image-120556\" alt=\"packaging noticia unboxing\" srcset=\"https:\/\/easyfairsassets.com\/sites\/68\/2024\/09\/30.09-packaging.png 400w, https:\/\/easyfairsassets.com\/sites\/68\/2024\/09\/30.09-packaging-300x188.png 300w\" sizes=\"(max-width: 400px) 100vw, 400px\" \/>\t\t\t\t\t\t\t\t\t\t\t\t\t\t\t<\/div>\n\t\t\t\t<\/div>\n\t\t\t\t<div class=\"elementor-element elementor-element-4eb7a90d elementor-widget-tablet__width-initial elementor-widget elementor-widget-text-editor\" data-id=\"4eb7a90d\" data-element_type=\"widget\" data-settings=\"{&quot;_animation&quot;:&quot;none&quot;}\" data-widget_type=\"text-editor.default\">\n\t\t\t\t<div class=\"elementor-widget-container\">\n\t\t\t\t\t\t\t\t\t<p>O mercado global da impress\u00e3o digital dever\u00e1 atingir 31,8 mil milh\u00f5es de euros em valor at\u00e9 2026, crescendo a uma taxa anual composta (CAGR) de 6,7% e representando quase um quarto do valor global do mercado de impress\u00e3o e embalagens impressas at\u00e9 2032.<\/p><p>Um dos principais fatores para este crescimento \u00e9 a crescente procura de personaliza\u00e7\u00e3o por parte dos consumidores e a prefer\u00eancia pela conveni\u00eancia das compras online, uma tend\u00eancia que as plataformas de com\u00e9rcio eletr\u00f3nico est\u00e3o preparadas para capitalizar. Desde 2019, o n\u00famero de compradores na plataforma global de com\u00e9rcio eletr\u00f3nico Etsy duplicou, passando de 45,7 para 92 milh\u00f5es de compradores ativos, e a plataforma registou um crescimento de 270% nos vendedores ativos desde 2017, o que indica que as pequenas empresas que vendem na plataforma est\u00e3o a prosperar.<\/p><p>Como \u00e9 que todos estes vendedores de com\u00e9rcio eletr\u00f3nico conseguem destacar-se da concorr\u00eancia? A resposta pode estar nas embalagens de com\u00e9rcio eletr\u00f3nico apelativas e com identifica\u00e7\u00e3o da marca, possibilitadas pela impress\u00e3o digital, conforme explica\u00a0<strong>Ben Ginesi,<\/strong>\u00a0Diretor de Vendas na Europa \u2013 Digital para Cart\u00e3o Canelado na Domino.<\/p><h3><strong>Unboxing: qual a import\u00e2ncia da embalagem?<\/strong><\/h3><p>Um recente inqu\u00e9rito da Mondi sobre as tend\u00eancias do com\u00e9rcio eletr\u00f3nico e as atitudes dos clientes em rela\u00e7\u00e3o \u00e0s embalagens na Europa demonstrou a import\u00e2ncia das embalagens no \u00e2mbito da experi\u00eancia de unboxing, sendo que quase dois ter\u00e7os (61%) dos consumidores tiveram em considera\u00e7\u00e3o a forma, o material, a apar\u00eancia e a personaliza\u00e7\u00e3o da embalagem. Por outro lado, mais de um ter\u00e7o dos consumidores (34%) reconsideraria futuras compras se achasse que a embalagem afetou negativamente a experi\u00eancia de compra.<\/p><p>A experi\u00eancia de unboxing tamb\u00e9m ocupa um lugar central num outro segmento do com\u00e9rcio eletr\u00f3nico preferido das gera\u00e7\u00f5es mais jovens: os servi\u00e7os de subscri\u00e7\u00e3o. Existe uma infinidade de servi\u00e7os de subscri\u00e7\u00e3o que fornecem entregas regulares de caixas de sele\u00e7\u00e3o com curadoria, e os utilizadores citam a satisfa\u00e7\u00e3o (44,4%) e a conveni\u00eancia (20,1%) como os principais fatores de decis\u00e3o na escolha da subscri\u00e7\u00e3o de produtos de retalho. A abordagem da subscri\u00e7\u00e3o permite-lhes experimentar produtos novos numa categoria que lhes agrade, sem terem de escolher entre um n\u00famero imenso de produtos dispon\u00edveis.<\/p><p>As caixas de subscri\u00e7\u00e3o e os cabazes pontuais, selecionados por especialistas e marcas de confian\u00e7a, est\u00e3o agora dispon\u00edveis em categorias para toda a fam\u00edlia: desde produtos de beleza a cerveja artesanal, passando por chocolate artesanal e trabalhos manuais criativos para crian\u00e7as. As caixas de produtos de beleza que cont\u00eam uma sele\u00e7\u00e3o de produtos de maquilhagem e de cuidados pessoais de tamanho normal e de amostra s\u00e3o particularmente desejadas, como ilustram os milh\u00f5es de v\u00eddeos de unboxing de produtos de beleza nas plataformas sociais. Tendo em conta o n\u00edvel de exposi\u00e7\u00e3o da embalagem e do conte\u00fado, a aposta em caixas com um design de embalagem distinto e memor\u00e1vel pode ser a chave para se destacar da concorr\u00eancia e chamar a aten\u00e7\u00e3o de potenciais subscritores.<\/p><h3><strong>Impress\u00e3o digital: um toque pessoal na experi\u00eancia de unboxing<\/strong><\/h3><p>Para a maioria dos pequenos vendedores de com\u00e9rcio eletr\u00f3nico, uma parceria com um fornecedor de embalagens que utilize m\u00e9todos de impress\u00e3o tradicionais provavelmente n\u00e3o ser\u00e1 vi\u00e1vel. Os volumes m\u00ednimos de encomenda s\u00e3o demasiado elevados e os vendedores necessitam de mais espa\u00e7o de armazenamento para um grande n\u00famero de caixas. No entanto, com a impress\u00e3o digital, o pequeno com\u00e9rcio eletr\u00f3nico e os seus clientes n\u00e3o precisam de perder a oportunidade de proporcionar experi\u00eancias de unboxing. O n\u00famero crescente de fornecedores de servi\u00e7os dedicados \u00e0 impress\u00e3o digital permite que empresas de todas as dimens\u00f5es possam encomendar tiragens pequenas de embalagens apelativas, ou mesmo personalizadas, que se adaptem aos produtos de com\u00e9rcio eletr\u00f3nico cuidadosamente selecionados.<\/p><p>A impress\u00e3o digital em embalagens contempla encomendas com quantidades m\u00ednimas reduzidas a um custo razo\u00e1vel, o que permite que as pequenas empresas desenvolvam uma marca comercial \u00fanica e melhorem a experi\u00eancia do consumidor com caixas que s\u00e3o t\u00e3o especiais como o pr\u00f3prio produto. Alguns vendedores acrescentam toques finais \u00e0s suas embalagens, nomeadamente etiquetas impressas digitalmente, o que pode constituir uma op\u00e7\u00e3o de baixo custo para criar embalagens para com\u00e9rcio eletr\u00f3nico com identifica\u00e7\u00e3o da marca. At\u00e9 as microempresas que operam fora da esfera do com\u00e9rcio eletr\u00f3nico e vendem os seus produtos em feiras de artesanato e mercados de agricultores podem usufruir da viabilidade e acessibilidade da impress\u00e3o digital para embalagens.<\/p><p>Al\u00e9m da personaliza\u00e7\u00e3o, a op\u00e7\u00e3o por embalagens impressas digitalmente e n\u00e3o gen\u00e9ricas tamb\u00e9m permite que as marcas obtenham outros benef\u00edcios, por exemplo, incluir c\u00f3digos QR como parte do design da embalagem, uma medida que pode ajudar as marcas a conduzir o tr\u00e1fego para o website, refor\u00e7ando o envolvimento do consumidor e a repeti\u00e7\u00e3o de compras diretas sem as elevadas taxas de venda presentes em muitas plataformas de com\u00e9rcio eletr\u00f3nico. Avan\u00e7ando um pouco mais, a inclus\u00e3o de c\u00f3digos QR de dados vari\u00e1veis (uma op\u00e7\u00e3o poss\u00edvel apenas para embalagens impressas digitalmente ou com personaliza\u00e7\u00e3o final) pode permitir o envolvimento personalizado com o consumidor, alimentando essas rela\u00e7\u00f5es importantes e funcionando como ponto de partida para garantir futuras listagens de retalho noutras plataformas.<\/p><h3><strong>Embalagens para com\u00e9rcio eletr\u00f3nico com identifica\u00e7\u00e3o da marca: uma oportunidade para os conversores<\/strong><\/h3><p>Os conversores que procuram responder \u00e0 crescente procura de embalagens para o com\u00e9rcio eletr\u00f3nico com identifica\u00e7\u00e3o da marca devem associar-se a um fornecedor de impress\u00e3o digital de confian\u00e7a que possa auxiliar na otimiza\u00e7\u00e3o do seu investimento. A impress\u00e3o digital \u00e9 uma excelente op\u00e7\u00e3o no caso das embalagens para com\u00e9rcio eletr\u00f3nico com identifica\u00e7\u00e3o da marca. Al\u00e9m disso, \u00e9 cada vez mais utilizada como uma op\u00e7\u00e3o rent\u00e1vel para a produ\u00e7\u00e3o de tiragens pequenas e m\u00e9dias de embalagens de design vari\u00e1vel, nomeadamente embalagens promocionais, sazonais e de edi\u00e7\u00e3o limitada para venda a retalho. A inclus\u00e3o de dados vari\u00e1veis, como vers\u00f5es de idioma regional ou c\u00f3digos QR serializados, \u00e9 uma aplica\u00e7\u00e3o fundamental da impress\u00e3o digital de embalagens e oferece aos conversores a oportunidade de interagirem com grandes marcas que, da mesma forma, desejam tirar partido da tend\u00eancia de consumo hiperdirecionado e personalizado.<\/p><p>O crescimento esperado nos pr\u00f3ximos anos para os mercados do com\u00e9rcio eletr\u00f3nico e das embalagens personalizadas leva-nos a avaliar em que medida a impress\u00e3o digital pode contribuir para que os fornecedores proporcionem a melhor experi\u00eancia de unboxing.<\/p>\t\t\t\t\t\t\t\t<\/div>\n\t\t\t\t<\/div>\n\t\t\t\t<div class=\"elementor-element elementor-element-bf4d5ca elementor-widget elementor-widget-button\" data-id=\"bf4d5ca\" data-element_type=\"widget\" data-widget_type=\"button.default\">\n\t\t\t\t<div class=\"elementor-widget-container\">\n\t\t\t\t\t\t\t\t\t<div class=\"elementor-button-wrapper\">\n\t\t\t\t\t<a class=\"elementor-button elementor-button-link elementor-size-md\" href=\"http:\/\/revistapackaging.pt\/index.php\/especiais\/40-specialcasestudies\/2078-a-impressao-digital-e-a-experiencia-de-unboxing\">\n\t\t\t\t\t\t<span class=\"elementor-button-content-wrapper\">\n\t\t\t\t\t\t\t\t\t<span class=\"elementor-button-text\">Leia a not\u00edcia completa<\/span>\n\t\t\t\t\t<\/span>\n\t\t\t\t\t<\/a>\n\t\t\t\t<\/div>\n\t\t\t\t\t\t\t\t<\/div>\n\t\t\t\t<\/div>\n\t\t\t\t\t<\/div>\n\t\t<\/div>\n\t\t\t\t<div class=\"elementor-column elementor-col-50 elementor-top-column elementor-element elementor-element-19dc3572\" data-id=\"19dc3572\" data-element_type=\"column\">\n\t\t\t<div class=\"elementor-widget-wrap elementor-element-populated\">\n\t\t\t\t\t\t<div class=\"elementor-element elementor-element-404ac641 elementor-grid-1 elementor-posts--thumbnail-none elementor-grid-tablet-1 elementor-grid-mobile-1 elementor-widget elementor-widget-posts\" data-id=\"404ac641\" data-element_type=\"widget\" data-settings=\"{&quot;classic_columns&quot;:&quot;1&quot;,&quot;classic_row_gap&quot;:{&quot;unit&quot;:&quot;px&quot;,&quot;size&quot;:&quot;23&quot;,&quot;sizes&quot;:[]},&quot;classic_columns_tablet&quot;:&quot;1&quot;,&quot;_animation&quot;:&quot;none&quot;,&quot;classic_columns_mobile&quot;:&quot;1&quot;,&quot;classic_row_gap_tablet&quot;:{&quot;unit&quot;:&quot;px&quot;,&quot;size&quot;:&quot;&quot;,&quot;sizes&quot;:[]},&quot;classic_row_gap_mobile&quot;:{&quot;unit&quot;:&quot;px&quot;,&quot;size&quot;:&quot;&quot;,&quot;sizes&quot;:[]}}\" data-widget_type=\"posts.classic\">\n\t\t\t\t<div class=\"elementor-widget-container\">\n\t\t\t\t\t\t\t<div class=\"elementor-posts-container elementor-posts elementor-posts--skin-classic elementor-grid\" role=\"list\">\n\t\t\t\t<article class=\"elementor-post elementor-grid-item post-184444 post type-post status-publish format-standard has-post-thumbnail hentry category-notas-de-imprensa tag-abril tag-balanco-feira tag-congresso tag-easyfairs tag-embalagem tag-feira tag-logistica tag-nota-de-imprensa tag-portugal\" role=\"listitem\">\n\t\t\t\t<div class=\"elementor-post__text\">\n\t\t\t\t<h3 class=\"elementor-post__title\">\n\t\t\t<a href=\"https:\/\/www.empacklogisticsautomationporto.com\/pt-pt\/2026\/04\/28\/empack-e-logistics-automation-porto-avanca-para-2027-com-64-do-espaco-ja-reservado\/\" >\n\t\t\t\tEmpack e Logistics &#038; Automation Porto avan\u00e7a para 2027 com 64% do espa\u00e7o j\u00e1 reservado\t\t\t<\/a>\n\t\t<\/h3>\n\t\t\t\t<div class=\"elementor-post__excerpt\">\n\t\t\t<p>Empack e Logistics &amp; Automation Porto avan\u00e7a para 2027 com 64% do espa\u00e7o j\u00e1 reservado D\u00e9cima edi\u00e7\u00e3o da feira profissional representativa dos setores log\u00edstico e<\/p>\n\t\t<\/div>\n\t\t\n\t\t<a class=\"elementor-post__read-more\" href=\"https:\/\/www.empacklogisticsautomationporto.com\/pt-pt\/2026\/04\/28\/empack-e-logistics-automation-porto-avanca-para-2027-com-64-do-espaco-ja-reservado\/\" aria-label=\"Read more about Empack e Logistics &#038; Automation Porto avan\u00e7a para 2027 com 64% do espa\u00e7o j\u00e1 reservado\" tabindex=\"-1\" >\n\t\t\tRead More \u00bb\t\t<\/a>\n\n\t\t\t\t<\/div>\n\t\t\t\t<\/article>\n\t\t\t\t<article class=\"elementor-post elementor-grid-item post-183874 post type-post status-publish format-standard has-post-thumbnail hentry category-blog tag-automacao tag-bruxelas tag-embalagens tag-empack tag-logistica tag-manutencao tag-noticias tag-portugal\" role=\"listitem\">\n\t\t\t\t<div class=\"elementor-post__text\">\n\t\t\t\t<h3 class=\"elementor-post__title\">\n\t\t\t<a href=\"https:\/\/www.empacklogisticsautomationporto.com\/pt-pt\/2026\/04\/01\/bruxelas-clarifica-novas-regras-de-embalagens-para-acelerar-transicao-sustentavel-na-uniao-europeia\/\" >\n\t\t\t\tBruxelas clarifica novas regras de embalagens para acelerar transi\u00e7\u00e3o sustent\u00e1vel na Uni\u00e3o Europeia\t\t\t<\/a>\n\t\t<\/h3>\n\t\t\t\t<div class=\"elementor-post__excerpt\">\n\t\t\t<p>Bruxelas clarifica novas regras de embalagens para acelerar transi\u00e7\u00e3o sustent\u00e1vel na Uni\u00e3o Europeia Comiss\u00e3o Europeia publica orienta\u00e7\u00f5es para aplicar regulamento das embalagens, reduzir res\u00edduos e<\/p>\n\t\t<\/div>\n\t\t\n\t\t<a class=\"elementor-post__read-more\" href=\"https:\/\/www.empacklogisticsautomationporto.com\/pt-pt\/2026\/04\/01\/bruxelas-clarifica-novas-regras-de-embalagens-para-acelerar-transicao-sustentavel-na-uniao-europeia\/\" aria-label=\"Read more about Bruxelas clarifica novas regras de embalagens para acelerar transi\u00e7\u00e3o sustent\u00e1vel na Uni\u00e3o Europeia\" tabindex=\"-1\" >\n\t\t\tRead More \u00bb\t\t<\/a>\n\n\t\t\t\t<\/div>\n\t\t\t\t<\/article>\n\t\t\t\t<article class=\"elementor-post elementor-grid-item post-183860 post type-post status-publish format-standard has-post-thumbnail hentry category-blog tag-automacao tag-empack tag-logistica tag-manutencao tag-noticias tag-portugal tag-sustentabilidade\" role=\"listitem\">\n\t\t\t\t<div class=\"elementor-post__text\">\n\t\t\t\t<h3 class=\"elementor-post__title\">\n\t\t\t<a href=\"https:\/\/www.empacklogisticsautomationporto.com\/pt-pt\/2026\/04\/01\/dossier-sustentabilidade-e-manutencao\/\" >\n\t\t\t\tDossier sustentabilidade e manuten\u00e7\u00e3o\t\t\t<\/a>\n\t\t<\/h3>\n\t\t\t\t<div class=\"elementor-post__excerpt\">\n\t\t\t<p>Dossier sustentabilidade e manuten\u00e7\u00e3o O presente dossier chama a aten\u00e7\u00e3o para uma nova via para a manuten\u00e7\u00e3o: a liga\u00e7\u00e3o entre a manuten\u00e7\u00e3o e a sustentabilidade.<\/p>\n\t\t<\/div>\n\t\t\n\t\t<a class=\"elementor-post__read-more\" href=\"https:\/\/www.empacklogisticsautomationporto.com\/pt-pt\/2026\/04\/01\/dossier-sustentabilidade-e-manutencao\/\" aria-label=\"Read more about Dossier sustentabilidade e manuten\u00e7\u00e3o\" tabindex=\"-1\" >\n\t\t\tRead More \u00bb\t\t<\/a>\n\n\t\t\t\t<\/div>\n\t\t\t\t<\/article>\n\t\t\t\t<article class=\"elementor-post elementor-grid-item post-183838 post type-post status-publish format-standard has-post-thumbnail hentry category-blog tag-decima-edicao tag-domino tag-historias-que-inspiram tag-marque-tdi\" role=\"listitem\">\n\t\t\t\t<div class=\"elementor-post__text\">\n\t\t\t\t<h3 class=\"elementor-post__title\">\n\t\t\t<a href=\"https:\/\/www.empacklogisticsautomationporto.com\/pt-pt\/2026\/04\/01\/historias-que-inspiram-domino\/\" >\n\t\t\t\tHist\u00f3rias que Inspiram &#8211; DOMINO\t\t\t<\/a>\n\t\t<\/h3>\n\t\t\t\t<div class=\"elementor-post__excerpt\">\n\t\t\t<p>Hist\u00f3rias que Inspiram 10 anos de Empack e Logistics &amp; Automation Porto Hist\u00f3rias que Inspiram nasce para celebrar os expositores que estiveram connosco desde o<\/p>\n\t\t<\/div>\n\t\t\n\t\t<a class=\"elementor-post__read-more\" href=\"https:\/\/www.empacklogisticsautomationporto.com\/pt-pt\/2026\/04\/01\/historias-que-inspiram-domino\/\" aria-label=\"Read more about Hist\u00f3rias que Inspiram &#8211; DOMINO\" tabindex=\"-1\" >\n\t\t\tRead More \u00bb\t\t<\/a>\n\n\t\t\t\t<\/div>\n\t\t\t\t<\/article>\n\t\t\t\t<\/div>\n\t\t\n\t\t\t\t\t\t<\/div>\n\t\t\t\t<\/div>\n\t\t\t\t<div class=\"elementor-element elementor-element-1f3f2b92 elementor-widget-divider--view-line elementor-widget elementor-widget-divider\" data-id=\"1f3f2b92\" data-element_type=\"widget\" data-widget_type=\"divider.default\">\n\t\t\t\t<div class=\"elementor-widget-container\">\n\t\t\t\t\t\t\t<div class=\"elementor-divider\">\n\t\t\t<span class=\"elementor-divider-separator\">\n\t\t\t\t\t\t<\/span>\n\t\t<\/div>\n\t\t\t\t\t\t<\/div>\n\t\t\t\t<\/div>\n\t\t\t\t\t<\/div>\n\t\t<\/div>\n\t\t\t\t\t<\/div>\n\t\t<\/section>\n\t\t\t\t<\/div>\n\t\t","protected":false},"excerpt":{"rendered":"<p>A impress\u00e3o digital e a experi\u00eancia de unboxing O mercado global da impress\u00e3o digital dever\u00e1 atingir 31,8 mil milh\u00f5es de euros em valor at\u00e9 2026, crescendo a uma taxa anual composta (CAGR) de 6,7% e representando quase um quarto do valor global do mercado de impress\u00e3o e embalagens impressas at\u00e9 2032. Um dos principais fatores [&hellip;]<\/p>\n","protected":false},"author":1256,"featured_media":120556,"comment_status":"closed","ping_status":"closed","sticky":false,"template":"","format":"standard","meta":{"_seopress_robots_primary_cat":"none","_seopress_titles_title":"Not\u00edcias | Empack e Logistics &amp; Automation Porto","_seopress_titles_desc":"Veja as not\u00edcias dos sectores de embalagem e log\u00edstica em Portugal.","_seopress_robots_index":"","footnotes":""},"categories":[392],"tags":[1627,790,671,1626],"edition":[],"class_list":["post-120550","post","type-post","status-publish","format-standard","has-post-thumbnail","hentry","category-blog","tag-impressao-digital","tag-packaging","tag-portugal","tag-unboxing"],"_links":{"self":[{"href":"https:\/\/www.empacklogisticsautomationporto.com\/pt-pt\/wp-json\/wp\/v2\/posts\/120550","targetHints":{"allow":["GET"]}}],"collection":[{"href":"https:\/\/www.empacklogisticsautomationporto.com\/pt-pt\/wp-json\/wp\/v2\/posts"}],"about":[{"href":"https:\/\/www.empacklogisticsautomationporto.com\/pt-pt\/wp-json\/wp\/v2\/types\/post"}],"author":[{"embeddable":true,"href":"https:\/\/www.empacklogisticsautomationporto.com\/pt-pt\/wp-json\/wp\/v2\/users\/1256"}],"replies":[{"embeddable":true,"href":"https:\/\/www.empacklogisticsautomationporto.com\/pt-pt\/wp-json\/wp\/v2\/comments?post=120550"}],"version-history":[{"count":5,"href":"https:\/\/www.empacklogisticsautomationporto.com\/pt-pt\/wp-json\/wp\/v2\/posts\/120550\/revisions"}],"predecessor-version":[{"id":120563,"href":"https:\/\/www.empacklogisticsautomationporto.com\/pt-pt\/wp-json\/wp\/v2\/posts\/120550\/revisions\/120563"}],"wp:featuredmedia":[{"embeddable":true,"href":"https:\/\/www.empacklogisticsautomationporto.com\/pt-pt\/wp-json\/wp\/v2\/media\/120556"}],"wp:attachment":[{"href":"https:\/\/www.empacklogisticsautomationporto.com\/pt-pt\/wp-json\/wp\/v2\/media?parent=120550"}],"wp:term":[{"taxonomy":"category","embeddable":true,"href":"https:\/\/www.empacklogisticsautomationporto.com\/pt-pt\/wp-json\/wp\/v2\/categories?post=120550"},{"taxonomy":"post_tag","embeddable":true,"href":"https:\/\/www.empacklogisticsautomationporto.com\/pt-pt\/wp-json\/wp\/v2\/tags?post=120550"},{"taxonomy":"edition","embeddable":true,"href":"https:\/\/www.empacklogisticsautomationporto.com\/pt-pt\/wp-json\/wp\/v2\/edition?post=120550"}],"curies":[{"name":"wp","href":"https:\/\/api.w.org\/{rel}","templated":true}]}}