{"id":121083,"date":"2024-11-05T13:09:07","date_gmt":"2024-11-05T13:09:07","guid":{"rendered":"https:\/\/www.empacklogisticsautomationporto.com\/?p=121083"},"modified":"2024-11-05T14:31:44","modified_gmt":"2024-11-05T14:31:44","slug":"um-cafe-com-felix-flores-marta-puyuelo-corporate-affairs-and-sustainability-director-na-pepsico","status":"publish","type":"post","link":"https:\/\/www.empacklogisticsautomationporto.com\/pt-pt\/2024\/11\/05\/um-cafe-com-felix-flores-marta-puyuelo-corporate-affairs-and-sustainability-director-na-pepsico\/","title":{"rendered":"Um caf\u00e9 com\u2026 Marta Puyuelo, Corporate Affairs and Sustainability Director na PepsiCo"},"content":{"rendered":"\t\t<div data-elementor-type=\"wp-post\" data-elementor-id=\"121083\" class=\"elementor elementor-121083\" data-elementor-post-type=\"post\">\n\t\t\t\t\t\t<section class=\"elementor-section elementor-top-section elementor-element elementor-element-6c4d399f elementor-section-full_width elementor-section-height-default elementor-section-height-default\" data-id=\"6c4d399f\" data-element_type=\"section\">\n\t\t\t\t\t\t<div class=\"elementor-container elementor-column-gap-default\">\n\t\t\t\t\t<div class=\"elementor-column elementor-col-50 elementor-top-column elementor-element elementor-element-7e8189c8\" data-id=\"7e8189c8\" data-element_type=\"column\">\n\t\t\t<div class=\"elementor-widget-wrap elementor-element-populated\">\n\t\t\t\t\t\t<div class=\"elementor-element elementor-element-5385dc8d elementor-invisible elementor-widget elementor-widget-heading\" data-id=\"5385dc8d\" data-element_type=\"widget\" data-settings=\"{&quot;_animation&quot;:&quot;fadeIn&quot;}\" data-widget_type=\"heading.default\">\n\t\t\t\t<div class=\"elementor-widget-container\">\n\t\t\t\t\t<h1 class=\"elementor-heading-title elementor-size-default\">Um caf\u00e9 com\u2026 Marta Puyuelo, Corporate Affairs and Sustainability Director en PepsiCo<\/h1>\t\t\t\t<\/div>\n\t\t\t\t<\/div>\n\t\t\t\t<div class=\"elementor-element elementor-element-25a2c1db elementor-widget elementor-widget-image\" data-id=\"25a2c1db\" data-element_type=\"widget\" data-widget_type=\"image.default\">\n\t\t\t\t<div class=\"elementor-widget-container\">\n\t\t\t\t\t\t\t\t\t\t\t\t<figure class=\"wp-caption\">\n\t\t\t\t\t\t\t\t\t\t<img fetchpriority=\"high\" decoding=\"async\" width=\"1250\" height=\"833\" src=\"https:\/\/easyfairsassets.com\/sites\/68\/2024\/11\/cafe-com.-Marta-Puyuela.png\" class=\"attachment-full size-full wp-image-121097\" alt=\"Marta Puyuela\" srcset=\"https:\/\/easyfairsassets.com\/sites\/68\/2024\/11\/cafe-com.-Marta-Puyuela.png 1250w, https:\/\/easyfairsassets.com\/sites\/68\/2024\/11\/cafe-com.-Marta-Puyuela-300x200.png 300w, https:\/\/easyfairsassets.com\/sites\/68\/2024\/11\/cafe-com.-Marta-Puyuela-1024x682.png 1024w, https:\/\/easyfairsassets.com\/sites\/68\/2024\/11\/cafe-com.-Marta-Puyuela-768x512.png 768w\" sizes=\"(max-width: 1250px) 100vw, 1250px\" \/>\t\t\t\t\t\t\t\t\t\t\t<figcaption class=\"widget-image-caption wp-caption-text\"><\/figcaption>\n\t\t\t\t\t\t\t\t\t\t<\/figure>\n\t\t\t\t\t\t\t\t\t<\/div>\n\t\t\t\t<\/div>\n\t\t\t\t<div class=\"elementor-element elementor-element-4eb7a90d elementor-widget elementor-widget-text-editor\" data-id=\"4eb7a90d\" data-element_type=\"widget\" data-settings=\"{&quot;_animation&quot;:&quot;none&quot;}\" data-widget_type=\"text-editor.default\">\n\t\t\t\t<div class=\"elementor-widget-container\">\n\t\t\t\t\t\t\t\t\t<p><strong>Empack e L&amp;A Porto<\/strong>: Marta, fale-nos um pouco do teu dia a dia na empresa e qual a tua fun\u00e7\u00e3o na PepsiCo.<\/p><p><strong>Marta Puyuelo:<\/strong> \u00c9 dif\u00edcil para mim resumir rapidamente o meu dia a dia porque todos os dias s\u00e3o diferentes, devido \u00e0 diversidade das \u00e1reas em que trabalho e \u00e0s diferentes categorias e canais em que operamos: snacks, refrigerantes e gazpachos.<br \/>Tenho a sorte de ser respons\u00e1vel pelos assuntos corporativos e pela agenda de sustentabilidade da PepsiCo Sudoeste da Europa e, juntamente com a minha equipa e muitos outros colegas da PepsiCo, trabalhamos para construir a reputa\u00e7\u00e3o da empresa, o envolvimento dos colaboradores e promover um ambiente regulamentar e medi\u00e1tico que apoie o nosso crescimento e tamb\u00e9m a nossa agenda de sustentabilidade \u201cPepsiCo Positive\u201d.<br \/>Coordeno a implementa\u00e7\u00e3o da estrat\u00e9gia de sustentabilidade para Espanha, Portugal e It\u00e1lia, que inclui objectivos ambiciosos na agricultura, \u00e1gua, emiss\u00f5es, embalagens e produtos. Obviamente, a sua implementa\u00e7\u00e3o e desenvolvimento n\u00e3o \u00e9 uma quest\u00e3o de um \u00fanico departamento, mas de muitas outras fun\u00e7\u00f5es com as quais trabalhamos em estreita colabora\u00e7\u00e3o, por exemplo, desde o departamento agr\u00edcola \u00e0s vendas, f\u00e1bricas, log\u00edstica, marketing, entre outros.<br \/>Em suma, estou a gostar muito e a aprender constantemente.<\/p><p><strong>Empack e L&amp;A Porto<\/strong>: Depois de anos de experi\u00eancia na ind\u00fastria alimentar, quais os projectos que foram mais desafiantes para si ou quais os que recorda em especial e porqu\u00ea?<\/p><p><strong>Marta Puyuelo:<\/strong> Estou envolvida na ind\u00fastria alimentar h\u00e1 30 anos, primeiro no mundo associativo, o que me permitiu ter uma vis\u00e3o de 360\u00ba dos diferentes sectores alimentares e aprender com muitas empresas agro-alimentares, e nos \u00faltimos 20 anos aqui na PepsiCo.<br \/>Durante todo este tempo, vivi a evolu\u00e7\u00e3o do sector e da agenda da sustentabilidade e, em particular, da sustentabilidade das embalagens. No mundo associativo, estivemos muito envolvidos na cria\u00e7\u00e3o do Ecoembes em 1996, em resposta \u00e0 legisla\u00e7\u00e3o sobre res\u00edduos de embalagens. Agora, na PepsiCo, 100% das nossas garrafas de bebidas s\u00e3o feitas a partir de outras garrafas e estamos a trabalhar para que os nossos sacos de snacks sejam 100% reciclados ou renov\u00e1veis at\u00e9 2030. Este foi um percurso desde a cria\u00e7\u00e3o de uma organiza\u00e7\u00e3o para cumprir os requisitos legais, at\u00e9 \u00e0 inclus\u00e3o da economia circular na estrat\u00e9gia da nossa empresa e \u00e0 evolu\u00e7\u00e3o do sistema de gest\u00e3o integrado para abordar a circularidade total das embalagens.<\/p><p><strong>Empack e L&amp;A Porto:<\/strong> Na sua opini\u00e3o, Marta, quais s\u00e3o os 3 pontos-chave que far\u00e3o a diferen\u00e7a nas embalagens sustent\u00e1veis num futuro pr\u00f3ximo?<\/p><p><strong>Marta Puyuelo:<\/strong> A vis\u00e3o da PepsiCo \u00e9 que nenhum pl\u00e1stico se torne num res\u00edduo. Estamos a trabalhar para Reduzir, Reciclar e Reinventar as nossas embalagens.<\/p><p>\u00c9 evidente que as embalagens mais sustent\u00e1veis s\u00e3o as que n\u00e3o s\u00e3o utilizadas, ou seja, n\u00e3o h\u00e1 necessidade de reciclar ou reutilizar embalagens que n\u00e3o foram colocadas no mercado. Por conseguinte, o primeiro eixo, o da \u201credu\u00e7\u00e3o\u201d, \u00e9 aquele em que temos de nos concentrar mais. Reduzimos o peso das garrafas, optimiz\u00e1mos a altura e a largura dos sacos de snacks, reduzimos as caixas de cart\u00e3o&#8230; tudo isto tem benef\u00edcios n\u00e3o s\u00f3 em termos de redu\u00e7\u00e3o do material de embalagem, mas tamb\u00e9m das emiss\u00f5es.<br \/>No que diz respeito \u00e0 reciclagem, a primeira coisa \u00e9 certificarmo-nos de que a embalagem \u00e9 recicl\u00e1vel e fazer as altera\u00e7\u00f5es relevantes a este respeito, embalagem transparente vs. opaca, monocamada vs. multicamada, etc&#8230;, a segunda coisa \u00e9 ter infra-estruturas no pa\u00eds que permitam a m\u00e1xima circularidade das embalagens da forma mais eficiente poss\u00edvel, e temos de trabalhar em colabora\u00e7\u00e3o com as autoridades, os sistemas de gest\u00e3o, os recicladores, todos eles &#8230;.. porque ainda h\u00e1 muito espa\u00e7o para melhorias a este respeito em Espanha e, em terceiro lugar, incorporar materiais reciclados nas nossas embalagens, a fim de reduzir os materiais virgens, os res\u00edduos de embalagens e, portanto, as emiss\u00f5es.<\/p><p>Por \u00faltimo, temos de questionar o status quo: ser\u00e1 que os nossos produtos podem ser disponibilizados aos consumidores de outra forma que n\u00e3o exija embalagens, ou com embalagens muito mais sustent\u00e1veis? O dispensador de bebidas no sector on-trade pode n\u00e3o parecer muito inovador, mas \u00e9 a forma mais sustent\u00e1vel de consumo de bebidas, uma vez que n\u00e3o necessita de embalagem. Lev\u00e1mos o mesmo conceito, por exemplo, para dentro de casa com o SodaStream, um dispensador de refrigerantes gaseificados que elimina as embalagens de utiliza\u00e7\u00e3o \u00fanica, por exemplo.<\/p><p><strong>Empack e L&amp;A:<\/strong> Quais s\u00e3o, na sua opini\u00e3o, as maiores vantagens de ter feiras como a Empack para o nosso tecido industrial, e para a ind\u00fastria alimentar em particular?<\/p><p><strong>Marta Puyuelo:<\/strong> No contexto das embalagens e da sustentabilidade como um todo, a colabora\u00e7\u00e3o \u00e9 fundamental. Feiras como esta permitem-lhe conhecer tend\u00eancias, inova\u00e7\u00f5es, stakeholders que trabalham com objectivos semelhantes aos seus e, por isso, s\u00e3o perfeitas para o inspirar e construir a sua rede de contactos e colabora\u00e7\u00f5es para enfrentar os desafios do futuro.<\/p><p><strong>Empack e L&amp;A:<\/strong> As novas gera\u00e7\u00f5es est\u00e3o a chegar em for\u00e7a, que conselhos daria \u00e0queles que est\u00e3o a pensar em iniciar-se no mundo do trabalho, e especialmente no mundo da sustentabilidade?<\/p><p><strong>Marta Puyuelo:<\/strong> A sustentabilidade n\u00e3o \u00e9 responsabilidade de uma \u00e1rea ou departamento espec\u00edfico, mas deve estar presente em toda a organiza\u00e7\u00e3o. Felizmente, as novas gera\u00e7\u00f5es s\u00e3o muito mais sens\u00edveis \u00e0 necessidade de mudar a forma como operamos e estou convencida de que ir\u00e3o integrar a sustentabilidade de uma forma mais natural em todas as \u00e1reas e decis\u00f5es de neg\u00f3cio.<\/p><p>\u201cQualquer que seja a \u00e1rea em que se encontrem, n\u00e3o tirem a vossa lente da sustentabilidade\u201d, \u00e9 o meu conselho.<\/p>\t\t\t\t\t\t\t\t<\/div>\n\t\t\t\t<\/div>\n\t\t\t\t\t<\/div>\n\t\t<\/div>\n\t\t\t\t<div class=\"elementor-column elementor-col-50 elementor-top-column elementor-element elementor-element-19dc3572\" data-id=\"19dc3572\" data-element_type=\"column\">\n\t\t\t<div class=\"elementor-widget-wrap elementor-element-populated\">\n\t\t\t\t\t\t<div class=\"elementor-element elementor-element-404ac641 elementor-grid-1 elementor-posts--thumbnail-none elementor-grid-tablet-1 elementor-grid-mobile-1 elementor-widget elementor-widget-posts\" data-id=\"404ac641\" data-element_type=\"widget\" data-settings=\"{&quot;classic_columns&quot;:&quot;1&quot;,&quot;classic_row_gap&quot;:{&quot;unit&quot;:&quot;px&quot;,&quot;size&quot;:&quot;23&quot;,&quot;sizes&quot;:[]},&quot;classic_columns_tablet&quot;:&quot;1&quot;,&quot;_animation&quot;:&quot;none&quot;,&quot;classic_columns_mobile&quot;:&quot;1&quot;,&quot;classic_row_gap_tablet&quot;:{&quot;unit&quot;:&quot;px&quot;,&quot;size&quot;:&quot;&quot;,&quot;sizes&quot;:[]},&quot;classic_row_gap_mobile&quot;:{&quot;unit&quot;:&quot;px&quot;,&quot;size&quot;:&quot;&quot;,&quot;sizes&quot;:[]}}\" data-widget_type=\"posts.classic\">\n\t\t\t\t<div class=\"elementor-widget-container\">\n\t\t\t\t\t\t\t<div class=\"elementor-posts-container elementor-posts elementor-posts--skin-classic elementor-grid\" role=\"list\">\n\t\t\t\t<article class=\"elementor-post elementor-grid-item post-184444 post type-post status-publish format-standard has-post-thumbnail hentry category-notas-de-imprensa tag-abril tag-balanco-feira tag-congresso tag-easyfairs tag-embalagem tag-feira tag-logistica tag-nota-de-imprensa tag-portugal\" role=\"listitem\">\n\t\t\t\t<div class=\"elementor-post__text\">\n\t\t\t\t<h3 class=\"elementor-post__title\">\n\t\t\t<a href=\"https:\/\/www.empacklogisticsautomationporto.com\/pt-pt\/2026\/04\/28\/empack-e-logistics-automation-porto-avanca-para-2027-com-64-do-espaco-ja-reservado\/\" >\n\t\t\t\tEmpack e Logistics &#038; Automation Porto avan\u00e7a para 2027 com 64% do espa\u00e7o j\u00e1 reservado\t\t\t<\/a>\n\t\t<\/h3>\n\t\t\t\t<div class=\"elementor-post__excerpt\">\n\t\t\t<p>Empack e Logistics &amp; Automation Porto avan\u00e7a para 2027 com 64% do espa\u00e7o j\u00e1 reservado D\u00e9cima edi\u00e7\u00e3o da feira profissional representativa dos setores log\u00edstico e<\/p>\n\t\t<\/div>\n\t\t\n\t\t<a class=\"elementor-post__read-more\" href=\"https:\/\/www.empacklogisticsautomationporto.com\/pt-pt\/2026\/04\/28\/empack-e-logistics-automation-porto-avanca-para-2027-com-64-do-espaco-ja-reservado\/\" aria-label=\"Read more about Empack e Logistics &#038; Automation Porto avan\u00e7a para 2027 com 64% do espa\u00e7o j\u00e1 reservado\" tabindex=\"-1\" >\n\t\t\tRead More \u00bb\t\t<\/a>\n\n\t\t\t\t<\/div>\n\t\t\t\t<\/article>\n\t\t\t\t<article class=\"elementor-post elementor-grid-item post-183874 post type-post status-publish format-standard has-post-thumbnail hentry category-blog tag-automacao tag-bruxelas tag-embalagens tag-empack tag-logistica tag-manutencao tag-noticias tag-portugal\" role=\"listitem\">\n\t\t\t\t<div class=\"elementor-post__text\">\n\t\t\t\t<h3 class=\"elementor-post__title\">\n\t\t\t<a href=\"https:\/\/www.empacklogisticsautomationporto.com\/pt-pt\/2026\/04\/01\/bruxelas-clarifica-novas-regras-de-embalagens-para-acelerar-transicao-sustentavel-na-uniao-europeia\/\" >\n\t\t\t\tBruxelas clarifica novas regras de embalagens para acelerar transi\u00e7\u00e3o sustent\u00e1vel na Uni\u00e3o Europeia\t\t\t<\/a>\n\t\t<\/h3>\n\t\t\t\t<div class=\"elementor-post__excerpt\">\n\t\t\t<p>Bruxelas clarifica novas regras de embalagens para acelerar transi\u00e7\u00e3o sustent\u00e1vel na Uni\u00e3o Europeia Comiss\u00e3o Europeia publica orienta\u00e7\u00f5es para aplicar regulamento das embalagens, reduzir res\u00edduos e<\/p>\n\t\t<\/div>\n\t\t\n\t\t<a class=\"elementor-post__read-more\" href=\"https:\/\/www.empacklogisticsautomationporto.com\/pt-pt\/2026\/04\/01\/bruxelas-clarifica-novas-regras-de-embalagens-para-acelerar-transicao-sustentavel-na-uniao-europeia\/\" aria-label=\"Read more about Bruxelas clarifica novas regras de embalagens para acelerar transi\u00e7\u00e3o sustent\u00e1vel na Uni\u00e3o Europeia\" tabindex=\"-1\" >\n\t\t\tRead More \u00bb\t\t<\/a>\n\n\t\t\t\t<\/div>\n\t\t\t\t<\/article>\n\t\t\t\t<article class=\"elementor-post elementor-grid-item post-183860 post type-post status-publish format-standard has-post-thumbnail hentry category-blog tag-automacao tag-empack tag-logistica tag-manutencao tag-noticias tag-portugal tag-sustentabilidade\" role=\"listitem\">\n\t\t\t\t<div class=\"elementor-post__text\">\n\t\t\t\t<h3 class=\"elementor-post__title\">\n\t\t\t<a href=\"https:\/\/www.empacklogisticsautomationporto.com\/pt-pt\/2026\/04\/01\/dossier-sustentabilidade-e-manutencao\/\" >\n\t\t\t\tDossier sustentabilidade e manuten\u00e7\u00e3o\t\t\t<\/a>\n\t\t<\/h3>\n\t\t\t\t<div class=\"elementor-post__excerpt\">\n\t\t\t<p>Dossier sustentabilidade e manuten\u00e7\u00e3o O presente dossier chama a aten\u00e7\u00e3o para uma nova via para a manuten\u00e7\u00e3o: a liga\u00e7\u00e3o entre a manuten\u00e7\u00e3o e a sustentabilidade.<\/p>\n\t\t<\/div>\n\t\t\n\t\t<a class=\"elementor-post__read-more\" href=\"https:\/\/www.empacklogisticsautomationporto.com\/pt-pt\/2026\/04\/01\/dossier-sustentabilidade-e-manutencao\/\" aria-label=\"Read more about Dossier sustentabilidade e manuten\u00e7\u00e3o\" tabindex=\"-1\" >\n\t\t\tRead More \u00bb\t\t<\/a>\n\n\t\t\t\t<\/div>\n\t\t\t\t<\/article>\n\t\t\t\t<article class=\"elementor-post elementor-grid-item post-183838 post type-post status-publish format-standard has-post-thumbnail hentry category-blog tag-decima-edicao tag-domino tag-historias-que-inspiram tag-marque-tdi\" role=\"listitem\">\n\t\t\t\t<div class=\"elementor-post__text\">\n\t\t\t\t<h3 class=\"elementor-post__title\">\n\t\t\t<a href=\"https:\/\/www.empacklogisticsautomationporto.com\/pt-pt\/2026\/04\/01\/historias-que-inspiram-domino\/\" >\n\t\t\t\tHist\u00f3rias que Inspiram &#8211; DOMINO\t\t\t<\/a>\n\t\t<\/h3>\n\t\t\t\t<div class=\"elementor-post__excerpt\">\n\t\t\t<p>Hist\u00f3rias que Inspiram 10 anos de Empack e Logistics &amp; Automation Porto Hist\u00f3rias que Inspiram nasce para celebrar os expositores que estiveram connosco desde o<\/p>\n\t\t<\/div>\n\t\t\n\t\t<a class=\"elementor-post__read-more\" href=\"https:\/\/www.empacklogisticsautomationporto.com\/pt-pt\/2026\/04\/01\/historias-que-inspiram-domino\/\" aria-label=\"Read more about Hist\u00f3rias que Inspiram &#8211; DOMINO\" tabindex=\"-1\" >\n\t\t\tRead More \u00bb\t\t<\/a>\n\n\t\t\t\t<\/div>\n\t\t\t\t<\/article>\n\t\t\t\t<\/div>\n\t\t\n\t\t\t\t\t\t<\/div>\n\t\t\t\t<\/div>\n\t\t\t\t<div class=\"elementor-element elementor-element-1f3f2b92 elementor-widget-divider--view-line elementor-widget elementor-widget-divider\" data-id=\"1f3f2b92\" data-element_type=\"widget\" data-widget_type=\"divider.default\">\n\t\t\t\t<div class=\"elementor-widget-container\">\n\t\t\t\t\t\t\t<div class=\"elementor-divider\">\n\t\t\t<span class=\"elementor-divider-separator\">\n\t\t\t\t\t\t<\/span>\n\t\t<\/div>\n\t\t\t\t\t\t<\/div>\n\t\t\t\t<\/div>\n\t\t\t\t\t<\/div>\n\t\t<\/div>\n\t\t\t\t\t<\/div>\n\t\t<\/section>\n\t\t\t\t<\/div>\n\t\t","protected":false},"excerpt":{"rendered":"<p>Um caf\u00e9 com\u2026 Marta Puyuelo, Corporate Affairs and Sustainability Director en PepsiCo Empack e L&amp;A Porto: Marta, fale-nos um pouco do teu dia a dia na empresa e qual a tua fun\u00e7\u00e3o na PepsiCo. Marta Puyuelo: \u00c9 dif\u00edcil para mim resumir rapidamente o meu dia a dia porque todos os dias s\u00e3o diferentes, devido \u00e0 [&hellip;]<\/p>\n","protected":false},"author":1256,"featured_media":121097,"comment_status":"closed","ping_status":"closed","sticky":false,"template":"","format":"standard","meta":{"_seopress_robots_primary_cat":"none","_seopress_titles_title":"Um caf\u00e9 com | Empack e Logistics &amp; Automation Porto","_seopress_titles_desc":"Veja as not\u00edcias dos sectores de embalagens e log\u00edstica em Portugal.","_seopress_robots_index":"","footnotes":""},"categories":[392,1408],"tags":[1641,1633,1640,1642],"edition":[],"class_list":["post-121083","post","type-post","status-publish","format-standard","has-post-thumbnail","hentry","category-blog","category-um-cafe-com","tag-corporate-affairs-and-sustainability-director","tag-entrevista","tag-marta-puyuelo","tag-pepsico"],"_links":{"self":[{"href":"https:\/\/www.empacklogisticsautomationporto.com\/pt-pt\/wp-json\/wp\/v2\/posts\/121083","targetHints":{"allow":["GET"]}}],"collection":[{"href":"https:\/\/www.empacklogisticsautomationporto.com\/pt-pt\/wp-json\/wp\/v2\/posts"}],"about":[{"href":"https:\/\/www.empacklogisticsautomationporto.com\/pt-pt\/wp-json\/wp\/v2\/types\/post"}],"author":[{"embeddable":true,"href":"https:\/\/www.empacklogisticsautomationporto.com\/pt-pt\/wp-json\/wp\/v2\/users\/1256"}],"replies":[{"embeddable":true,"href":"https:\/\/www.empacklogisticsautomationporto.com\/pt-pt\/wp-json\/wp\/v2\/comments?post=121083"}],"version-history":[{"count":5,"href":"https:\/\/www.empacklogisticsautomationporto.com\/pt-pt\/wp-json\/wp\/v2\/posts\/121083\/revisions"}],"predecessor-version":[{"id":121105,"href":"https:\/\/www.empacklogisticsautomationporto.com\/pt-pt\/wp-json\/wp\/v2\/posts\/121083\/revisions\/121105"}],"wp:featuredmedia":[{"embeddable":true,"href":"https:\/\/www.empacklogisticsautomationporto.com\/pt-pt\/wp-json\/wp\/v2\/media\/121097"}],"wp:attachment":[{"href":"https:\/\/www.empacklogisticsautomationporto.com\/pt-pt\/wp-json\/wp\/v2\/media?parent=121083"}],"wp:term":[{"taxonomy":"category","embeddable":true,"href":"https:\/\/www.empacklogisticsautomationporto.com\/pt-pt\/wp-json\/wp\/v2\/categories?post=121083"},{"taxonomy":"post_tag","embeddable":true,"href":"https:\/\/www.empacklogisticsautomationporto.com\/pt-pt\/wp-json\/wp\/v2\/tags?post=121083"},{"taxonomy":"edition","embeddable":true,"href":"https:\/\/www.empacklogisticsautomationporto.com\/pt-pt\/wp-json\/wp\/v2\/edition?post=121083"}],"curies":[{"name":"wp","href":"https:\/\/api.w.org\/{rel}","templated":true}]}}