{"id":121141,"date":"2024-11-05T15:20:52","date_gmt":"2024-11-05T15:20:52","guid":{"rendered":"https:\/\/www.empacklogisticsautomationporto.com\/?p=121141"},"modified":"2024-11-05T15:25:28","modified_gmt":"2024-11-05T15:25:28","slug":"65-dos-portugueses-compra-com-base-nas-promocoes-que-surgem-na-black-friday-e-cyber-monday","status":"publish","type":"post","link":"https:\/\/www.empacklogisticsautomationporto.com\/pt-pt\/2024\/11\/05\/65-dos-portugueses-compra-com-base-nas-promocoes-que-surgem-na-black-friday-e-cyber-monday\/","title":{"rendered":"65% dos portugueses compra com base nas promo\u00e7\u00f5es que surgem na Black Friday e Cyber Monday"},"content":{"rendered":"\t\t<div data-elementor-type=\"wp-post\" data-elementor-id=\"121141\" class=\"elementor elementor-121141\" data-elementor-post-type=\"post\">\n\t\t\t\t\t\t<section class=\"elementor-section elementor-top-section elementor-element elementor-element-6c4d399f elementor-section-full_width elementor-section-height-default elementor-section-height-default\" data-id=\"6c4d399f\" data-element_type=\"section\">\n\t\t\t\t\t\t<div class=\"elementor-container elementor-column-gap-default\">\n\t\t\t\t\t<div class=\"elementor-column elementor-col-50 elementor-top-column elementor-element elementor-element-7e8189c8\" data-id=\"7e8189c8\" data-element_type=\"column\">\n\t\t\t<div class=\"elementor-widget-wrap elementor-element-populated\">\n\t\t\t\t\t\t<div class=\"elementor-element elementor-element-5385dc8d elementor-invisible elementor-widget elementor-widget-heading\" data-id=\"5385dc8d\" data-element_type=\"widget\" data-settings=\"{&quot;_animation&quot;:&quot;fadeIn&quot;}\" data-widget_type=\"heading.default\">\n\t\t\t\t<div class=\"elementor-widget-container\">\n\t\t\t\t\t<h1 class=\"elementor-heading-title elementor-size-default\">65% dos portugueses compra com base nas promo\u00e7\u00f5es que surgem na Black Friday e Cyber Monday<\/h1>\t\t\t\t<\/div>\n\t\t\t\t<\/div>\n\t\t\t\t<div class=\"elementor-element elementor-element-0fcab1a elementor-widget elementor-widget-image\" data-id=\"0fcab1a\" data-element_type=\"widget\" data-widget_type=\"image.default\">\n\t\t\t\t<div class=\"elementor-widget-container\">\n\t\t\t\t\t\t\t\t\t\t\t\t\t\t\t<img fetchpriority=\"high\" decoding=\"async\" width=\"400\" height=\"250\" src=\"https:\/\/easyfairsassets.com\/sites\/68\/2024\/11\/0511-friday.png\" class=\"attachment-medium_large size-medium_large wp-image-121147\" alt=\"black friday\" srcset=\"https:\/\/easyfairsassets.com\/sites\/68\/2024\/11\/0511-friday.png 400w, https:\/\/easyfairsassets.com\/sites\/68\/2024\/11\/0511-friday-300x188.png 300w\" sizes=\"(max-width: 400px) 100vw, 400px\" \/>\t\t\t\t\t\t\t\t\t\t\t\t\t\t\t<\/div>\n\t\t\t\t<\/div>\n\t\t\t\t<div class=\"elementor-element elementor-element-4eb7a90d elementor-widget-tablet__width-initial elementor-widget elementor-widget-text-editor\" data-id=\"4eb7a90d\" data-element_type=\"widget\" data-settings=\"{&quot;_animation&quot;:&quot;none&quot;}\" data-widget_type=\"text-editor.default\">\n\t\t\t\t<div class=\"elementor-widget-container\">\n\t\t\t\t\t\t\t\t\t<p>De acordo com o estudo da Escolha do Consumidor, no momento de decis\u00e3o de compra, os consumidores s\u00e3o influenciados significativamente pelas ofertas do per\u00edodo em quest\u00e3o, com 65% dos participantes a tomar esta decis\u00e3o com base nas promo\u00e7\u00f5es que surgem durante a campanha, sendo que 29% planeia antecipadamente e apenas 6% compra espontaneamente.<\/p><p>Para os per\u00edodos promocionais deste ano, 25% dos inquiridos pretende comprar artigos de moda e acess\u00f3rios, 20% revelou que t\u00eam mais interesse em beleza e cuidados pessoais e 16% vai aproveitar para comprar produtos tecnol\u00f3gicos.<\/p><p>\u00a0<\/p><p>Eletrodom\u00e9sticos (12%) e casa\/decora\u00e7\u00e3o (11%) registam ainda uma procura significativa por parte dos consumidores. Em oposi\u00e7\u00e3o, as categorias de brinquedos e jogos (8%), viagens e experi\u00eancias (5%) e equipamento desportivo (3%) n\u00e3o foram distinguidas para este per\u00edodo de promo\u00e7\u00f5es.<\/p><p>Segundo a nota de imprensa, 51% dos portugueses afirmou que vai aproveitar os descontos destes dias para comprar presentes de Natal. 40% indicou considerar a hip\u00f3tese de antecipar as suas compras, caso encontrem boas oportunidades, enquanto 10% disse preferir adiar as compras de Natal para uma fase posterior.<\/p><p>\u00a0<\/p><p>Questionados sobre quanto preveem gastar na Black Friday e Cyber Monday este ano, 32% dos consumidores pretende gastar nas suas compras entre 50 a 100 euros, 31% entre 100 a 250 euros, 19% indica que prev\u00ea gastar entre 250 e 500 euros e apenas 7% prev\u00ea um gasto acima dos 500 euros.<\/p><p>Por outro lado, 12% planeia gastar at\u00e9 50 euros. 31% faz a maioria das suas compras online, com 28% a manifestar a inten\u00e7\u00e3o de adquirir produtos exclusivamente em plataformas digitais. J\u00e1 20% dos entrevistados, prefere ir \u00e0s lojas f\u00edsicas e fazer as suas compras presencialmente. Por fim, uma percentagem mais reduzida (5%) ainda n\u00e3o tomou uma decis\u00e3o relativamente ao local de compra.<\/p><p>\u00a0<\/p><p>De acordo com a an\u00e1lise, as compras online s\u00e3o maioritariamente motivadas pelos descontos e promo\u00e7\u00f5es atrativas (27%), seguindo-se fatores como a comodidade e o conforto (16%) e a rapidez de entrega (14%).<\/p><p>O MB Way destaca-se como o m\u00e9todo de pagamento mais utilizado pela maioria dos inquiridos (46%). O estudo tamb\u00e9m concluiu que o cart\u00e3o de cr\u00e9dito\/d\u00e9bito \u00e9 tamb\u00e9m uma das op\u00e7\u00f5es preferidas para 30% dos consumidores. Com menor express\u00e3o surgem as op\u00e7\u00f5es de pagamento em dinheiro nas lojas f\u00edsicas (10%), o Paypal (10%) e a transfer\u00eancia banc\u00e1ria (4%).<\/p><p>\u00a0<\/p><p>Por outro lado, as expectativas defraudadas em rela\u00e7\u00e3o aos descontos (30%) e a falta de stock dos produtos desejados (27%) s\u00e3o os principais fatores de desmotiva\u00e7\u00e3o nas compras da\u00a0<a href=\"https:\/\/www.distribuicaohoje.com\/retalho\/compras-black-friday\/\">Black Friday<\/a>\u00a0e Cyber Monday. A falta de transpar\u00eancia nas condi\u00e7\u00f5es das promo\u00e7\u00f5es (15%) e a demora na entrega (9%) tamb\u00e9m s\u00e3o motivos de insatisfa\u00e7\u00e3o apontados pelos consumidores.<\/p><p>\u00a0<\/p>\t\t\t\t\t\t\t\t<\/div>\n\t\t\t\t<\/div>\n\t\t\t\t<div class=\"elementor-element elementor-element-bf4d5ca elementor-widget elementor-widget-button\" data-id=\"bf4d5ca\" data-element_type=\"widget\" data-widget_type=\"button.default\">\n\t\t\t\t<div class=\"elementor-widget-container\">\n\t\t\t\t\t\t\t\t\t<div class=\"elementor-button-wrapper\">\n\t\t\t\t\t<a class=\"elementor-button elementor-button-link elementor-size-md\" href=\"https:\/\/www.distribuicaohoje.com\/destaques\/black-friday-promocoes\/\">\n\t\t\t\t\t\t<span class=\"elementor-button-content-wrapper\">\n\t\t\t\t\t\t\t\t\t<span class=\"elementor-button-text\">Leia a not\u00edcia completa<\/span>\n\t\t\t\t\t<\/span>\n\t\t\t\t\t<\/a>\n\t\t\t\t<\/div>\n\t\t\t\t\t\t\t\t<\/div>\n\t\t\t\t<\/div>\n\t\t\t\t\t<\/div>\n\t\t<\/div>\n\t\t\t\t<div class=\"elementor-column elementor-col-50 elementor-top-column elementor-element elementor-element-19dc3572\" data-id=\"19dc3572\" data-element_type=\"column\">\n\t\t\t<div class=\"elementor-widget-wrap elementor-element-populated\">\n\t\t\t\t\t\t<div class=\"elementor-element elementor-element-404ac641 elementor-grid-1 elementor-posts--thumbnail-none elementor-grid-tablet-1 elementor-grid-mobile-1 elementor-widget elementor-widget-posts\" data-id=\"404ac641\" data-element_type=\"widget\" data-settings=\"{&quot;classic_columns&quot;:&quot;1&quot;,&quot;classic_row_gap&quot;:{&quot;unit&quot;:&quot;px&quot;,&quot;size&quot;:&quot;23&quot;,&quot;sizes&quot;:[]},&quot;classic_columns_tablet&quot;:&quot;1&quot;,&quot;_animation&quot;:&quot;none&quot;,&quot;classic_columns_mobile&quot;:&quot;1&quot;,&quot;classic_row_gap_tablet&quot;:{&quot;unit&quot;:&quot;px&quot;,&quot;size&quot;:&quot;&quot;,&quot;sizes&quot;:[]},&quot;classic_row_gap_mobile&quot;:{&quot;unit&quot;:&quot;px&quot;,&quot;size&quot;:&quot;&quot;,&quot;sizes&quot;:[]}}\" data-widget_type=\"posts.classic\">\n\t\t\t\t<div class=\"elementor-widget-container\">\n\t\t\t\t\t\t\t<div class=\"elementor-posts-container elementor-posts elementor-posts--skin-classic elementor-grid\" role=\"list\">\n\t\t\t\t<article class=\"elementor-post elementor-grid-item post-184444 post type-post status-publish format-standard has-post-thumbnail hentry category-notas-de-imprensa tag-abril tag-balanco-feira tag-congresso tag-easyfairs tag-embalagem tag-feira tag-logistica tag-nota-de-imprensa tag-portugal\" role=\"listitem\">\n\t\t\t\t<div class=\"elementor-post__text\">\n\t\t\t\t<h3 class=\"elementor-post__title\">\n\t\t\t<a href=\"https:\/\/www.empacklogisticsautomationporto.com\/pt-pt\/2026\/04\/28\/empack-e-logistics-automation-porto-avanca-para-2027-com-64-do-espaco-ja-reservado\/\" >\n\t\t\t\tEmpack e Logistics &#038; Automation Porto avan\u00e7a para 2027 com 64% do espa\u00e7o j\u00e1 reservado\t\t\t<\/a>\n\t\t<\/h3>\n\t\t\t\t<div class=\"elementor-post__excerpt\">\n\t\t\t<p>Empack e Logistics &amp; Automation Porto avan\u00e7a para 2027 com 64% do espa\u00e7o j\u00e1 reservado D\u00e9cima edi\u00e7\u00e3o da feira profissional representativa dos setores log\u00edstico e<\/p>\n\t\t<\/div>\n\t\t\n\t\t<a class=\"elementor-post__read-more\" href=\"https:\/\/www.empacklogisticsautomationporto.com\/pt-pt\/2026\/04\/28\/empack-e-logistics-automation-porto-avanca-para-2027-com-64-do-espaco-ja-reservado\/\" aria-label=\"Read more about Empack e Logistics &#038; Automation Porto avan\u00e7a para 2027 com 64% do espa\u00e7o j\u00e1 reservado\" tabindex=\"-1\" >\n\t\t\tRead More \u00bb\t\t<\/a>\n\n\t\t\t\t<\/div>\n\t\t\t\t<\/article>\n\t\t\t\t<article class=\"elementor-post elementor-grid-item post-183874 post type-post status-publish format-standard has-post-thumbnail hentry category-blog tag-automacao tag-bruxelas tag-embalagens tag-empack tag-logistica tag-manutencao tag-noticias tag-portugal\" role=\"listitem\">\n\t\t\t\t<div class=\"elementor-post__text\">\n\t\t\t\t<h3 class=\"elementor-post__title\">\n\t\t\t<a href=\"https:\/\/www.empacklogisticsautomationporto.com\/pt-pt\/2026\/04\/01\/bruxelas-clarifica-novas-regras-de-embalagens-para-acelerar-transicao-sustentavel-na-uniao-europeia\/\" >\n\t\t\t\tBruxelas clarifica novas regras de embalagens para acelerar transi\u00e7\u00e3o sustent\u00e1vel na Uni\u00e3o Europeia\t\t\t<\/a>\n\t\t<\/h3>\n\t\t\t\t<div class=\"elementor-post__excerpt\">\n\t\t\t<p>Bruxelas clarifica novas regras de embalagens para acelerar transi\u00e7\u00e3o sustent\u00e1vel na Uni\u00e3o Europeia Comiss\u00e3o Europeia publica orienta\u00e7\u00f5es para aplicar regulamento das embalagens, reduzir res\u00edduos e<\/p>\n\t\t<\/div>\n\t\t\n\t\t<a class=\"elementor-post__read-more\" href=\"https:\/\/www.empacklogisticsautomationporto.com\/pt-pt\/2026\/04\/01\/bruxelas-clarifica-novas-regras-de-embalagens-para-acelerar-transicao-sustentavel-na-uniao-europeia\/\" aria-label=\"Read more about Bruxelas clarifica novas regras de embalagens para acelerar transi\u00e7\u00e3o sustent\u00e1vel na Uni\u00e3o Europeia\" tabindex=\"-1\" >\n\t\t\tRead More \u00bb\t\t<\/a>\n\n\t\t\t\t<\/div>\n\t\t\t\t<\/article>\n\t\t\t\t<article class=\"elementor-post elementor-grid-item post-183860 post type-post status-publish format-standard has-post-thumbnail hentry category-blog tag-automacao tag-empack tag-logistica tag-manutencao tag-noticias tag-portugal tag-sustentabilidade\" role=\"listitem\">\n\t\t\t\t<div class=\"elementor-post__text\">\n\t\t\t\t<h3 class=\"elementor-post__title\">\n\t\t\t<a href=\"https:\/\/www.empacklogisticsautomationporto.com\/pt-pt\/2026\/04\/01\/dossier-sustentabilidade-e-manutencao\/\" >\n\t\t\t\tDossier sustentabilidade e manuten\u00e7\u00e3o\t\t\t<\/a>\n\t\t<\/h3>\n\t\t\t\t<div class=\"elementor-post__excerpt\">\n\t\t\t<p>Dossier sustentabilidade e manuten\u00e7\u00e3o O presente dossier chama a aten\u00e7\u00e3o para uma nova via para a manuten\u00e7\u00e3o: a liga\u00e7\u00e3o entre a manuten\u00e7\u00e3o e a sustentabilidade.<\/p>\n\t\t<\/div>\n\t\t\n\t\t<a class=\"elementor-post__read-more\" href=\"https:\/\/www.empacklogisticsautomationporto.com\/pt-pt\/2026\/04\/01\/dossier-sustentabilidade-e-manutencao\/\" aria-label=\"Read more about Dossier sustentabilidade e manuten\u00e7\u00e3o\" tabindex=\"-1\" >\n\t\t\tRead More \u00bb\t\t<\/a>\n\n\t\t\t\t<\/div>\n\t\t\t\t<\/article>\n\t\t\t\t<article class=\"elementor-post elementor-grid-item post-183838 post type-post status-publish format-standard has-post-thumbnail hentry category-blog tag-decima-edicao tag-domino tag-historias-que-inspiram tag-marque-tdi\" role=\"listitem\">\n\t\t\t\t<div class=\"elementor-post__text\">\n\t\t\t\t<h3 class=\"elementor-post__title\">\n\t\t\t<a href=\"https:\/\/www.empacklogisticsautomationporto.com\/pt-pt\/2026\/04\/01\/historias-que-inspiram-domino\/\" >\n\t\t\t\tHist\u00f3rias que Inspiram &#8211; DOMINO\t\t\t<\/a>\n\t\t<\/h3>\n\t\t\t\t<div class=\"elementor-post__excerpt\">\n\t\t\t<p>Hist\u00f3rias que Inspiram 10 anos de Empack e Logistics &amp; Automation Porto Hist\u00f3rias que Inspiram nasce para celebrar os expositores que estiveram connosco desde o<\/p>\n\t\t<\/div>\n\t\t\n\t\t<a class=\"elementor-post__read-more\" href=\"https:\/\/www.empacklogisticsautomationporto.com\/pt-pt\/2026\/04\/01\/historias-que-inspiram-domino\/\" aria-label=\"Read more about Hist\u00f3rias que Inspiram &#8211; DOMINO\" tabindex=\"-1\" >\n\t\t\tRead More \u00bb\t\t<\/a>\n\n\t\t\t\t<\/div>\n\t\t\t\t<\/article>\n\t\t\t\t<\/div>\n\t\t\n\t\t\t\t\t\t<\/div>\n\t\t\t\t<\/div>\n\t\t\t\t<div class=\"elementor-element elementor-element-1f3f2b92 elementor-widget-divider--view-line elementor-widget elementor-widget-divider\" data-id=\"1f3f2b92\" data-element_type=\"widget\" data-widget_type=\"divider.default\">\n\t\t\t\t<div class=\"elementor-widget-container\">\n\t\t\t\t\t\t\t<div class=\"elementor-divider\">\n\t\t\t<span class=\"elementor-divider-separator\">\n\t\t\t\t\t\t<\/span>\n\t\t<\/div>\n\t\t\t\t\t\t<\/div>\n\t\t\t\t<\/div>\n\t\t\t\t\t<\/div>\n\t\t<\/div>\n\t\t\t\t\t<\/div>\n\t\t<\/section>\n\t\t\t\t<\/div>\n\t\t","protected":false},"excerpt":{"rendered":"<p>65% dos portugueses compra com base nas promo\u00e7\u00f5es que surgem na Black Friday e Cyber Monday De acordo com o estudo da Escolha do Consumidor, no momento de decis\u00e3o de compra, os consumidores s\u00e3o influenciados significativamente pelas ofertas do per\u00edodo em quest\u00e3o, com 65% dos participantes a tomar esta decis\u00e3o com base nas promo\u00e7\u00f5es que [&hellip;]<\/p>\n","protected":false},"author":1256,"featured_media":121147,"comment_status":"closed","ping_status":"closed","sticky":false,"template":"","format":"standard","meta":{"_seopress_robots_primary_cat":"none","_seopress_titles_title":"Not\u00edcias | Empack e Logistics &amp; Automation Porto","_seopress_titles_desc":"Veja as not\u00edcias dos sectores de embalagem e log\u00edstica em Portugal.","_seopress_robots_index":"","footnotes":""},"categories":[392],"tags":[1650,1653,1651,1652],"edition":[],"class_list":["post-121141","post","type-post","status-publish","format-standard","has-post-thumbnail","hentry","category-blog","tag-black-friday","tag-compras","tag-cyber-monday","tag-promocoes"],"_links":{"self":[{"href":"https:\/\/www.empacklogisticsautomationporto.com\/pt-pt\/wp-json\/wp\/v2\/posts\/121141","targetHints":{"allow":["GET"]}}],"collection":[{"href":"https:\/\/www.empacklogisticsautomationporto.com\/pt-pt\/wp-json\/wp\/v2\/posts"}],"about":[{"href":"https:\/\/www.empacklogisticsautomationporto.com\/pt-pt\/wp-json\/wp\/v2\/types\/post"}],"author":[{"embeddable":true,"href":"https:\/\/www.empacklogisticsautomationporto.com\/pt-pt\/wp-json\/wp\/v2\/users\/1256"}],"replies":[{"embeddable":true,"href":"https:\/\/www.empacklogisticsautomationporto.com\/pt-pt\/wp-json\/wp\/v2\/comments?post=121141"}],"version-history":[{"count":5,"href":"https:\/\/www.empacklogisticsautomationporto.com\/pt-pt\/wp-json\/wp\/v2\/posts\/121141\/revisions"}],"predecessor-version":[{"id":121153,"href":"https:\/\/www.empacklogisticsautomationporto.com\/pt-pt\/wp-json\/wp\/v2\/posts\/121141\/revisions\/121153"}],"wp:featuredmedia":[{"embeddable":true,"href":"https:\/\/www.empacklogisticsautomationporto.com\/pt-pt\/wp-json\/wp\/v2\/media\/121147"}],"wp:attachment":[{"href":"https:\/\/www.empacklogisticsautomationporto.com\/pt-pt\/wp-json\/wp\/v2\/media?parent=121141"}],"wp:term":[{"taxonomy":"category","embeddable":true,"href":"https:\/\/www.empacklogisticsautomationporto.com\/pt-pt\/wp-json\/wp\/v2\/categories?post=121141"},{"taxonomy":"post_tag","embeddable":true,"href":"https:\/\/www.empacklogisticsautomationporto.com\/pt-pt\/wp-json\/wp\/v2\/tags?post=121141"},{"taxonomy":"edition","embeddable":true,"href":"https:\/\/www.empacklogisticsautomationporto.com\/pt-pt\/wp-json\/wp\/v2\/edition?post=121141"}],"curies":[{"name":"wp","href":"https:\/\/api.w.org\/{rel}","templated":true}]}}