{"id":121803,"date":"2024-12-02T11:40:50","date_gmt":"2024-12-02T11:40:50","guid":{"rendered":"https:\/\/www.empacklogisticsautomationporto.com\/?p=121803"},"modified":"2024-12-02T15:36:25","modified_gmt":"2024-12-02T15:36:25","slug":"um-cafe-com-jj-delgado-general-manager-move-estrella-galicia-digital","status":"publish","type":"post","link":"https:\/\/www.empacklogisticsautomationporto.com\/pt-pt\/2024\/12\/02\/um-cafe-com-jj-delgado-general-manager-move-estrella-galicia-digital\/","title":{"rendered":"Um caf\u00e9 com\u2026 JJ Delgado, General Manager, MOVE Estrella Galicia Digital"},"content":{"rendered":"\t\t<div data-elementor-type=\"wp-post\" data-elementor-id=\"121803\" class=\"elementor elementor-121803\" data-elementor-post-type=\"post\">\n\t\t\t\t\t\t<section class=\"elementor-section elementor-top-section elementor-element elementor-element-6c4d399f elementor-section-full_width elementor-section-height-default elementor-section-height-default\" data-id=\"6c4d399f\" data-element_type=\"section\">\n\t\t\t\t\t\t<div class=\"elementor-container elementor-column-gap-default\">\n\t\t\t\t\t<div class=\"elementor-column elementor-col-50 elementor-top-column elementor-element elementor-element-7e8189c8\" data-id=\"7e8189c8\" data-element_type=\"column\">\n\t\t\t<div class=\"elementor-widget-wrap elementor-element-populated\">\n\t\t\t\t\t\t<div class=\"elementor-element elementor-element-5385dc8d elementor-invisible elementor-widget elementor-widget-heading\" data-id=\"5385dc8d\" data-element_type=\"widget\" data-settings=\"{&quot;_animation&quot;:&quot;fadeIn&quot;}\" data-widget_type=\"heading.default\">\n\t\t\t\t<div class=\"elementor-widget-container\">\n\t\t\t\t\t<h1 class=\"elementor-heading-title elementor-size-default\">Um caf\u00e9 com\u2026 JJ Delgado, General Manager, MOVE Estrella Galicia Digital<\/h1>\t\t\t\t<\/div>\n\t\t\t\t<\/div>\n\t\t\t\t<div class=\"elementor-element elementor-element-25a2c1db elementor-widget elementor-widget-image\" data-id=\"25a2c1db\" data-element_type=\"widget\" data-widget_type=\"image.default\">\n\t\t\t\t<div class=\"elementor-widget-container\">\n\t\t\t\t\t\t\t\t\t\t\t\t<figure class=\"wp-caption\">\n\t\t\t\t\t\t\t\t\t\t<img fetchpriority=\"high\" decoding=\"async\" width=\"1250\" height=\"833\" src=\"https:\/\/easyfairsassets.com\/sites\/68\/2024\/12\/cafe-com.-JJ-Delgado.png\" class=\"attachment-full size-full wp-image-121813\" alt=\"caf\u00e9 com JJ Delgado PT\" srcset=\"https:\/\/easyfairsassets.com\/sites\/68\/2024\/12\/cafe-com.-JJ-Delgado.png 1250w, https:\/\/easyfairsassets.com\/sites\/68\/2024\/12\/cafe-com.-JJ-Delgado-300x200.png 300w, https:\/\/easyfairsassets.com\/sites\/68\/2024\/12\/cafe-com.-JJ-Delgado-1024x682.png 1024w, https:\/\/easyfairsassets.com\/sites\/68\/2024\/12\/cafe-com.-JJ-Delgado-768x512.png 768w\" sizes=\"(max-width: 1250px) 100vw, 1250px\" \/>\t\t\t\t\t\t\t\t\t\t\t<figcaption class=\"widget-image-caption wp-caption-text\"><\/figcaption>\n\t\t\t\t\t\t\t\t\t\t<\/figure>\n\t\t\t\t\t\t\t\t\t<\/div>\n\t\t\t\t<\/div>\n\t\t\t\t<div class=\"elementor-element elementor-element-4eb7a90d elementor-widget elementor-widget-text-editor\" data-id=\"4eb7a90d\" data-element_type=\"widget\" data-settings=\"{&quot;_animation&quot;:&quot;none&quot;}\" data-widget_type=\"text-editor.default\">\n\t\t\t\t<div class=\"elementor-widget-container\">\n\t\t\t\t\t\t\t\t\t<p><strong>Empack e L&amp;A Porto<\/strong>: Para come\u00e7ar, diga-nos quem \u00e9 JJ Delgado e como \u00e9 o seu dia a dia.<\/p>\n<p><strong>JJ Delgado:<\/strong> O meu dia come\u00e7a sempre com algo que fa\u00e7o s\u00f3 para mim. Penso que \u00e9 importante come\u00e7ar o dia cuidando de si pr\u00f3prio, tirando um momento antes de mergulhar nas responsabilidades do trabalho. \u00c9 por isso que me levanto cedo, \u00e0s 6 da manh\u00e3, e vou para o gin\u00e1sio. \u00c9 a minha maneira de recarregar as baterias e sentir que estou a come\u00e7ar o dia com o p\u00e9 direito. Al\u00e9m disso, \u00e9 uma quest\u00e3o de sentimento: come\u00e7ar o dia a fazer algo por n\u00f3s pr\u00f3prios.<\/p>\n<p>Come\u00e7ar o dia a fazer algo por si pr\u00f3prio coloca-o no estado de esp\u00edrito certo para enfrentar o que vier a seguir. N\u00e3o sou daqueles que acreditam que levantar-se e ir diretamente para o trabalho \u00e9 saud\u00e1vel. Precisamos de equil\u00edbrio e dedicar algum tempo ao nosso bem-estar, seja f\u00edsico ou mental, \u00e9 fundamental. Quando saio do gin\u00e1sio, j\u00e1 estou activada, concentrada e pronta para entrar em \u201cmodo de trabalho\u201d.<\/p>\n<p>O resto do dia pode ser bastante intenso: reuni\u00f5es, brainstorming com equipas de diferentes fun\u00e7\u00f5es ou colabora\u00e7\u00e3o em projectos que me apaixonam. Mas tento sempre manter o equil\u00edbrio entre ser produtivo e desfrutar do processo. No fim de contas, liderar com sucesso n\u00e3o \u00e9 apenas cumprir objectivos, \u00e9 tamb\u00e9m sentir-se bem enquanto o faz. E para isso, come\u00e7ar o dia com inten\u00e7\u00e3o \u00e9 fundamental.<\/p>\n<p><strong>Empack e L&amp;A Porto<\/strong>: Ap\u00f3s v\u00e1rios anos de experi\u00eancia, quais os projectos da sua carreira profissional que foram mais desafiantes para si ou de que se lembra particularmente e porqu\u00ea?<\/p>\n<p><strong>JJ Delgado: <\/strong>O principal desafio, sem d\u00favida, s\u00e3o sempre as pessoas. Os projectos, os n\u00fameros, os processos&#8230; tudo isso, embora possa ser complexo, acaba por ser uma quest\u00e3o de trabalho, estrat\u00e9gia e dedica\u00e7\u00e3o. Mas gerir pessoas, especialmente em contextos de alta press\u00e3o ou em equipas com personalidades fortes, \u00e9 outro n\u00edvel. \u00c9 a\u00ed que reside a verdadeira complexidade: como motivar os gestores, gerir as expectativas e, sobretudo, resolver os conflitos sem que o barco saia do rumo.<\/p>\n<p>Lembro-me especialmente do meu tempo na Amazon, liderando equipas num ambiente t\u00e3o din\u00e2mico quanto exigente. Est\u00e1vamos a crescer e havia uma press\u00e3o constante para inovar e obter resultados extraordin\u00e1rios. O que mais marcou essa experi\u00eancia n\u00e3o foram os n\u00fameros recorde que atingimos (que, claro, ficar\u00e3o sempre na mem\u00f3ria), mas a forma como conseguimos alinhar pessoas com estilos de lideran\u00e7a e personalidades muito diferentes. Convencer toda a gente a puxar na mesma dire\u00e7\u00e3o, respeitando as diferen\u00e7as, foi um desafio di\u00e1rio.<\/p>\n<p>\u00c9 um processo de aprendizagem cont\u00ednuo. Cada pessoa \u00e9 diferente, e perceber como estabelecer uma liga\u00e7\u00e3o com cada uma delas, como inspir\u00e1-las e ajud\u00e1-las a dar o seu melhor, \u00e9 o que realmente faz com que um projeto se destaque. No final, os grandes resultados prov\u00eam sempre de equipas coesas.<\/p>\n<p><strong>Empack e L&amp;A Porto<\/strong>: Agora que encerr\u00e1mos a \u00faltima edi\u00e7\u00e3o da<em> Empack e Logistics &amp; Automation Madrid<\/em>, diga-nos como foi a Keynote Session que realizou na Empack e na feira e o que achou deste espa\u00e7o para os profissionais da embalagem e da log\u00edstica?<\/p>\n<p><strong>JJ Delgado:&nbsp;<\/strong>Uma fotografia diz mais do que mil palavras e um v\u00eddeo mais do que mil imagens, mas a energia gerada num evento presencial \u00e9 sempre \u00fanica. A \u00faltima edi\u00e7\u00e3o da <em>Empack and Logistics &amp; Automation Madrid<\/em> foi, sem d\u00favida, um exemplo claro disso mesmo. A experi\u00eancia de estar num espa\u00e7o repleto de profissionais apaixonados pelo seu sector, partilhando ideias, desafios e vis\u00f5es, \u00e9 algo que n\u00e3o pode ser replicado digitalmente.<\/p>\n<p>A palestra que proferi foi um momento especial, n\u00e3o s\u00f3 pelo conte\u00fado que partilhei, mas pelo feedback imediato e pelas conversas que se seguiram. Falar sobre a forma como a tecnologia e a inova\u00e7\u00e3o est\u00e3o a transformar o sector da embalagem e da log\u00edstica permitiu-me estabelecer uma liga\u00e7\u00e3o com um p\u00fablico que est\u00e1 verdadeiramente empenhado em adaptar-se ao futuro. O que mais me impressionou foi a qualidade das perguntas e o interesse genu\u00edno em encontrar solu\u00e7\u00f5es que sejam n\u00e3o s\u00f3 eficientes, mas tamb\u00e9m sustent\u00e1veis e humanas.<\/p>\n<p>Este f\u00f3rum \u00e9 um \u00f3timo espa\u00e7o para crescermos como profissionais, mas tamb\u00e9m para construirmos rela\u00e7\u00f5es, aprendermos sobre o futuro do sector e percebermos como podemos continuar a acrescentar valor. Se h\u00e1 uma coisa que se torna claro ap\u00f3s um evento como este, \u00e9 que a colabora\u00e7\u00e3o e a aprendizagem cont\u00ednua s\u00e3o as chaves para nos mantermos relevantes num mundo t\u00e3o as chaves para nos mantermos relevantes num mundo t\u00e3o din\u00e2mico como o nosso.<\/p>\n<p><strong>Empack e L&amp;A Porto<\/strong>: Do seu ponto de vista, JJ, como pensa que a IA est\u00e1 a transformar a forma como as empresas interagem com os seus empresas interagem com os seus clientes e optimizam as suas opera\u00e7\u00f5es?<\/p>\n<p><strong>JJ Delgado: <\/strong>Estamos no meio de um verdadeiro tsunami de intelig\u00eancia artificial, mas para al\u00e9m disso, o que estamos realmente a viver \u00e9 uma revolu\u00e7\u00e3o tecnol\u00f3gica e digital que engloba m\u00faltiplas tecnologias disruptivas. A IA, juntamente com a automa\u00e7\u00e3o, a rob\u00f3tica, os drones e a impress\u00e3o 3D, est\u00e1 a redefinir n\u00e3o s\u00f3 a forma como as empresas interagem com os seus clientes, mas tamb\u00e9m a forma como optimizam as suas opera\u00e7\u00f5es internas.<\/p>\n<p>E o mais interessante \u00e9 que o acesso a estas tecnologias est\u00e1 a atingir o custo marginal, democratizando a sua utiliza\u00e7\u00e3o.<br>Em termos de intera\u00e7\u00e3o com o cliente, a IA est\u00e1 a levar a personaliza\u00e7\u00e3o a n\u00edveis nunca antes vistos. As empresas t\u00eam agora a capacidade de compreender profundamente os seus consumidores, antecipar as suas necessidades e proporcionar experi\u00eancias hiper-personalizadas em tempo real.<\/p>\n<p>Isto n\u00e3o s\u00f3 melhora a satisfa\u00e7\u00e3o do cliente, como tamb\u00e9m cria la\u00e7os emocionais mais fortes com as marcas. com as marcas.<br>Nas opera\u00e7\u00f5es, a IA est\u00e1 a transformar processos inteiros: desde a cadeia de abastecimento, optimizando os invent\u00e1rios e reduzindo os prazos de entrega, at\u00e9 \u00e1reas como a log\u00edstica, onde os dados preditivos permitem uma precis\u00e3o incr\u00edvel. Mas o mais importante \u00e9 que as empresas est\u00e3o a come\u00e7ar a compreender que estas tecnologias n\u00e3o s\u00e3o o destino final, mas sim ferramentas para refor\u00e7ar o seu objetivo e estabelecer uma melhor liga\u00e7\u00e3o com as pessoas.<\/p>\n<p>Esta revolu\u00e7\u00e3o n\u00e3o \u00e9 apenas tecnol\u00f3gica, \u00e9 tamb\u00e9m cultural. O desafio n\u00e3o est\u00e1 na implementa\u00e7\u00e3o da IA, mas na sua utiliza\u00e7\u00e3o \u00e9tica e estrat\u00e9gica para gerar valor real e sustent\u00e1vel.<\/p>\n<p><strong>Empack e L&amp;A Porto<\/strong>: Por \u00faltimo, que estrat\u00e9gias utiliza para se manter atualizado e continuar a desenvolver as suas compet\u00eancias num dom\u00ednio t\u00e3o din\u00e2mico como a IA? Talvez possa ser uma inspira\u00e7\u00e3o para os jovens talentos que est\u00e3o a entrar no mundo do trabalho.<\/p>\n<p><strong>JJ Delgado:<\/strong> Acredito firmemente na auto-aprendizagem. Vivemos na era da informa\u00e7\u00e3o e do conhecimento, em que o acesso a conte\u00fados de qualidade est\u00e1 ao alcance de todos, e muitas vezes a um custo muito baixo. Para mim, manter-me atualizado num dom\u00ednio t\u00e3o din\u00e2mico como a intelig\u00eancia artificial ou qualquer outra tecnologia disruptiva n\u00e3o \u00e9 apenas uma estrat\u00e9gia, \u00e9 um modo de vida.<\/p>\n<p>Aproveito ao m\u00e1ximo os recursos digitais: desde v\u00eddeos educativos em plataformas como o YouTube, a seguir os principais l\u00edderes de opini\u00e3o e profissionais em redes como o LinkedIn e o X (antigo Twitter). O segredo \u00e9 filtrar bem a informa\u00e7\u00e3o, identificar fontes fi\u00e1veis e concentrar-se em conte\u00fados que realmente acrescentem valor. Sou tamb\u00e9m um forte defensor da forma\u00e7\u00e3o em linha. Atualmente, existem cursos incrivelmente completos e acess\u00edveis que permitem especializar-se naquilo que precisa de aprender, ao seu pr\u00f3prio ritmo e a partir de qualquer lugar.<\/p>\n<p>Outra estrat\u00e9gia que utilizo \u00e9 rodear-me de pessoas que me desafiam intelectualmente. Falar com equipas multidisciplinares, participar em f\u00f3runs e eventos, e at\u00e9 participar como mentor em projectos de inova\u00e7\u00e3o, n\u00e3o s\u00f3 me ajuda a partilhar conhecimentos, como tamb\u00e9m a aprender continuamente.<\/p>\n<p>Aos jovens talentos, eu diria: nunca deixem de ser curiosos. A aprendizagem \u00e9 um processo constante e, neste mundo acelerado, aqueles que se adaptam e se reinventam estar\u00e3o sempre um passo \u00e0 frente. O conhecimento \u00e9 o ativo mais poderoso que se pode ter!<\/p>\t\t\t\t\t\t\t\t<\/div>\n\t\t\t\t<\/div>\n\t\t\t\t\t<\/div>\n\t\t<\/div>\n\t\t\t\t<div class=\"elementor-column elementor-col-50 elementor-top-column elementor-element elementor-element-19dc3572\" data-id=\"19dc3572\" data-element_type=\"column\">\n\t\t\t<div class=\"elementor-widget-wrap elementor-element-populated\">\n\t\t\t\t\t\t<div class=\"elementor-element elementor-element-404ac641 elementor-grid-1 elementor-posts--thumbnail-none elementor-grid-tablet-1 elementor-grid-mobile-1 elementor-widget elementor-widget-posts\" data-id=\"404ac641\" data-element_type=\"widget\" data-settings=\"{&quot;classic_columns&quot;:&quot;1&quot;,&quot;classic_row_gap&quot;:{&quot;unit&quot;:&quot;px&quot;,&quot;size&quot;:&quot;23&quot;,&quot;sizes&quot;:[]},&quot;classic_columns_tablet&quot;:&quot;1&quot;,&quot;_animation&quot;:&quot;none&quot;,&quot;classic_columns_mobile&quot;:&quot;1&quot;,&quot;classic_row_gap_tablet&quot;:{&quot;unit&quot;:&quot;px&quot;,&quot;size&quot;:&quot;&quot;,&quot;sizes&quot;:[]},&quot;classic_row_gap_mobile&quot;:{&quot;unit&quot;:&quot;px&quot;,&quot;size&quot;:&quot;&quot;,&quot;sizes&quot;:[]}}\" data-widget_type=\"posts.classic\">\n\t\t\t\t<div class=\"elementor-widget-container\">\n\t\t\t\t\t\t\t<div class=\"elementor-posts-container elementor-posts elementor-posts--skin-classic elementor-grid\" role=\"list\">\n\t\t\t\t<article class=\"elementor-post elementor-grid-item post-184444 post type-post status-publish format-standard has-post-thumbnail hentry category-notas-de-imprensa tag-abril tag-balanco-feira tag-congresso tag-easyfairs tag-embalagem tag-feira tag-logistica tag-nota-de-imprensa tag-portugal\" role=\"listitem\">\n\t\t\t\t<div class=\"elementor-post__text\">\n\t\t\t\t<h3 class=\"elementor-post__title\">\n\t\t\t<a href=\"https:\/\/www.empacklogisticsautomationporto.com\/pt-pt\/2026\/04\/28\/empack-e-logistics-automation-porto-avanca-para-2027-com-64-do-espaco-ja-reservado\/\" >\n\t\t\t\tEmpack e Logistics &#038; Automation Porto avan\u00e7a para 2027 com 64% do espa\u00e7o j\u00e1 reservado\t\t\t<\/a>\n\t\t<\/h3>\n\t\t\t\t<div class=\"elementor-post__excerpt\">\n\t\t\t<p>Empack e Logistics &amp; Automation Porto avan\u00e7a para 2027 com 64% do espa\u00e7o j\u00e1 reservado D\u00e9cima edi\u00e7\u00e3o da feira profissional representativa dos setores log\u00edstico e<\/p>\n\t\t<\/div>\n\t\t\n\t\t<a class=\"elementor-post__read-more\" href=\"https:\/\/www.empacklogisticsautomationporto.com\/pt-pt\/2026\/04\/28\/empack-e-logistics-automation-porto-avanca-para-2027-com-64-do-espaco-ja-reservado\/\" aria-label=\"Read more about Empack e Logistics &#038; Automation Porto avan\u00e7a para 2027 com 64% do espa\u00e7o j\u00e1 reservado\" tabindex=\"-1\" >\n\t\t\tRead More \u00bb\t\t<\/a>\n\n\t\t\t\t<\/div>\n\t\t\t\t<\/article>\n\t\t\t\t<article class=\"elementor-post elementor-grid-item post-183874 post type-post status-publish format-standard has-post-thumbnail hentry category-blog tag-automacao tag-bruxelas tag-embalagens tag-empack tag-logistica tag-manutencao tag-noticias tag-portugal\" role=\"listitem\">\n\t\t\t\t<div class=\"elementor-post__text\">\n\t\t\t\t<h3 class=\"elementor-post__title\">\n\t\t\t<a href=\"https:\/\/www.empacklogisticsautomationporto.com\/pt-pt\/2026\/04\/01\/bruxelas-clarifica-novas-regras-de-embalagens-para-acelerar-transicao-sustentavel-na-uniao-europeia\/\" >\n\t\t\t\tBruxelas clarifica novas regras de embalagens para acelerar transi\u00e7\u00e3o sustent\u00e1vel na Uni\u00e3o Europeia\t\t\t<\/a>\n\t\t<\/h3>\n\t\t\t\t<div class=\"elementor-post__excerpt\">\n\t\t\t<p>Bruxelas clarifica novas regras de embalagens para acelerar transi\u00e7\u00e3o sustent\u00e1vel na Uni\u00e3o Europeia Comiss\u00e3o Europeia publica orienta\u00e7\u00f5es para aplicar regulamento das embalagens, reduzir res\u00edduos e<\/p>\n\t\t<\/div>\n\t\t\n\t\t<a class=\"elementor-post__read-more\" href=\"https:\/\/www.empacklogisticsautomationporto.com\/pt-pt\/2026\/04\/01\/bruxelas-clarifica-novas-regras-de-embalagens-para-acelerar-transicao-sustentavel-na-uniao-europeia\/\" aria-label=\"Read more about Bruxelas clarifica novas regras de embalagens para acelerar transi\u00e7\u00e3o sustent\u00e1vel na Uni\u00e3o Europeia\" tabindex=\"-1\" >\n\t\t\tRead More \u00bb\t\t<\/a>\n\n\t\t\t\t<\/div>\n\t\t\t\t<\/article>\n\t\t\t\t<article class=\"elementor-post elementor-grid-item post-183860 post type-post status-publish format-standard has-post-thumbnail hentry category-blog tag-automacao tag-empack tag-logistica tag-manutencao tag-noticias tag-portugal tag-sustentabilidade\" role=\"listitem\">\n\t\t\t\t<div class=\"elementor-post__text\">\n\t\t\t\t<h3 class=\"elementor-post__title\">\n\t\t\t<a href=\"https:\/\/www.empacklogisticsautomationporto.com\/pt-pt\/2026\/04\/01\/dossier-sustentabilidade-e-manutencao\/\" >\n\t\t\t\tDossier sustentabilidade e manuten\u00e7\u00e3o\t\t\t<\/a>\n\t\t<\/h3>\n\t\t\t\t<div class=\"elementor-post__excerpt\">\n\t\t\t<p>Dossier sustentabilidade e manuten\u00e7\u00e3o O presente dossier chama a aten\u00e7\u00e3o para uma nova via para a manuten\u00e7\u00e3o: a liga\u00e7\u00e3o entre a manuten\u00e7\u00e3o e a sustentabilidade.<\/p>\n\t\t<\/div>\n\t\t\n\t\t<a class=\"elementor-post__read-more\" href=\"https:\/\/www.empacklogisticsautomationporto.com\/pt-pt\/2026\/04\/01\/dossier-sustentabilidade-e-manutencao\/\" aria-label=\"Read more about Dossier sustentabilidade e manuten\u00e7\u00e3o\" tabindex=\"-1\" >\n\t\t\tRead More \u00bb\t\t<\/a>\n\n\t\t\t\t<\/div>\n\t\t\t\t<\/article>\n\t\t\t\t<article class=\"elementor-post elementor-grid-item post-183838 post type-post status-publish format-standard has-post-thumbnail hentry category-blog tag-decima-edicao tag-domino tag-historias-que-inspiram tag-marque-tdi\" role=\"listitem\">\n\t\t\t\t<div class=\"elementor-post__text\">\n\t\t\t\t<h3 class=\"elementor-post__title\">\n\t\t\t<a href=\"https:\/\/www.empacklogisticsautomationporto.com\/pt-pt\/2026\/04\/01\/historias-que-inspiram-domino\/\" >\n\t\t\t\tHist\u00f3rias que Inspiram &#8211; DOMINO\t\t\t<\/a>\n\t\t<\/h3>\n\t\t\t\t<div class=\"elementor-post__excerpt\">\n\t\t\t<p>Hist\u00f3rias que Inspiram 10 anos de Empack e Logistics &amp; Automation Porto Hist\u00f3rias que Inspiram nasce para celebrar os expositores que estiveram connosco desde o<\/p>\n\t\t<\/div>\n\t\t\n\t\t<a class=\"elementor-post__read-more\" href=\"https:\/\/www.empacklogisticsautomationporto.com\/pt-pt\/2026\/04\/01\/historias-que-inspiram-domino\/\" aria-label=\"Read more about Hist\u00f3rias que Inspiram &#8211; DOMINO\" tabindex=\"-1\" >\n\t\t\tRead More \u00bb\t\t<\/a>\n\n\t\t\t\t<\/div>\n\t\t\t\t<\/article>\n\t\t\t\t<\/div>\n\t\t\n\t\t\t\t\t\t<\/div>\n\t\t\t\t<\/div>\n\t\t\t\t<div class=\"elementor-element elementor-element-1f3f2b92 elementor-widget-divider--view-line elementor-widget elementor-widget-divider\" data-id=\"1f3f2b92\" data-element_type=\"widget\" data-widget_type=\"divider.default\">\n\t\t\t\t<div class=\"elementor-widget-container\">\n\t\t\t\t\t\t\t<div class=\"elementor-divider\">\n\t\t\t<span class=\"elementor-divider-separator\">\n\t\t\t\t\t\t<\/span>\n\t\t<\/div>\n\t\t\t\t\t\t<\/div>\n\t\t\t\t<\/div>\n\t\t\t\t\t<\/div>\n\t\t<\/div>\n\t\t\t\t\t<\/div>\n\t\t<\/section>\n\t\t\t\t<\/div>\n\t\t","protected":false},"excerpt":{"rendered":"<p>Um caf\u00e9 com\u2026 JJ Delgado, General Manager, MOVE Estrella Galicia Digital Empack e L&amp;A Porto: Para come\u00e7ar, diga-nos quem \u00e9 JJ Delgado e como \u00e9 o seu dia a dia. JJ Delgado: O meu dia come\u00e7a sempre com algo que fa\u00e7o s\u00f3 para mim. Penso que \u00e9 importante come\u00e7ar o dia cuidando de si pr\u00f3prio, [&hellip;]<\/p>\n","protected":false},"author":1256,"featured_media":121813,"comment_status":"closed","ping_status":"closed","sticky":false,"template":"","format":"standard","meta":{"_seopress_robots_primary_cat":"none","_seopress_titles_title":"Um caf\u00e9 com | Empack e Logistics &amp; Automation Porto","_seopress_titles_desc":"Veja as not\u00edcias dos sectores de embalagens e log\u00edstica em Portugal.","_seopress_robots_index":"","footnotes":""},"categories":[392,1408],"tags":[1662,1661,1663,899],"edition":[],"class_list":["post-121803","post","type-post","status-publish","format-standard","has-post-thumbnail","hentry","category-blog","category-um-cafe-com","tag-general-manager","tag-jj-delgado","tag-move-estrella-galicia-digital","tag-um-cafe-com"],"_links":{"self":[{"href":"https:\/\/www.empacklogisticsautomationporto.com\/pt-pt\/wp-json\/wp\/v2\/posts\/121803","targetHints":{"allow":["GET"]}}],"collection":[{"href":"https:\/\/www.empacklogisticsautomationporto.com\/pt-pt\/wp-json\/wp\/v2\/posts"}],"about":[{"href":"https:\/\/www.empacklogisticsautomationporto.com\/pt-pt\/wp-json\/wp\/v2\/types\/post"}],"author":[{"embeddable":true,"href":"https:\/\/www.empacklogisticsautomationporto.com\/pt-pt\/wp-json\/wp\/v2\/users\/1256"}],"replies":[{"embeddable":true,"href":"https:\/\/www.empacklogisticsautomationporto.com\/pt-pt\/wp-json\/wp\/v2\/comments?post=121803"}],"version-history":[{"count":5,"href":"https:\/\/www.empacklogisticsautomationporto.com\/pt-pt\/wp-json\/wp\/v2\/posts\/121803\/revisions"}],"predecessor-version":[{"id":121825,"href":"https:\/\/www.empacklogisticsautomationporto.com\/pt-pt\/wp-json\/wp\/v2\/posts\/121803\/revisions\/121825"}],"wp:featuredmedia":[{"embeddable":true,"href":"https:\/\/www.empacklogisticsautomationporto.com\/pt-pt\/wp-json\/wp\/v2\/media\/121813"}],"wp:attachment":[{"href":"https:\/\/www.empacklogisticsautomationporto.com\/pt-pt\/wp-json\/wp\/v2\/media?parent=121803"}],"wp:term":[{"taxonomy":"category","embeddable":true,"href":"https:\/\/www.empacklogisticsautomationporto.com\/pt-pt\/wp-json\/wp\/v2\/categories?post=121803"},{"taxonomy":"post_tag","embeddable":true,"href":"https:\/\/www.empacklogisticsautomationporto.com\/pt-pt\/wp-json\/wp\/v2\/tags?post=121803"},{"taxonomy":"edition","embeddable":true,"href":"https:\/\/www.empacklogisticsautomationporto.com\/pt-pt\/wp-json\/wp\/v2\/edition?post=121803"}],"curies":[{"name":"wp","href":"https:\/\/api.w.org\/{rel}","templated":true}]}}