{"id":121840,"date":"2024-12-03T12:14:26","date_gmt":"2024-12-03T12:14:26","guid":{"rendered":"https:\/\/www.empacklogisticsautomationporto.com\/?p=121840"},"modified":"2024-12-03T12:24:12","modified_gmt":"2024-12-03T12:24:12","slug":"portugal-eleito-melhor-destino-de-enoturismo-do-mundo-pela-fibega","status":"publish","type":"post","link":"https:\/\/www.empacklogisticsautomationporto.com\/pt-pt\/2024\/12\/03\/portugal-eleito-melhor-destino-de-enoturismo-do-mundo-pela-fibega\/","title":{"rendered":"Portugal eleito Melhor Destino de Enoturismo do Mundo pela FIBEGA"},"content":{"rendered":"\t\t<div data-elementor-type=\"wp-post\" data-elementor-id=\"121840\" class=\"elementor elementor-121840\" data-elementor-post-type=\"post\">\n\t\t\t\t\t\t<section class=\"elementor-section elementor-top-section elementor-element elementor-element-6c4d399f elementor-section-full_width elementor-section-height-default elementor-section-height-default\" data-id=\"6c4d399f\" data-element_type=\"section\">\n\t\t\t\t\t\t<div class=\"elementor-container elementor-column-gap-default\">\n\t\t\t\t\t<div class=\"elementor-column elementor-col-50 elementor-top-column elementor-element elementor-element-7e8189c8\" data-id=\"7e8189c8\" data-element_type=\"column\">\n\t\t\t<div class=\"elementor-widget-wrap elementor-element-populated\">\n\t\t\t\t\t\t<div class=\"elementor-element elementor-element-5385dc8d elementor-invisible elementor-widget elementor-widget-heading\" data-id=\"5385dc8d\" data-element_type=\"widget\" data-settings=\"{&quot;_animation&quot;:&quot;fadeIn&quot;}\" data-widget_type=\"heading.default\">\n\t\t\t\t<div class=\"elementor-widget-container\">\n\t\t\t\t\t<h1 class=\"elementor-heading-title elementor-size-default\">Portugal eleito Melhor Destino de Enoturismo do Mundo pela FIBEGA<\/h1>\t\t\t\t<\/div>\n\t\t\t\t<\/div>\n\t\t\t\t<div class=\"elementor-element elementor-element-0fcab1a elementor-widget elementor-widget-image\" data-id=\"0fcab1a\" data-element_type=\"widget\" data-widget_type=\"image.default\">\n\t\t\t\t<div class=\"elementor-widget-container\">\n\t\t\t\t\t\t\t\t\t\t\t\t\t\t\t<img fetchpriority=\"high\" decoding=\"async\" width=\"400\" height=\"250\" src=\"https:\/\/easyfairsassets.com\/sites\/68\/2024\/12\/0312-enoturismo.png\" class=\"attachment-medium_large size-medium_large wp-image-121846\" alt=\"enoturismo portugal\" srcset=\"https:\/\/easyfairsassets.com\/sites\/68\/2024\/12\/0312-enoturismo.png 400w, https:\/\/easyfairsassets.com\/sites\/68\/2024\/12\/0312-enoturismo-300x188.png 300w\" sizes=\"(max-width: 400px) 100vw, 400px\" \/>\t\t\t\t\t\t\t\t\t\t\t\t\t\t\t<\/div>\n\t\t\t\t<\/div>\n\t\t\t\t<div class=\"elementor-element elementor-element-4eb7a90d elementor-widget-tablet__width-initial elementor-widget elementor-widget-text-editor\" data-id=\"4eb7a90d\" data-element_type=\"widget\" data-settings=\"{&quot;_animation&quot;:&quot;none&quot;}\" data-widget_type=\"text-editor.default\">\n\t\t\t\t<div class=\"elementor-widget-container\">\n\t\t\t\t\t\t\t\t\t<p>Portugal foi distinguido como o Melhor Destino de Enoturismo do Mundo, numa cerim\u00f3nia realizada pela Feira Internacional de Turismo Gastron\u00f3mico (FIBEGA), em Madrid.<\/p><p>Com 14 regi\u00f5es vin\u00edcolas e mais de 190 mil hectares de vinhas, Portugal \u00e9 o nono pa\u00eds com maior \u00e1rea de vinha do mundo e o terceiro com maior diversidade de castas aut\u00f3ctones, contando com mais de 250 variedades \u00fanicas. O pa\u00eds tamb\u00e9m abriga a primeira Regi\u00e3o Demarcada e Regulamentada do mundo, o Douro, classificada como Patrim\u00f3nio Mundial da UNESCO desde 2001.<\/p><p>Carlos Abade, presidente do Turismo de Portugal, destacou que este pr\u00e9mio \u00e9 resultado de um esfor\u00e7o coletivo.\u00a0<em>\u201cEste reconhecimento internacional \u00e9 um testemunho do trabalho conjunto, e do qual o Turismo de Portugal se orgulha, entre produtores, empres\u00e1rios, entidades p\u00fablicas e privadas. Refor\u00e7a o compromisso do pa\u00eds com a excel\u00eancia no enoturismo, consolida a nossa posi\u00e7\u00e3o de lideran\u00e7a global e demonstra a import\u00e2ncia de continuar a inovar, desenvolver parcerias e qualificar a oferta com experi\u00eancias aut\u00eanticas e sofisticadas que ligam os visitantes com o territ\u00f3rio e a comunidade\u201d.<\/em><\/p><p><strong>Iniciativas<\/strong><\/p><div id=\"grand-493336519\" class=\"grand-content pub-inside-content grand-target\" data-grand-trackid=\"215695\" data-grand-trackbid=\"1\"><div id=\"LeaderboardPos1\" data-pub=\"appNexus\" data-pub-siteid=\"BOOST_Beyondmeridian_Grandeconsumo\" data-pub-pageid=\"WEB\" data-pub-formatid=\"Leaderboard\" data-pub-target=\"\" data-observer=\"true\" data-pub-counted=\"yes\" data-pub-processed=\"yes\" data-google-query-id=\"COOn8Z_Ki4oDFZBcpAQd1oEHlQ\" data-pub-rendered=\"yes\"><p>Nos \u00faltimos anos, Portugal tem liderado rankings globais no enoturismo, como o The Wine Lover\u2019s Index, superando destinos de renome como It\u00e1lia, Espanha e Fran\u00e7a.<\/p><p>Em 2024, o pa\u00eds teve 11 propriedades reconhecidas no World\u2019s Best Vineyards, tr\u00eas das quais figuram entre as 50 melhores.<\/p><p>Desde o lan\u00e7amento do Programa de A\u00e7\u00e3o para o Enoturismo em 2019, o sector recebeu um investimento superior a 94 milh\u00f5es de euros, beneficiando mais de 80 projetos e promovendo a forma\u00e7\u00e3o de 3.800 profissionais.<\/p><\/div><\/div>\t\t\t\t\t\t\t\t<\/div>\n\t\t\t\t<\/div>\n\t\t\t\t<div class=\"elementor-element elementor-element-bf4d5ca elementor-widget elementor-widget-button\" data-id=\"bf4d5ca\" data-element_type=\"widget\" data-widget_type=\"button.default\">\n\t\t\t\t<div class=\"elementor-widget-container\">\n\t\t\t\t\t\t\t\t\t<div class=\"elementor-button-wrapper\">\n\t\t\t\t\t<a class=\"elementor-button elementor-button-link elementor-size-md\" href=\"https:\/\/grandeconsumo.com\/portugal-eleito-melhor-destino-de-enoturismo-do-mundo-pela-fibega\/\">\n\t\t\t\t\t\t<span class=\"elementor-button-content-wrapper\">\n\t\t\t\t\t\t\t\t\t<span class=\"elementor-button-text\">Leia a not\u00edcia completa<\/span>\n\t\t\t\t\t<\/span>\n\t\t\t\t\t<\/a>\n\t\t\t\t<\/div>\n\t\t\t\t\t\t\t\t<\/div>\n\t\t\t\t<\/div>\n\t\t\t\t\t<\/div>\n\t\t<\/div>\n\t\t\t\t<div class=\"elementor-column elementor-col-50 elementor-top-column elementor-element elementor-element-19dc3572\" data-id=\"19dc3572\" data-element_type=\"column\">\n\t\t\t<div class=\"elementor-widget-wrap elementor-element-populated\">\n\t\t\t\t\t\t<div class=\"elementor-element elementor-element-404ac641 elementor-grid-1 elementor-posts--thumbnail-none elementor-grid-tablet-1 elementor-grid-mobile-1 elementor-widget elementor-widget-posts\" data-id=\"404ac641\" data-element_type=\"widget\" data-settings=\"{&quot;classic_columns&quot;:&quot;1&quot;,&quot;classic_row_gap&quot;:{&quot;unit&quot;:&quot;px&quot;,&quot;size&quot;:&quot;23&quot;,&quot;sizes&quot;:[]},&quot;classic_columns_tablet&quot;:&quot;1&quot;,&quot;_animation&quot;:&quot;none&quot;,&quot;classic_columns_mobile&quot;:&quot;1&quot;,&quot;classic_row_gap_tablet&quot;:{&quot;unit&quot;:&quot;px&quot;,&quot;size&quot;:&quot;&quot;,&quot;sizes&quot;:[]},&quot;classic_row_gap_mobile&quot;:{&quot;unit&quot;:&quot;px&quot;,&quot;size&quot;:&quot;&quot;,&quot;sizes&quot;:[]}}\" data-widget_type=\"posts.classic\">\n\t\t\t\t<div class=\"elementor-widget-container\">\n\t\t\t\t\t\t\t<div class=\"elementor-posts-container elementor-posts elementor-posts--skin-classic elementor-grid\" role=\"list\">\n\t\t\t\t<article class=\"elementor-post elementor-grid-item post-184444 post type-post status-publish format-standard has-post-thumbnail hentry category-notas-de-imprensa tag-abril tag-balanco-feira tag-congresso tag-easyfairs tag-embalagem tag-feira tag-logistica tag-nota-de-imprensa tag-portugal\" role=\"listitem\">\n\t\t\t\t<div class=\"elementor-post__text\">\n\t\t\t\t<h3 class=\"elementor-post__title\">\n\t\t\t<a href=\"https:\/\/www.empacklogisticsautomationporto.com\/pt-pt\/2026\/04\/28\/empack-e-logistics-automation-porto-avanca-para-2027-com-64-do-espaco-ja-reservado\/\" >\n\t\t\t\tEmpack e Logistics &#038; Automation Porto avan\u00e7a para 2027 com 64% do espa\u00e7o j\u00e1 reservado\t\t\t<\/a>\n\t\t<\/h3>\n\t\t\t\t<div class=\"elementor-post__excerpt\">\n\t\t\t<p>Empack e Logistics &amp; Automation Porto avan\u00e7a para 2027 com 64% do espa\u00e7o j\u00e1 reservado D\u00e9cima edi\u00e7\u00e3o da feira profissional representativa dos setores log\u00edstico e<\/p>\n\t\t<\/div>\n\t\t\n\t\t<a class=\"elementor-post__read-more\" href=\"https:\/\/www.empacklogisticsautomationporto.com\/pt-pt\/2026\/04\/28\/empack-e-logistics-automation-porto-avanca-para-2027-com-64-do-espaco-ja-reservado\/\" aria-label=\"Read more about Empack e Logistics &#038; Automation Porto avan\u00e7a para 2027 com 64% do espa\u00e7o j\u00e1 reservado\" tabindex=\"-1\" >\n\t\t\tRead More \u00bb\t\t<\/a>\n\n\t\t\t\t<\/div>\n\t\t\t\t<\/article>\n\t\t\t\t<article class=\"elementor-post elementor-grid-item post-183874 post type-post status-publish format-standard has-post-thumbnail hentry category-blog tag-automacao tag-bruxelas tag-embalagens tag-empack tag-logistica tag-manutencao tag-noticias tag-portugal\" role=\"listitem\">\n\t\t\t\t<div class=\"elementor-post__text\">\n\t\t\t\t<h3 class=\"elementor-post__title\">\n\t\t\t<a href=\"https:\/\/www.empacklogisticsautomationporto.com\/pt-pt\/2026\/04\/01\/bruxelas-clarifica-novas-regras-de-embalagens-para-acelerar-transicao-sustentavel-na-uniao-europeia\/\" >\n\t\t\t\tBruxelas clarifica novas regras de embalagens para acelerar transi\u00e7\u00e3o sustent\u00e1vel na Uni\u00e3o Europeia\t\t\t<\/a>\n\t\t<\/h3>\n\t\t\t\t<div class=\"elementor-post__excerpt\">\n\t\t\t<p>Bruxelas clarifica novas regras de embalagens para acelerar transi\u00e7\u00e3o sustent\u00e1vel na Uni\u00e3o Europeia Comiss\u00e3o Europeia publica orienta\u00e7\u00f5es para aplicar regulamento das embalagens, reduzir res\u00edduos e<\/p>\n\t\t<\/div>\n\t\t\n\t\t<a class=\"elementor-post__read-more\" href=\"https:\/\/www.empacklogisticsautomationporto.com\/pt-pt\/2026\/04\/01\/bruxelas-clarifica-novas-regras-de-embalagens-para-acelerar-transicao-sustentavel-na-uniao-europeia\/\" aria-label=\"Read more about Bruxelas clarifica novas regras de embalagens para acelerar transi\u00e7\u00e3o sustent\u00e1vel na Uni\u00e3o Europeia\" tabindex=\"-1\" >\n\t\t\tRead More \u00bb\t\t<\/a>\n\n\t\t\t\t<\/div>\n\t\t\t\t<\/article>\n\t\t\t\t<article class=\"elementor-post elementor-grid-item post-183860 post type-post status-publish format-standard has-post-thumbnail hentry category-blog tag-automacao tag-empack tag-logistica tag-manutencao tag-noticias tag-portugal tag-sustentabilidade\" role=\"listitem\">\n\t\t\t\t<div class=\"elementor-post__text\">\n\t\t\t\t<h3 class=\"elementor-post__title\">\n\t\t\t<a href=\"https:\/\/www.empacklogisticsautomationporto.com\/pt-pt\/2026\/04\/01\/dossier-sustentabilidade-e-manutencao\/\" >\n\t\t\t\tDossier sustentabilidade e manuten\u00e7\u00e3o\t\t\t<\/a>\n\t\t<\/h3>\n\t\t\t\t<div class=\"elementor-post__excerpt\">\n\t\t\t<p>Dossier sustentabilidade e manuten\u00e7\u00e3o O presente dossier chama a aten\u00e7\u00e3o para uma nova via para a manuten\u00e7\u00e3o: a liga\u00e7\u00e3o entre a manuten\u00e7\u00e3o e a sustentabilidade.<\/p>\n\t\t<\/div>\n\t\t\n\t\t<a class=\"elementor-post__read-more\" href=\"https:\/\/www.empacklogisticsautomationporto.com\/pt-pt\/2026\/04\/01\/dossier-sustentabilidade-e-manutencao\/\" aria-label=\"Read more about Dossier sustentabilidade e manuten\u00e7\u00e3o\" tabindex=\"-1\" >\n\t\t\tRead More \u00bb\t\t<\/a>\n\n\t\t\t\t<\/div>\n\t\t\t\t<\/article>\n\t\t\t\t<article class=\"elementor-post elementor-grid-item post-183838 post type-post status-publish format-standard has-post-thumbnail hentry category-blog tag-decima-edicao tag-domino tag-historias-que-inspiram tag-marque-tdi\" role=\"listitem\">\n\t\t\t\t<div class=\"elementor-post__text\">\n\t\t\t\t<h3 class=\"elementor-post__title\">\n\t\t\t<a href=\"https:\/\/www.empacklogisticsautomationporto.com\/pt-pt\/2026\/04\/01\/historias-que-inspiram-domino\/\" >\n\t\t\t\tHist\u00f3rias que Inspiram &#8211; DOMINO\t\t\t<\/a>\n\t\t<\/h3>\n\t\t\t\t<div class=\"elementor-post__excerpt\">\n\t\t\t<p>Hist\u00f3rias que Inspiram 10 anos de Empack e Logistics &amp; Automation Porto Hist\u00f3rias que Inspiram nasce para celebrar os expositores que estiveram connosco desde o<\/p>\n\t\t<\/div>\n\t\t\n\t\t<a class=\"elementor-post__read-more\" href=\"https:\/\/www.empacklogisticsautomationporto.com\/pt-pt\/2026\/04\/01\/historias-que-inspiram-domino\/\" aria-label=\"Read more about Hist\u00f3rias que Inspiram &#8211; DOMINO\" tabindex=\"-1\" >\n\t\t\tRead More \u00bb\t\t<\/a>\n\n\t\t\t\t<\/div>\n\t\t\t\t<\/article>\n\t\t\t\t<\/div>\n\t\t\n\t\t\t\t\t\t<\/div>\n\t\t\t\t<\/div>\n\t\t\t\t<div class=\"elementor-element elementor-element-1f3f2b92 elementor-widget-divider--view-line elementor-widget elementor-widget-divider\" data-id=\"1f3f2b92\" data-element_type=\"widget\" data-widget_type=\"divider.default\">\n\t\t\t\t<div class=\"elementor-widget-container\">\n\t\t\t\t\t\t\t<div class=\"elementor-divider\">\n\t\t\t<span class=\"elementor-divider-separator\">\n\t\t\t\t\t\t<\/span>\n\t\t<\/div>\n\t\t\t\t\t\t<\/div>\n\t\t\t\t<\/div>\n\t\t\t\t\t<\/div>\n\t\t<\/div>\n\t\t\t\t\t<\/div>\n\t\t<\/section>\n\t\t\t\t<\/div>\n\t\t","protected":false},"excerpt":{"rendered":"<p>Portugal eleito Melhor Destino de Enoturismo do Mundo pela FIBEGA Portugal foi distinguido como o Melhor Destino de Enoturismo do Mundo, numa cerim\u00f3nia realizada pela Feira Internacional de Turismo Gastron\u00f3mico (FIBEGA), em Madrid. Com 14 regi\u00f5es vin\u00edcolas e mais de 190 mil hectares de vinhas, Portugal \u00e9 o nono pa\u00eds com maior \u00e1rea de vinha [&hellip;]<\/p>\n","protected":false},"author":1256,"featured_media":121846,"comment_status":"closed","ping_status":"closed","sticky":false,"template":"","format":"standard","meta":{"_seopress_robots_primary_cat":"none","_seopress_titles_title":"Not\u00edcias | Empack e Logistics &amp; Automation Porto","_seopress_titles_desc":"Veja as not\u00edcias dos sectores de embalagem e log\u00edstica em Portugal.","_seopress_robots_index":"","footnotes":""},"categories":[392],"tags":[1670,1671,671],"edition":[],"class_list":["post-121840","post","type-post","status-publish","format-standard","has-post-thumbnail","hentry","category-blog","tag-enoturismo","tag-fibega","tag-portugal"],"_links":{"self":[{"href":"https:\/\/www.empacklogisticsautomationporto.com\/pt-pt\/wp-json\/wp\/v2\/posts\/121840","targetHints":{"allow":["GET"]}}],"collection":[{"href":"https:\/\/www.empacklogisticsautomationporto.com\/pt-pt\/wp-json\/wp\/v2\/posts"}],"about":[{"href":"https:\/\/www.empacklogisticsautomationporto.com\/pt-pt\/wp-json\/wp\/v2\/types\/post"}],"author":[{"embeddable":true,"href":"https:\/\/www.empacklogisticsautomationporto.com\/pt-pt\/wp-json\/wp\/v2\/users\/1256"}],"replies":[{"embeddable":true,"href":"https:\/\/www.empacklogisticsautomationporto.com\/pt-pt\/wp-json\/wp\/v2\/comments?post=121840"}],"version-history":[{"count":5,"href":"https:\/\/www.empacklogisticsautomationporto.com\/pt-pt\/wp-json\/wp\/v2\/posts\/121840\/revisions"}],"predecessor-version":[{"id":121852,"href":"https:\/\/www.empacklogisticsautomationporto.com\/pt-pt\/wp-json\/wp\/v2\/posts\/121840\/revisions\/121852"}],"wp:featuredmedia":[{"embeddable":true,"href":"https:\/\/www.empacklogisticsautomationporto.com\/pt-pt\/wp-json\/wp\/v2\/media\/121846"}],"wp:attachment":[{"href":"https:\/\/www.empacklogisticsautomationporto.com\/pt-pt\/wp-json\/wp\/v2\/media?parent=121840"}],"wp:term":[{"taxonomy":"category","embeddable":true,"href":"https:\/\/www.empacklogisticsautomationporto.com\/pt-pt\/wp-json\/wp\/v2\/categories?post=121840"},{"taxonomy":"post_tag","embeddable":true,"href":"https:\/\/www.empacklogisticsautomationporto.com\/pt-pt\/wp-json\/wp\/v2\/tags?post=121840"},{"taxonomy":"edition","embeddable":true,"href":"https:\/\/www.empacklogisticsautomationporto.com\/pt-pt\/wp-json\/wp\/v2\/edition?post=121840"}],"curies":[{"name":"wp","href":"https:\/\/api.w.org\/{rel}","templated":true}]}}