{"id":121853,"date":"2024-12-03T12:42:18","date_gmt":"2024-12-03T12:42:18","guid":{"rendered":"https:\/\/www.empacklogisticsautomationporto.com\/?p=121853"},"modified":"2024-12-03T12:52:29","modified_gmt":"2024-12-03T12:52:29","slug":"reutilizacao-de-embalagens-e-texteis-pode-gerar-milhoes-de-dolares","status":"publish","type":"post","link":"https:\/\/www.empacklogisticsautomationporto.com\/pt-pt\/2024\/12\/03\/reutilizacao-de-embalagens-e-texteis-pode-gerar-milhoes-de-dolares\/","title":{"rendered":"Reutiliza\u00e7\u00e3o de embalagens e t\u00eaxteis pode gerar milh\u00f5es de d\u00f3lares"},"content":{"rendered":"\t\t<div data-elementor-type=\"wp-post\" data-elementor-id=\"121853\" class=\"elementor elementor-121853\" data-elementor-post-type=\"post\">\n\t\t\t\t\t\t<section class=\"elementor-section elementor-top-section elementor-element elementor-element-6c4d399f elementor-section-full_width elementor-section-height-default elementor-section-height-default\" data-id=\"6c4d399f\" data-element_type=\"section\">\n\t\t\t\t\t\t<div class=\"elementor-container elementor-column-gap-default\">\n\t\t\t\t\t<div class=\"elementor-column elementor-col-50 elementor-top-column elementor-element elementor-element-7e8189c8\" data-id=\"7e8189c8\" data-element_type=\"column\">\n\t\t\t<div class=\"elementor-widget-wrap elementor-element-populated\">\n\t\t\t\t\t\t<div class=\"elementor-element elementor-element-5385dc8d elementor-invisible elementor-widget elementor-widget-heading\" data-id=\"5385dc8d\" data-element_type=\"widget\" data-settings=\"{&quot;_animation&quot;:&quot;fadeIn&quot;}\" data-widget_type=\"heading.default\">\n\t\t\t\t<div class=\"elementor-widget-container\">\n\t\t\t\t\t<h1 class=\"elementor-heading-title elementor-size-default\">Reutiliza\u00e7\u00e3o de embalagens e t\u00eaxteis pode gerar milh\u00f5es de d\u00f3lares<\/h1>\t\t\t\t<\/div>\n\t\t\t\t<\/div>\n\t\t\t\t<div class=\"elementor-element elementor-element-0fcab1a elementor-widget elementor-widget-image\" data-id=\"0fcab1a\" data-element_type=\"widget\" data-widget_type=\"image.default\">\n\t\t\t\t<div class=\"elementor-widget-container\">\n\t\t\t\t\t\t\t\t\t\t\t\t\t\t\t<img fetchpriority=\"high\" decoding=\"async\" width=\"400\" height=\"250\" src=\"https:\/\/easyfairsassets.com\/sites\/68\/2024\/12\/0312-reutilizacion.png\" class=\"attachment-medium_large size-medium_large wp-image-121859\" alt=\"reutilizar packaging y textil\" srcset=\"https:\/\/easyfairsassets.com\/sites\/68\/2024\/12\/0312-reutilizacion.png 400w, https:\/\/easyfairsassets.com\/sites\/68\/2024\/12\/0312-reutilizacion-300x188.png 300w\" sizes=\"(max-width: 400px) 100vw, 400px\" \/>\t\t\t\t\t\t\t\t\t\t\t\t\t\t\t<\/div>\n\t\t\t\t<\/div>\n\t\t\t\t<div class=\"elementor-element elementor-element-4eb7a90d elementor-widget-tablet__width-initial elementor-widget elementor-widget-text-editor\" data-id=\"4eb7a90d\" data-element_type=\"widget\" data-settings=\"{&quot;_animation&quot;:&quot;none&quot;}\" data-widget_type=\"text-editor.default\">\n\t\t\t\t<div class=\"elementor-widget-container\">\n\t\t\t\t\t\t\t\t\t<p>Um novo estudo destaca a urg\u00eancia de tornar circular a utiliza\u00e7\u00e3o de embalagens PET e t\u00eaxteis de poli\u00e9ster e aponta medidas que permitir\u00e3o criar, at\u00e9 2040, mais de 46 mil postos de trabalho e gerar quase 5 mil milh\u00f5es de d\u00f3lares por ano.<\/p><p>Publicado pela Systemiq com o apoio da Closed Loop Partners, da Eunomia e da The Recycling Partnership, o estudo, intitulado \u201cTransforming PET Packaging and Textiles in the United States\u201d, apresenta um plano abrangente para transformar as ind\u00fastrias norte-americanas de embalagens PET e t\u00eaxteis de poli\u00e9ster, promovendo sistemas circulares de baixo desperd\u00edcio e emiss\u00f5es at\u00e9 2040.<\/p><p>As embalagens PET e os t\u00eaxteis de poli\u00e9ster, amplamente utilizados em garrafas de bebidas, bandejas alimentares, vestu\u00e1rio e carpetes, representam 30% do consumo de embalagens pl\u00e1sticas e t\u00eaxteis nos EUA. Estima-se que, sem mudan\u00e7as, o consumo de PET\/poli\u00e9ster aumentar\u00e1 1,5 vezes at\u00e9 2040, resultando em 13 milh\u00f5es de toneladas de res\u00edduos anuais \u2013 o equivalente a 750.000 cami\u00f5es de lixo \u2013 e emiss\u00f5es de gases com efeito de estufa 2,5 vezes superiores \u00e0s permitidas para cumprir as metas clim\u00e1ticas dos EUA.<\/p><p>O estudo destaca o potencial de abordagens de economia circular, como a redu\u00e7\u00e3o de materiais evit\u00e1veis, reutiliza\u00e7\u00e3o de embalagens, revenda de t\u00eaxteis e expans\u00e3o da reciclagem. Tecnologias emergentes, como a reciclagem por despolimeriza\u00e7\u00e3o, podem complementar os m\u00e9todos mec\u00e2nicos, permitindo a reciclagem de materiais dif\u00edceis em qualidade virgem, reduzindo a depend\u00eancia de combust\u00edveis f\u00f3sseis e cortando emiss\u00f5es.<\/p><p>Se implementadas at\u00e9 2040, estas medidas podem, segundo o estudo, permitir aumentar a taxa de reciclagem de embalagens PET de 23% para 70% e de t\u00eaxteis de poli\u00e9ster de 1% para 19%, reduzir em 50% o consumo de PET\/poli\u00e9ster virgem e do desperd\u00edcio enviado para aterros, e cortar em 60% as emiss\u00f5es projetadas de gases com efeito de estufa das embalagens.<\/p><p>O impacto econ\u00f3mico tamb\u00e9m \u00e9 significativo: o plano poder\u00e1 criar 46.000 empregos diretos nos EUA e gerar 4,9 mil milh\u00f5es de d\u00f3lares por ano em receitas adicionais para a ind\u00fastria de reciclagem.<\/p><p>\u00ab\u00c9 essencial um esfor\u00e7o colaborativo ao longo da cadeia de valor para abandonar o atual sistema linear e aproveitar ao m\u00e1ximo estes materiais valiosos. Este relat\u00f3rio mostra uma oportunidade clara: ao adotar solu\u00e7\u00f5es de economia circular, podemos recuperar milhares de milh\u00f5es em valor, reduzir res\u00edduos, baixar emiss\u00f5es e criar milhares de empregos nos EUA\u00bb, aponta Kate Daly, diretora-geral da Closed Loop Partners.<\/p><p>Para concretizar esta transforma\u00e7\u00e3o, o estudo apela a uma a\u00e7\u00e3o coordenada de legisladores, l\u00edderes industriais e investidores, recomendando a implementa\u00e7\u00e3o de legisla\u00e7\u00e3o de responsabilidade alargada do produtor (RAP) bem pensadas, que incentivem o design de produtos para a circularidade e ampliem a infraestrutura de reciclagem nos EUA, a promo\u00e7\u00e3o de recolha e triagem mais eficientes, assim como a utiliza\u00e7\u00e3o de tecnologias inovadoras como a despolimeriza\u00e7\u00e3o, inser\u00e7\u00e3o de conte\u00fado reciclado p\u00f3s-consumo e redu\u00e7\u00e3o do consumo desnecess\u00e1rio.<\/p><p>\u00abOs sectores das embalagens e t\u00eaxtil nos EUA t\u00eam uma oportunidade real de liderar a inova\u00e7\u00e3o circular\u00bb, indica Brad Lich, vice-presidente executivo da Eastman. \u00abA Eastman acredita que escalar tecnologias novas e comprovadas como a despolimeriza\u00e7\u00e3o, juntamente com a reciclagem mec\u00e2nica, e abordagens adicionais de economia circular como a reutiliza\u00e7\u00e3o, reduzir\u00e1 a nossa depend\u00eancia de combust\u00edveis f\u00f3sseis, criar\u00e1 empregos e diminuir\u00e1 significativamente as emiss\u00f5es\u00bb, enumera.<\/p><p>\u00abPara os EUA alcan\u00e7arem o potencial total de uma economia circular para o PET e poli\u00e9ster, \u00e9 vital que os legisladores estatais e federais implementem pol\u00edticas ambiciosas, incluindo um RAP bem estruturado. Parcerias p\u00fablico-privadas fortes e quadros regulamentares claros s\u00e3o essenciais para criar infraestruturas, atrair investimentos e impulsionar as mudan\u00e7as necess\u00e1rias no sistema de reciclagem\u00bb, conclui Kate Davenport, diretora de pol\u00edtica da The Recycling Partnership.<\/p>\t\t\t\t\t\t\t\t<\/div>\n\t\t\t\t<\/div>\n\t\t\t\t<div class=\"elementor-element elementor-element-bf4d5ca elementor-widget elementor-widget-button\" data-id=\"bf4d5ca\" data-element_type=\"widget\" data-widget_type=\"button.default\">\n\t\t\t\t<div class=\"elementor-widget-container\">\n\t\t\t\t\t\t\t\t\t<div class=\"elementor-button-wrapper\">\n\t\t\t\t\t<a class=\"elementor-button elementor-button-link elementor-size-md\" href=\"https:\/\/portugaltextil.com\/reutilizacao-de-embalagens-e-texteis-pode-gerar-milhoes-de-dolares\/\">\n\t\t\t\t\t\t<span class=\"elementor-button-content-wrapper\">\n\t\t\t\t\t\t\t\t\t<span class=\"elementor-button-text\">Leia a not\u00edcia completa<\/span>\n\t\t\t\t\t<\/span>\n\t\t\t\t\t<\/a>\n\t\t\t\t<\/div>\n\t\t\t\t\t\t\t\t<\/div>\n\t\t\t\t<\/div>\n\t\t\t\t\t<\/div>\n\t\t<\/div>\n\t\t\t\t<div class=\"elementor-column elementor-col-50 elementor-top-column elementor-element elementor-element-19dc3572\" data-id=\"19dc3572\" data-element_type=\"column\">\n\t\t\t<div class=\"elementor-widget-wrap elementor-element-populated\">\n\t\t\t\t\t\t<div class=\"elementor-element elementor-element-404ac641 elementor-grid-1 elementor-posts--thumbnail-none elementor-grid-tablet-1 elementor-grid-mobile-1 elementor-widget elementor-widget-posts\" data-id=\"404ac641\" data-element_type=\"widget\" data-settings=\"{&quot;classic_columns&quot;:&quot;1&quot;,&quot;classic_row_gap&quot;:{&quot;unit&quot;:&quot;px&quot;,&quot;size&quot;:&quot;23&quot;,&quot;sizes&quot;:[]},&quot;classic_columns_tablet&quot;:&quot;1&quot;,&quot;_animation&quot;:&quot;none&quot;,&quot;classic_columns_mobile&quot;:&quot;1&quot;,&quot;classic_row_gap_tablet&quot;:{&quot;unit&quot;:&quot;px&quot;,&quot;size&quot;:&quot;&quot;,&quot;sizes&quot;:[]},&quot;classic_row_gap_mobile&quot;:{&quot;unit&quot;:&quot;px&quot;,&quot;size&quot;:&quot;&quot;,&quot;sizes&quot;:[]}}\" data-widget_type=\"posts.classic\">\n\t\t\t\t<div class=\"elementor-widget-container\">\n\t\t\t\t\t\t\t<div class=\"elementor-posts-container elementor-posts elementor-posts--skin-classic elementor-grid\" role=\"list\">\n\t\t\t\t<article class=\"elementor-post elementor-grid-item post-184444 post type-post status-publish format-standard has-post-thumbnail hentry category-notas-de-imprensa tag-abril tag-balanco-feira tag-congresso tag-easyfairs tag-embalagem tag-feira tag-logistica tag-nota-de-imprensa tag-portugal\" role=\"listitem\">\n\t\t\t\t<div class=\"elementor-post__text\">\n\t\t\t\t<h3 class=\"elementor-post__title\">\n\t\t\t<a href=\"https:\/\/www.empacklogisticsautomationporto.com\/pt-pt\/2026\/04\/28\/empack-e-logistics-automation-porto-avanca-para-2027-com-64-do-espaco-ja-reservado\/\" >\n\t\t\t\tEmpack e Logistics &#038; Automation Porto avan\u00e7a para 2027 com 64% do espa\u00e7o j\u00e1 reservado\t\t\t<\/a>\n\t\t<\/h3>\n\t\t\t\t<div class=\"elementor-post__excerpt\">\n\t\t\t<p>Empack e Logistics &amp; Automation Porto avan\u00e7a para 2027 com 64% do espa\u00e7o j\u00e1 reservado D\u00e9cima edi\u00e7\u00e3o da feira profissional representativa dos setores log\u00edstico e<\/p>\n\t\t<\/div>\n\t\t\n\t\t<a class=\"elementor-post__read-more\" href=\"https:\/\/www.empacklogisticsautomationporto.com\/pt-pt\/2026\/04\/28\/empack-e-logistics-automation-porto-avanca-para-2027-com-64-do-espaco-ja-reservado\/\" aria-label=\"Read more about Empack e Logistics &#038; Automation Porto avan\u00e7a para 2027 com 64% do espa\u00e7o j\u00e1 reservado\" tabindex=\"-1\" >\n\t\t\tRead More \u00bb\t\t<\/a>\n\n\t\t\t\t<\/div>\n\t\t\t\t<\/article>\n\t\t\t\t<article class=\"elementor-post elementor-grid-item post-183874 post type-post status-publish format-standard has-post-thumbnail hentry category-blog tag-automacao tag-bruxelas tag-embalagens tag-empack tag-logistica tag-manutencao tag-noticias tag-portugal\" role=\"listitem\">\n\t\t\t\t<div class=\"elementor-post__text\">\n\t\t\t\t<h3 class=\"elementor-post__title\">\n\t\t\t<a href=\"https:\/\/www.empacklogisticsautomationporto.com\/pt-pt\/2026\/04\/01\/bruxelas-clarifica-novas-regras-de-embalagens-para-acelerar-transicao-sustentavel-na-uniao-europeia\/\" >\n\t\t\t\tBruxelas clarifica novas regras de embalagens para acelerar transi\u00e7\u00e3o sustent\u00e1vel na Uni\u00e3o Europeia\t\t\t<\/a>\n\t\t<\/h3>\n\t\t\t\t<div class=\"elementor-post__excerpt\">\n\t\t\t<p>Bruxelas clarifica novas regras de embalagens para acelerar transi\u00e7\u00e3o sustent\u00e1vel na Uni\u00e3o Europeia Comiss\u00e3o Europeia publica orienta\u00e7\u00f5es para aplicar regulamento das embalagens, reduzir res\u00edduos e<\/p>\n\t\t<\/div>\n\t\t\n\t\t<a class=\"elementor-post__read-more\" href=\"https:\/\/www.empacklogisticsautomationporto.com\/pt-pt\/2026\/04\/01\/bruxelas-clarifica-novas-regras-de-embalagens-para-acelerar-transicao-sustentavel-na-uniao-europeia\/\" aria-label=\"Read more about Bruxelas clarifica novas regras de embalagens para acelerar transi\u00e7\u00e3o sustent\u00e1vel na Uni\u00e3o Europeia\" tabindex=\"-1\" >\n\t\t\tRead More \u00bb\t\t<\/a>\n\n\t\t\t\t<\/div>\n\t\t\t\t<\/article>\n\t\t\t\t<article class=\"elementor-post elementor-grid-item post-183860 post type-post status-publish format-standard has-post-thumbnail hentry category-blog tag-automacao tag-empack tag-logistica tag-manutencao tag-noticias tag-portugal tag-sustentabilidade\" role=\"listitem\">\n\t\t\t\t<div class=\"elementor-post__text\">\n\t\t\t\t<h3 class=\"elementor-post__title\">\n\t\t\t<a href=\"https:\/\/www.empacklogisticsautomationporto.com\/pt-pt\/2026\/04\/01\/dossier-sustentabilidade-e-manutencao\/\" >\n\t\t\t\tDossier sustentabilidade e manuten\u00e7\u00e3o\t\t\t<\/a>\n\t\t<\/h3>\n\t\t\t\t<div class=\"elementor-post__excerpt\">\n\t\t\t<p>Dossier sustentabilidade e manuten\u00e7\u00e3o O presente dossier chama a aten\u00e7\u00e3o para uma nova via para a manuten\u00e7\u00e3o: a liga\u00e7\u00e3o entre a manuten\u00e7\u00e3o e a sustentabilidade.<\/p>\n\t\t<\/div>\n\t\t\n\t\t<a class=\"elementor-post__read-more\" href=\"https:\/\/www.empacklogisticsautomationporto.com\/pt-pt\/2026\/04\/01\/dossier-sustentabilidade-e-manutencao\/\" aria-label=\"Read more about Dossier sustentabilidade e manuten\u00e7\u00e3o\" tabindex=\"-1\" >\n\t\t\tRead More \u00bb\t\t<\/a>\n\n\t\t\t\t<\/div>\n\t\t\t\t<\/article>\n\t\t\t\t<article class=\"elementor-post elementor-grid-item post-183838 post type-post status-publish format-standard has-post-thumbnail hentry category-blog tag-decima-edicao tag-domino tag-historias-que-inspiram tag-marque-tdi\" role=\"listitem\">\n\t\t\t\t<div class=\"elementor-post__text\">\n\t\t\t\t<h3 class=\"elementor-post__title\">\n\t\t\t<a href=\"https:\/\/www.empacklogisticsautomationporto.com\/pt-pt\/2026\/04\/01\/historias-que-inspiram-domino\/\" >\n\t\t\t\tHist\u00f3rias que Inspiram &#8211; DOMINO\t\t\t<\/a>\n\t\t<\/h3>\n\t\t\t\t<div class=\"elementor-post__excerpt\">\n\t\t\t<p>Hist\u00f3rias que Inspiram 10 anos de Empack e Logistics &amp; Automation Porto Hist\u00f3rias que Inspiram nasce para celebrar os expositores que estiveram connosco desde o<\/p>\n\t\t<\/div>\n\t\t\n\t\t<a class=\"elementor-post__read-more\" href=\"https:\/\/www.empacklogisticsautomationporto.com\/pt-pt\/2026\/04\/01\/historias-que-inspiram-domino\/\" aria-label=\"Read more about Hist\u00f3rias que Inspiram &#8211; DOMINO\" tabindex=\"-1\" >\n\t\t\tRead More \u00bb\t\t<\/a>\n\n\t\t\t\t<\/div>\n\t\t\t\t<\/article>\n\t\t\t\t<\/div>\n\t\t\n\t\t\t\t\t\t<\/div>\n\t\t\t\t<\/div>\n\t\t\t\t<div class=\"elementor-element elementor-element-1f3f2b92 elementor-widget-divider--view-line elementor-widget elementor-widget-divider\" data-id=\"1f3f2b92\" data-element_type=\"widget\" data-widget_type=\"divider.default\">\n\t\t\t\t<div class=\"elementor-widget-container\">\n\t\t\t\t\t\t\t<div class=\"elementor-divider\">\n\t\t\t<span class=\"elementor-divider-separator\">\n\t\t\t\t\t\t<\/span>\n\t\t<\/div>\n\t\t\t\t\t\t<\/div>\n\t\t\t\t<\/div>\n\t\t\t\t\t<\/div>\n\t\t<\/div>\n\t\t\t\t\t<\/div>\n\t\t<\/section>\n\t\t\t\t<\/div>\n\t\t","protected":false},"excerpt":{"rendered":"<p>Reutiliza\u00e7\u00e3o de embalagens e t\u00eaxteis pode gerar milh\u00f5es de d\u00f3lares Um novo estudo destaca a urg\u00eancia de tornar circular a utiliza\u00e7\u00e3o de embalagens PET e t\u00eaxteis de poli\u00e9ster e aponta medidas que permitir\u00e3o criar, at\u00e9 2040, mais de 46 mil postos de trabalho e gerar quase 5 mil milh\u00f5es de d\u00f3lares por ano. Publicado pela [&hellip;]<\/p>\n","protected":false},"author":1256,"featured_media":121859,"comment_status":"closed","ping_status":"closed","sticky":false,"template":"","format":"standard","meta":{"_seopress_robots_primary_cat":"none","_seopress_titles_title":"Not\u00edcias | Empack e Logistics &amp; Automation Porto","_seopress_titles_desc":"Veja as not\u00edcias dos sectores de embalagem e log\u00edstica em Portugal.","_seopress_robots_index":"","footnotes":""},"categories":[392],"tags":[827,1649,1673,1672],"edition":[],"class_list":["post-121853","post","type-post","status-publish","format-standard","has-post-thumbnail","hentry","category-blog","tag-embalagens","tag-estudo","tag-reutilizacao","tag-texteis"],"_links":{"self":[{"href":"https:\/\/www.empacklogisticsautomationporto.com\/pt-pt\/wp-json\/wp\/v2\/posts\/121853","targetHints":{"allow":["GET"]}}],"collection":[{"href":"https:\/\/www.empacklogisticsautomationporto.com\/pt-pt\/wp-json\/wp\/v2\/posts"}],"about":[{"href":"https:\/\/www.empacklogisticsautomationporto.com\/pt-pt\/wp-json\/wp\/v2\/types\/post"}],"author":[{"embeddable":true,"href":"https:\/\/www.empacklogisticsautomationporto.com\/pt-pt\/wp-json\/wp\/v2\/users\/1256"}],"replies":[{"embeddable":true,"href":"https:\/\/www.empacklogisticsautomationporto.com\/pt-pt\/wp-json\/wp\/v2\/comments?post=121853"}],"version-history":[{"count":5,"href":"https:\/\/www.empacklogisticsautomationporto.com\/pt-pt\/wp-json\/wp\/v2\/posts\/121853\/revisions"}],"predecessor-version":[{"id":121869,"href":"https:\/\/www.empacklogisticsautomationporto.com\/pt-pt\/wp-json\/wp\/v2\/posts\/121853\/revisions\/121869"}],"wp:featuredmedia":[{"embeddable":true,"href":"https:\/\/www.empacklogisticsautomationporto.com\/pt-pt\/wp-json\/wp\/v2\/media\/121859"}],"wp:attachment":[{"href":"https:\/\/www.empacklogisticsautomationporto.com\/pt-pt\/wp-json\/wp\/v2\/media?parent=121853"}],"wp:term":[{"taxonomy":"category","embeddable":true,"href":"https:\/\/www.empacklogisticsautomationporto.com\/pt-pt\/wp-json\/wp\/v2\/categories?post=121853"},{"taxonomy":"post_tag","embeddable":true,"href":"https:\/\/www.empacklogisticsautomationporto.com\/pt-pt\/wp-json\/wp\/v2\/tags?post=121853"},{"taxonomy":"edition","embeddable":true,"href":"https:\/\/www.empacklogisticsautomationporto.com\/pt-pt\/wp-json\/wp\/v2\/edition?post=121853"}],"curies":[{"name":"wp","href":"https:\/\/api.w.org\/{rel}","templated":true}]}}