{"id":131047,"date":"2025-02-04T08:45:48","date_gmt":"2025-02-04T08:45:48","guid":{"rendered":"https:\/\/www.empacklogisticsautomationporto.com\/?p=131047"},"modified":"2025-02-04T09:05:44","modified_gmt":"2025-02-04T09:05:44","slug":"um-cafe-com-alex-rayon-co-founder-and-ceo-brainandcode-tech","status":"publish","type":"post","link":"https:\/\/www.empacklogisticsautomationporto.com\/pt-pt\/2025\/02\/04\/um-cafe-com-alex-rayon-co-founder-and-ceo-brainandcode-tech\/","title":{"rendered":"Um caf\u00e9 com\u2026 Alex Ray\u00f3n, Co-Founder and CEO | brainandcode.tech"},"content":{"rendered":"\t\t<div data-elementor-type=\"wp-post\" data-elementor-id=\"131047\" class=\"elementor elementor-131047\" data-elementor-post-type=\"post\">\n\t\t\t\t\t\t<section class=\"elementor-section elementor-top-section elementor-element elementor-element-6c4d399f elementor-section-full_width elementor-section-height-default elementor-section-height-default\" data-id=\"6c4d399f\" data-element_type=\"section\">\n\t\t\t\t\t\t<div class=\"elementor-container elementor-column-gap-default\">\n\t\t\t\t\t<div class=\"elementor-column elementor-col-50 elementor-top-column elementor-element elementor-element-7e8189c8\" data-id=\"7e8189c8\" data-element_type=\"column\">\n\t\t\t<div class=\"elementor-widget-wrap elementor-element-populated\">\n\t\t\t\t\t\t<div class=\"elementor-element elementor-element-5385dc8d elementor-invisible elementor-widget elementor-widget-heading\" data-id=\"5385dc8d\" data-element_type=\"widget\" data-settings=\"{&quot;_animation&quot;:&quot;fadeIn&quot;}\" data-widget_type=\"heading.default\">\n\t\t\t\t<div class=\"elementor-widget-container\">\n\t\t\t\t\t<h1 class=\"elementor-heading-title elementor-size-default\">Um caf\u00e9 com\u2026 Alex Ray\u00f3n, Co-Founder and CEO | brainandcode.tech<\/h1>\t\t\t\t<\/div>\n\t\t\t\t<\/div>\n\t\t\t\t<div class=\"elementor-element elementor-element-25a2c1db elementor-widget elementor-widget-image\" data-id=\"25a2c1db\" data-element_type=\"widget\" data-widget_type=\"image.default\">\n\t\t\t\t<div class=\"elementor-widget-container\">\n\t\t\t\t\t\t\t\t\t\t\t\t<figure class=\"wp-caption\">\n\t\t\t\t\t\t\t\t\t\t<img fetchpriority=\"high\" decoding=\"async\" width=\"1250\" height=\"833\" src=\"https:\/\/easyfairsassets.com\/sites\/68\/2025\/02\/cafe-com.-aLEX-RAYON.png\" class=\"attachment-full size-full wp-image-131057\" alt=\"ALEX RAYON\" srcset=\"https:\/\/easyfairsassets.com\/sites\/68\/2025\/02\/cafe-com.-aLEX-RAYON.png 1250w, https:\/\/easyfairsassets.com\/sites\/68\/2025\/02\/cafe-com.-aLEX-RAYON-300x200.png 300w, https:\/\/easyfairsassets.com\/sites\/68\/2025\/02\/cafe-com.-aLEX-RAYON-1024x682.png 1024w, https:\/\/easyfairsassets.com\/sites\/68\/2025\/02\/cafe-com.-aLEX-RAYON-768x512.png 768w\" sizes=\"(max-width: 1250px) 100vw, 1250px\" \/>\t\t\t\t\t\t\t\t\t\t\t<figcaption class=\"widget-image-caption wp-caption-text\"><\/figcaption>\n\t\t\t\t\t\t\t\t\t\t<\/figure>\n\t\t\t\t\t\t\t\t\t<\/div>\n\t\t\t\t<\/div>\n\t\t\t\t<div class=\"elementor-element elementor-element-4eb7a90d elementor-widget elementor-widget-text-editor\" data-id=\"4eb7a90d\" data-element_type=\"widget\" data-settings=\"{&quot;_animation&quot;:&quot;none&quot;}\" data-widget_type=\"text-editor.default\">\n\t\t\t\t<div class=\"elementor-widget-container\">\n\t\t\t\t\t\t\t\t\t<p><strong>Empack e L&amp;A: Para come\u00e7ar, diga-nos quem \u00e9 Alex Ray\u00f3n e como \u00e9 o seu dia a dia.<\/strong><\/p><p><strong>Alex:<\/strong> Chamo-me Alex Ray\u00f3n Jerez, nasci em Bilbao em 1984 e sou um apaixonado pela liga\u00e7\u00e3o entre a tecnologia e as pessoas. Como CEO da Brain &amp; Code (brainandcode.tech), lidero uma empresa dedicada \u00e0 integra\u00e7\u00e3o dos principais paradigmas tecnol\u00f3gicos na competitividade empresarial e no desenvolvimento de compet\u00eancias profissionais. O meu objetivo \u00e9 tornar a tecnologia uma ferramenta acess\u00edvel, \u00fatil e transformadora para as organiza\u00e7\u00f5es.<\/p><p>Com mais de quinze anos de experi\u00eancia como professor, consultor e programador, liderei projectos de transforma\u00e7\u00e3o digital tanto em PME como em grandes empresas. A minha forma\u00e7\u00e3o como doutorado em Ci\u00eancias da Computa\u00e7\u00e3o e Telecomunica\u00e7\u00f5es permitiu-me abordar estes desafios de uma perspetiva multidisciplinar, combinando tecnologia, filosofia, \u00e9tica e economia. Esta abordagem hol\u00edstica \u00e9 fundamental para compreender o impacto da intelig\u00eancia artificial e de outras tecnologias no mundo.<\/p><p>Tamb\u00e9m edito o boletim informativo <strong>Digital Data<\/strong> (digitaldata.substack.com), com mais de 15 000 assinantes, onde reflicto sobre o impacto da tecnologia em termos acess\u00edveis. Gosto de explicar temas complexos de uma forma simples, porque acredito que o conhecimento deve ser democratizado.<\/p><p>No meu dia a dia, o meu objetivo \u00e9 claro: humanizar o progresso tecnol\u00f3gico, garantindo que as solu\u00e7\u00f5es digitais n\u00e3o s\u00f3 impulsionam a competitividade das empresas, mas tamb\u00e9m trazem um valor real para as pessoas.<\/p><p><strong>Empack e L&amp;A: Ap\u00f3s anos de experi\u00eancia, que projectos da sua carreira profissional foram mais desafiantes para si ou de que se lembra especialmente e porqu\u00ea?<\/strong><\/p><p><strong>Alex:<\/strong> Ao longo da minha carreira, tive a sorte de participar em projectos desafiantes que marcaram o meu desenvolvimento profissional, especialmente na \u00e1rea de Big Data e intelig\u00eancia artificial. Um dos projectos mais memor\u00e1veis foi liderar a implementa\u00e7\u00e3o de um sistema de an\u00e1lise preditiva para uma grande empresa do sector da log\u00edstica. Este projeto combinava a complexidade t\u00e9cnica do tratamento de grandes volumes de dados em tempo real com o desafio de integrar modelos de aprendizagem autom\u00e1tica para antecipar a procura e otimizar a cadeia de abastecimento.<\/p><p>O principal desafio foi alinhar as capacidades tecnol\u00f3gicas com as necessidades espec\u00edficas da empresa. N\u00e3o se tratava apenas de desenvolver algoritmos precisos, mas tamb\u00e9m de traduzir esses resultados em informa\u00e7\u00f5es acion\u00e1veis para equipas n\u00e3o t\u00e9cnicas. A comunica\u00e7\u00e3o entre as equipas, a escalabilidade das solu\u00e7\u00f5es e a valida\u00e7\u00e3o constante dos resultados foram aspectos fundamentais que exigiram uma coordena\u00e7\u00e3o excecional.<\/p><p>Outro projeto importante foi a cria\u00e7\u00e3o de um modelo de intelig\u00eancia artificial para personalizar a experi\u00eancia do cliente no sector retalhista. Tornar os dados \u00fateis e respeitar a privacidade dos utilizadores foi um equil\u00edbrio complexo mas essencial. Estes projectos ensinaram-me que a tecnologia s\u00f3 \u00e9 transformadora quando resolve problemas reais e proporciona valor tang\u00edvel.<\/p><p><strong>Empack e L&amp;A: Do seu ponto de vista, Alex, como pensa que a IA est\u00e1 a transformar a forma como as empresas interagem com os seus clientes e optimizam as suas opera\u00e7\u00f5es?<\/strong><\/p><p><strong>Alex:<\/strong> A intelig\u00eancia artificial est\u00e1 a transformar radicalmente a forma como as empresas interagem com os seus clientes e optimizam as suas opera\u00e7\u00f5es. No dom\u00ednio das rela\u00e7\u00f5es com os clientes, a IA permite uma personaliza\u00e7\u00e3o sem precedentes. Gra\u00e7as \u00e0 an\u00e1lise avan\u00e7ada de dados, as empresas podem antecipar as necessidades dos seus clientes, oferecendo produtos e servi\u00e7os no momento certo e atrav\u00e9s do canal mais eficaz. Por exemplo, os assistentes virtuais e os chatbots revolucionaram o servi\u00e7o de apoio ao cliente, fornecendo respostas instant\u00e2neas e melhorando a experi\u00eancia do utilizador.<\/p><p>Por outro lado, na otimiza\u00e7\u00e3o das opera\u00e7\u00f5es, a IA est\u00e1 a mudar as regras do jogo. Desde a manuten\u00e7\u00e3o preditiva em maquinaria industrial at\u00e9 \u00e0 gest\u00e3o automatizada do invent\u00e1rio, as empresas est\u00e3o a conseguir efici\u00eancias operacionais que s\u00e3o dif\u00edceis de alcan\u00e7ar com os m\u00e9todos tradicionais. Os algoritmos de aprendizagem autom\u00e1tica podem identificar padr\u00f5es e anomalias, melhorando a tomada de decis\u00f5es em tempo real.<\/p><p>No entanto, o verdadeiro impacto da IA reside na forma como ajuda as empresas a tornarem-se mais \u00e1geis e a adaptarem-se a um ambiente em mudan\u00e7a. Na minha experi\u00eancia, a chave \u00e9 integrar estas tecnologias com um objetivo claro, garantindo que n\u00e3o s\u00f3 melhoram os processos, mas que trazem um valor genu\u00edno tanto para as empresas como para as pessoas.<\/p><p><strong>Empack e L&amp;A: Que estrat\u00e9gias utiliza para se manter atualizado e continuar a desenvolver as suas compet\u00eancias num dom\u00ednio t\u00e3o din\u00e2mico como a IA, a programa\u00e7\u00e3o, a ciberseguran\u00e7a&#8230;? Talvez possas inspirar jovens talentos que est\u00e3o a entrar no mundo do trabalho.<\/strong><\/p><p><strong>Alex:<\/strong> Num dom\u00ednio t\u00e3o din\u00e2mico como a intelig\u00eancia artificial, a programa\u00e7\u00e3o e a ciberseguran\u00e7a, manter-me atualizado n\u00e3o \u00e9 apenas uma necessidade, mas uma paix\u00e3o. Para o fazer, sigo uma estrat\u00e9gia baseada em tr\u00eas pilares fundamentais: aprendizagem cont\u00ednua, comunidade e aplica\u00e7\u00e3o pr\u00e1tica.<\/p><p>A aprendizagem cont\u00ednua \u00e9 o meu ponto de partida. Todas as semanas, passo algum tempo a ler artigos, trabalhos acad\u00e9micos e livros especializados. Para al\u00e9m disso, participo em cursos e certifica\u00e7\u00f5es online, porque acredito firmemente que h\u00e1 sempre algo novo para aprender. Plataformas como o Coursera, o edX e o Substack, bem como todos os cursos e programas que temos na Brain &amp; Code, s\u00e3o fontes constantes de inspira\u00e7\u00e3o e conhecimento.<\/p><p>A comunidade \u00e9 outro aspeto fundamental. Participo regularmente em eventos, encontros e confer\u00eancias relacionados com a tecnologia. Estas experi\u00eancias permitem-me n\u00e3o s\u00f3 descobrir tend\u00eancias emergentes, mas tamb\u00e9m trocar ideias com especialistas e jovens talentos que trazem novas perspectivas.<\/p><p>Por \u00faltimo, a aplica\u00e7\u00e3o pr\u00e1tica \u00e9 essencial. Nada substitui a experi\u00eancia de aplicar o que aprendi em projectos reais. Diariamente, experimento novas ferramentas e estruturas, aplicando-as a casos concretos. Isto n\u00e3o s\u00f3 refor\u00e7a as minhas compet\u00eancias, como tamb\u00e9m me permite compreender as tecnologias num contexto pr\u00e1tico.<\/p><p>Para os jovens talentos, o meu conselho \u00e9 simples: sejam curiosos, participem em comunidades activas e nunca deixem de p\u00f4r em pr\u00e1tica o que aprendem. \u00c9 um caminho excitante e cheio de oportunidades.<\/p><p><strong>Empack e L&amp;A: Por \u00faltimo, se tivesses de dar um conselho ao teu \u201ceu\u201d de h\u00e1 10 anos, tendo em conta as mudan\u00e7as imprevis\u00edveis que temos enfrentado nos \u00faltimos anos, qual seria?<\/strong><\/p><p><strong>Alex:<\/strong> Se pudesse dar um conselho ao meu \u201ceu\u201d de 10 anos, diria: s\u00ea mais flex\u00edvel e aprende a aceitar a incerteza. Nestes anos, as mudan\u00e7as tecnol\u00f3gicas e sociais t\u00eam sido t\u00e3o r\u00e1pidas e imprevis\u00edveis que ficar na zona de conforto deixou de ser uma op\u00e7\u00e3o. A capacidade de se adaptar e de se reinventar \u00e9 o que realmente faz a diferen\u00e7a.<\/p><p>Tamb\u00e9m vos diria para n\u00e3o terem medo de cometer erros. Os fracassos que tive de enfrentar ensinaram-me mais do que qualquer sucesso, porque deles vieram as li\u00e7\u00f5es mais valiosas. A inova\u00e7\u00e3o e o crescimento envolvem sempre riscos, e aceit\u00e1-los \u00e9 fundamental para avan\u00e7ar.<\/p><p>Outro conselho seria passar mais tempo a construir rela\u00e7\u00f5es e comunidades. Os conhecimentos e as ferramentas mudam, mas s\u00e3o as pessoas com quem partilhamos a viagem que nos ajudam a crescer, a ultrapassar desafios e a ver as coisas de novas perspectivas.<\/p><p>Por \u00faltimo, gostaria de vos lembrar que devem dar prioridade ao equil\u00edbrio. Os objectivos profissionais s\u00e3o importantes, mas cuidar da sa\u00fade mental, desfrutar dos momentos do dia a dia e manter a curiosidade viva s\u00e3o essenciais para um crescimento sustent\u00e1vel. No final, o que mais importa n\u00e3o \u00e9 apenas o que alcan\u00e7amos, mas quem nos tornamos no processo.<\/p>\t\t\t\t\t\t\t\t<\/div>\n\t\t\t\t<\/div>\n\t\t\t\t\t<\/div>\n\t\t<\/div>\n\t\t\t\t<div class=\"elementor-column elementor-col-50 elementor-top-column elementor-element elementor-element-19dc3572\" data-id=\"19dc3572\" data-element_type=\"column\">\n\t\t\t<div class=\"elementor-widget-wrap elementor-element-populated\">\n\t\t\t\t\t\t<div class=\"elementor-element elementor-element-404ac641 elementor-grid-1 elementor-posts--thumbnail-none elementor-grid-tablet-1 elementor-grid-mobile-1 elementor-widget elementor-widget-posts\" data-id=\"404ac641\" data-element_type=\"widget\" data-settings=\"{&quot;classic_columns&quot;:&quot;1&quot;,&quot;classic_row_gap&quot;:{&quot;unit&quot;:&quot;px&quot;,&quot;size&quot;:&quot;23&quot;,&quot;sizes&quot;:[]},&quot;classic_columns_tablet&quot;:&quot;1&quot;,&quot;_animation&quot;:&quot;none&quot;,&quot;classic_columns_mobile&quot;:&quot;1&quot;,&quot;classic_row_gap_tablet&quot;:{&quot;unit&quot;:&quot;px&quot;,&quot;size&quot;:&quot;&quot;,&quot;sizes&quot;:[]},&quot;classic_row_gap_mobile&quot;:{&quot;unit&quot;:&quot;px&quot;,&quot;size&quot;:&quot;&quot;,&quot;sizes&quot;:[]}}\" data-widget_type=\"posts.classic\">\n\t\t\t\t<div class=\"elementor-widget-container\">\n\t\t\t\t\t\t\t<div class=\"elementor-posts-container elementor-posts elementor-posts--skin-classic elementor-grid\" role=\"list\">\n\t\t\t\t<article class=\"elementor-post elementor-grid-item post-184444 post type-post status-publish format-standard has-post-thumbnail hentry category-notas-de-imprensa tag-abril tag-balanco-feira tag-congresso tag-easyfairs tag-embalagem tag-feira tag-logistica tag-nota-de-imprensa tag-portugal\" role=\"listitem\">\n\t\t\t\t<div class=\"elementor-post__text\">\n\t\t\t\t<h3 class=\"elementor-post__title\">\n\t\t\t<a href=\"https:\/\/www.empacklogisticsautomationporto.com\/pt-pt\/2026\/04\/28\/empack-e-logistics-automation-porto-avanca-para-2027-com-64-do-espaco-ja-reservado\/\" >\n\t\t\t\tEmpack e Logistics &#038; Automation Porto avan\u00e7a para 2027 com 64% do espa\u00e7o j\u00e1 reservado\t\t\t<\/a>\n\t\t<\/h3>\n\t\t\t\t<div class=\"elementor-post__excerpt\">\n\t\t\t<p>Empack e Logistics &amp; Automation Porto avan\u00e7a para 2027 com 64% do espa\u00e7o j\u00e1 reservado D\u00e9cima edi\u00e7\u00e3o da feira profissional representativa dos setores log\u00edstico e<\/p>\n\t\t<\/div>\n\t\t\n\t\t<a class=\"elementor-post__read-more\" href=\"https:\/\/www.empacklogisticsautomationporto.com\/pt-pt\/2026\/04\/28\/empack-e-logistics-automation-porto-avanca-para-2027-com-64-do-espaco-ja-reservado\/\" aria-label=\"Read more about Empack e Logistics &#038; Automation Porto avan\u00e7a para 2027 com 64% do espa\u00e7o j\u00e1 reservado\" tabindex=\"-1\" >\n\t\t\tRead More \u00bb\t\t<\/a>\n\n\t\t\t\t<\/div>\n\t\t\t\t<\/article>\n\t\t\t\t<article class=\"elementor-post elementor-grid-item post-183874 post type-post status-publish format-standard has-post-thumbnail hentry category-blog tag-automacao tag-bruxelas tag-embalagens tag-empack tag-logistica tag-manutencao tag-noticias tag-portugal\" role=\"listitem\">\n\t\t\t\t<div class=\"elementor-post__text\">\n\t\t\t\t<h3 class=\"elementor-post__title\">\n\t\t\t<a href=\"https:\/\/www.empacklogisticsautomationporto.com\/pt-pt\/2026\/04\/01\/bruxelas-clarifica-novas-regras-de-embalagens-para-acelerar-transicao-sustentavel-na-uniao-europeia\/\" >\n\t\t\t\tBruxelas clarifica novas regras de embalagens para acelerar transi\u00e7\u00e3o sustent\u00e1vel na Uni\u00e3o Europeia\t\t\t<\/a>\n\t\t<\/h3>\n\t\t\t\t<div class=\"elementor-post__excerpt\">\n\t\t\t<p>Bruxelas clarifica novas regras de embalagens para acelerar transi\u00e7\u00e3o sustent\u00e1vel na Uni\u00e3o Europeia Comiss\u00e3o Europeia publica orienta\u00e7\u00f5es para aplicar regulamento das embalagens, reduzir res\u00edduos e<\/p>\n\t\t<\/div>\n\t\t\n\t\t<a class=\"elementor-post__read-more\" href=\"https:\/\/www.empacklogisticsautomationporto.com\/pt-pt\/2026\/04\/01\/bruxelas-clarifica-novas-regras-de-embalagens-para-acelerar-transicao-sustentavel-na-uniao-europeia\/\" aria-label=\"Read more about Bruxelas clarifica novas regras de embalagens para acelerar transi\u00e7\u00e3o sustent\u00e1vel na Uni\u00e3o Europeia\" tabindex=\"-1\" >\n\t\t\tRead More \u00bb\t\t<\/a>\n\n\t\t\t\t<\/div>\n\t\t\t\t<\/article>\n\t\t\t\t<article class=\"elementor-post elementor-grid-item post-183860 post type-post status-publish format-standard has-post-thumbnail hentry category-blog tag-automacao tag-empack tag-logistica tag-manutencao tag-noticias tag-portugal tag-sustentabilidade\" role=\"listitem\">\n\t\t\t\t<div class=\"elementor-post__text\">\n\t\t\t\t<h3 class=\"elementor-post__title\">\n\t\t\t<a href=\"https:\/\/www.empacklogisticsautomationporto.com\/pt-pt\/2026\/04\/01\/dossier-sustentabilidade-e-manutencao\/\" >\n\t\t\t\tDossier sustentabilidade e manuten\u00e7\u00e3o\t\t\t<\/a>\n\t\t<\/h3>\n\t\t\t\t<div class=\"elementor-post__excerpt\">\n\t\t\t<p>Dossier sustentabilidade e manuten\u00e7\u00e3o O presente dossier chama a aten\u00e7\u00e3o para uma nova via para a manuten\u00e7\u00e3o: a liga\u00e7\u00e3o entre a manuten\u00e7\u00e3o e a sustentabilidade.<\/p>\n\t\t<\/div>\n\t\t\n\t\t<a class=\"elementor-post__read-more\" href=\"https:\/\/www.empacklogisticsautomationporto.com\/pt-pt\/2026\/04\/01\/dossier-sustentabilidade-e-manutencao\/\" aria-label=\"Read more about Dossier sustentabilidade e manuten\u00e7\u00e3o\" tabindex=\"-1\" >\n\t\t\tRead More \u00bb\t\t<\/a>\n\n\t\t\t\t<\/div>\n\t\t\t\t<\/article>\n\t\t\t\t<article class=\"elementor-post elementor-grid-item post-183838 post type-post status-publish format-standard has-post-thumbnail hentry category-blog tag-decima-edicao tag-domino tag-historias-que-inspiram tag-marque-tdi\" role=\"listitem\">\n\t\t\t\t<div class=\"elementor-post__text\">\n\t\t\t\t<h3 class=\"elementor-post__title\">\n\t\t\t<a href=\"https:\/\/www.empacklogisticsautomationporto.com\/pt-pt\/2026\/04\/01\/historias-que-inspiram-domino\/\" >\n\t\t\t\tHist\u00f3rias que Inspiram &#8211; DOMINO\t\t\t<\/a>\n\t\t<\/h3>\n\t\t\t\t<div class=\"elementor-post__excerpt\">\n\t\t\t<p>Hist\u00f3rias que Inspiram 10 anos de Empack e Logistics &amp; Automation Porto Hist\u00f3rias que Inspiram nasce para celebrar os expositores que estiveram connosco desde o<\/p>\n\t\t<\/div>\n\t\t\n\t\t<a class=\"elementor-post__read-more\" href=\"https:\/\/www.empacklogisticsautomationporto.com\/pt-pt\/2026\/04\/01\/historias-que-inspiram-domino\/\" aria-label=\"Read more about Hist\u00f3rias que Inspiram &#8211; DOMINO\" tabindex=\"-1\" >\n\t\t\tRead More \u00bb\t\t<\/a>\n\n\t\t\t\t<\/div>\n\t\t\t\t<\/article>\n\t\t\t\t<\/div>\n\t\t\n\t\t\t\t\t\t<\/div>\n\t\t\t\t<\/div>\n\t\t\t\t<div class=\"elementor-element elementor-element-1f3f2b92 elementor-widget-divider--view-line elementor-widget elementor-widget-divider\" data-id=\"1f3f2b92\" data-element_type=\"widget\" data-widget_type=\"divider.default\">\n\t\t\t\t<div class=\"elementor-widget-container\">\n\t\t\t\t\t\t\t<div class=\"elementor-divider\">\n\t\t\t<span class=\"elementor-divider-separator\">\n\t\t\t\t\t\t<\/span>\n\t\t<\/div>\n\t\t\t\t\t\t<\/div>\n\t\t\t\t<\/div>\n\t\t\t\t\t<\/div>\n\t\t<\/div>\n\t\t\t\t\t<\/div>\n\t\t<\/section>\n\t\t\t\t<\/div>\n\t\t","protected":false},"excerpt":{"rendered":"<p>Um caf\u00e9 com\u2026 Alex Ray\u00f3n, Co-Founder and CEO | brainandcode.tech Empack e L&amp;A: Para come\u00e7ar, diga-nos quem \u00e9 Alex Ray\u00f3n e como \u00e9 o seu dia a dia. Alex: Chamo-me Alex Ray\u00f3n Jerez, nasci em Bilbao em 1984 e sou um apaixonado pela liga\u00e7\u00e3o entre a tecnologia e as pessoas. Como CEO da Brain &amp; [&hellip;]<\/p>\n","protected":false},"author":1256,"featured_media":131057,"comment_status":"closed","ping_status":"closed","sticky":false,"template":"","format":"standard","meta":{"_seopress_robots_primary_cat":"none","_seopress_titles_title":"Um caf\u00e9 com | Empack e Logistics &amp; Automation Porto","_seopress_titles_desc":"Veja as not\u00edcias dos sectores de embalagens e log\u00edstica em Portugal.","_seopress_robots_index":"","footnotes":""},"categories":[392,1408],"tags":[1696,1698,1697],"edition":[],"class_list":["post-131047","post","type-post","status-publish","format-standard","has-post-thumbnail","hentry","category-blog","category-um-cafe-com","tag-alex-rayon","tag-ceo","tag-co-founder"],"_links":{"self":[{"href":"https:\/\/www.empacklogisticsautomationporto.com\/pt-pt\/wp-json\/wp\/v2\/posts\/131047","targetHints":{"allow":["GET"]}}],"collection":[{"href":"https:\/\/www.empacklogisticsautomationporto.com\/pt-pt\/wp-json\/wp\/v2\/posts"}],"about":[{"href":"https:\/\/www.empacklogisticsautomationporto.com\/pt-pt\/wp-json\/wp\/v2\/types\/post"}],"author":[{"embeddable":true,"href":"https:\/\/www.empacklogisticsautomationporto.com\/pt-pt\/wp-json\/wp\/v2\/users\/1256"}],"replies":[{"embeddable":true,"href":"https:\/\/www.empacklogisticsautomationporto.com\/pt-pt\/wp-json\/wp\/v2\/comments?post=131047"}],"version-history":[{"count":5,"href":"https:\/\/www.empacklogisticsautomationporto.com\/pt-pt\/wp-json\/wp\/v2\/posts\/131047\/revisions"}],"predecessor-version":[{"id":131068,"href":"https:\/\/www.empacklogisticsautomationporto.com\/pt-pt\/wp-json\/wp\/v2\/posts\/131047\/revisions\/131068"}],"wp:featuredmedia":[{"embeddable":true,"href":"https:\/\/www.empacklogisticsautomationporto.com\/pt-pt\/wp-json\/wp\/v2\/media\/131057"}],"wp:attachment":[{"href":"https:\/\/www.empacklogisticsautomationporto.com\/pt-pt\/wp-json\/wp\/v2\/media?parent=131047"}],"wp:term":[{"taxonomy":"category","embeddable":true,"href":"https:\/\/www.empacklogisticsautomationporto.com\/pt-pt\/wp-json\/wp\/v2\/categories?post=131047"},{"taxonomy":"post_tag","embeddable":true,"href":"https:\/\/www.empacklogisticsautomationporto.com\/pt-pt\/wp-json\/wp\/v2\/tags?post=131047"},{"taxonomy":"edition","embeddable":true,"href":"https:\/\/www.empacklogisticsautomationporto.com\/pt-pt\/wp-json\/wp\/v2\/edition?post=131047"}],"curies":[{"name":"wp","href":"https:\/\/api.w.org\/{rel}","templated":true}]}}