{"id":131069,"date":"2025-02-04T09:53:51","date_gmt":"2025-02-04T09:53:51","guid":{"rendered":"https:\/\/www.empacklogisticsautomationporto.com\/?p=131069"},"modified":"2025-02-04T10:01:30","modified_gmt":"2025-02-04T10:01:30","slug":"estudo-capgemini-empresas-reduzem-riscos-nas-cadeias-de-abastecimento-em-2025","status":"publish","type":"post","link":"https:\/\/www.empacklogisticsautomationporto.com\/pt-pt\/2025\/02\/04\/estudo-capgemini-empresas-reduzem-riscos-nas-cadeias-de-abastecimento-em-2025\/","title":{"rendered":"Estudo Capgemini: Empresas reduzem riscos nas cadeias de abastecimento em 2025"},"content":{"rendered":"\t\t<div data-elementor-type=\"wp-post\" data-elementor-id=\"131069\" class=\"elementor elementor-131069\" data-elementor-post-type=\"post\">\n\t\t\t\t\t\t<section class=\"elementor-section elementor-top-section elementor-element elementor-element-6c4d399f elementor-section-full_width elementor-section-height-default elementor-section-height-default\" data-id=\"6c4d399f\" data-element_type=\"section\">\n\t\t\t\t\t\t<div class=\"elementor-container elementor-column-gap-default\">\n\t\t\t\t\t<div class=\"elementor-column elementor-col-50 elementor-top-column elementor-element elementor-element-7e8189c8\" data-id=\"7e8189c8\" data-element_type=\"column\">\n\t\t\t<div class=\"elementor-widget-wrap elementor-element-populated\">\n\t\t\t\t\t\t<div class=\"elementor-element elementor-element-5385dc8d elementor-invisible elementor-widget elementor-widget-heading\" data-id=\"5385dc8d\" data-element_type=\"widget\" data-settings=\"{&quot;_animation&quot;:&quot;fadeIn&quot;}\" data-widget_type=\"heading.default\">\n\t\t\t\t<div class=\"elementor-widget-container\">\n\t\t\t\t\t<h1 class=\"elementor-heading-title elementor-size-default\">Estudo Capgemini: Empresas reduzem riscos nas cadeias de abastecimento em 2025<\/h1>\t\t\t\t<\/div>\n\t\t\t\t<\/div>\n\t\t\t\t<div class=\"elementor-element elementor-element-0fcab1a elementor-widget elementor-widget-image\" data-id=\"0fcab1a\" data-element_type=\"widget\" data-widget_type=\"image.default\">\n\t\t\t\t<div class=\"elementor-widget-container\">\n\t\t\t\t\t\t\t\t\t\t\t\t\t\t\t<img fetchpriority=\"high\" decoding=\"async\" width=\"400\" height=\"250\" src=\"https:\/\/easyfairsassets.com\/sites\/68\/2025\/02\/0402.png\" class=\"attachment-medium_large size-medium_large wp-image-131075\" alt=\"noticia web\" srcset=\"https:\/\/easyfairsassets.com\/sites\/68\/2025\/02\/0402.png 400w, https:\/\/easyfairsassets.com\/sites\/68\/2025\/02\/0402-300x188.png 300w\" sizes=\"(max-width: 400px) 100vw, 400px\" \/>\t\t\t\t\t\t\t\t\t\t\t\t\t\t\t<\/div>\n\t\t\t\t<\/div>\n\t\t\t\t<div class=\"elementor-element elementor-element-4eb7a90d elementor-widget-tablet__width-initial elementor-widget elementor-widget-text-editor\" data-id=\"4eb7a90d\" data-element_type=\"widget\" data-settings=\"{&quot;_animation&quot;:&quot;none&quot;}\" data-widget_type=\"text-editor.default\">\n\t\t\t\t<div class=\"elementor-widget-container\">\n\t\t\t\t\t\t\t\t\t<p>O Research Institute da Capgemini acaba de lan\u00e7ar o \u201cNavigating uncertainty with confidence \u2013 Investment priorities for 2025\u201d, um estudo que revela que n\u00e3o obstante continuarmos a viver num ambiente de mercado dominado por um sentimento de incerteza permanente, os l\u00edderes empresariais est\u00e3o mais otimistas no que diz respeito \u00e0s perspetivas das suas empresas para 2025.<\/p><p>Este otimismo, apesar da conten\u00e7\u00e3o de custos se afirmar como um imperativo, est\u00e1 a impulsionar um aumento do investimento, nomeadamente na experi\u00eancia do cliente, nas cadeias de abastecimento e na sustentabilidade, para permitir mais inova\u00e7\u00e3o, efici\u00eancia, competitividade e o refor\u00e7o dos n\u00edveis de resili\u00eancia.<\/p><p>\u00a0<\/p><p><strong>Mais otimismo e projetos de investimento focados na otimiza\u00e7\u00e3o dos custos<\/strong><\/p><p>O estudo revela que os l\u00edderes empresariais se sentem mais confiantes em rela\u00e7\u00e3o ao ano de 2025 do que estavam h\u00e1 12 meses, com 62% a revelarem-se otimistas em rela\u00e7\u00e3o \u00e0s perspetivas das suas empresas para 2025, um aumento de 6 pontos percentuais face ao mesmo per\u00edodo do ano passado e uma subida de 20 pontos desde 2023. No entanto, os gestores em todo o mundo est\u00e3o mais confiantes na capacidade das suas empresas do que no mercado em geral, com 37% a afirmarem estar otimistas sobre as perspetivas no ambiente operacional nos pr\u00f3ximos 12 a 18 meses \u2013 um valor apenas um pouco superior ao registado no ano passado.<\/p><p>No atual contexto de incerteza econ\u00f3mica, 56% dos inquiridos afirmaram que preveem que em 2025 a t\u00f3nica principal seja colocada na otimiza\u00e7\u00e3o dos custos e n\u00e3o no crescimento das receitas dos seus neg\u00f3cios. Contudo, os gestores sabem que esta ser\u00e1 uma mudan\u00e7a que ir\u00e1 exigir investimento \u2013 metade revelou que a sua empresa planeia aumentar os n\u00edveis de investimento em geral em 2025, enquanto pouco menos de um quarto espera que o valor dos investimentos a realizar este ano seja inferior ao de 2024, e o restante dos inquiridos afirmou que n\u00e3o espera que haja qualquer mudan\u00e7a nesta mat\u00e9ria.<\/p><p>\u201cNo come\u00e7o de 2025 estamos a ver os l\u00edderes empresariais encararem o atual ambiente de incerteza com uma atitude de confian\u00e7a e resili\u00eancia \u2013 duas qualidades que procuram que tamb\u00e9m as suas organiza\u00e7\u00f5es adotem e desenvolvam a partir do investimento em tecnologia\u201d, afirma Aiman Ezzat, Chief Executive Officer da Capgemini, explicando que: \u201ca tecnologia tem um papel fundamental a desempenhar no que diz respeito a melhorar a competitividade, a produtividade e a otimizar custos, permitindo, al\u00e9m disso, obter ganhos de efici\u00eancia relevantes. Com foco na inova\u00e7\u00e3o, nas cadeias de abastecimento e na sustentabilidade \u2013 que est\u00e1 a ser cada vez mais aproveitada pelo seu potencial de gerar valor, os gestores das empresas em todo o mundo est\u00e3o a preparar-se para serem bem-sucedidos num ambiente geral de incerteza e para constru\u00edrem organiza\u00e7\u00f5es mais resilientes e com maior capacidade de adapta\u00e7\u00e3o, contribuindo para deste modo tornarem a economia mundial mais inovadora, sustent\u00e1vel e inclusiva.\u00bb<\/p><p>\u00a0<\/p><p><strong>Foco na experi\u00eancia do cliente, na inova\u00e7\u00e3o e em cadeias de abastecimento mais inteligentes<\/strong><\/p><p>A confian\u00e7a dos l\u00edderes empresariais continua a centrar-se sobretudo na experi\u00eancia do cliente, seguida da engenharia, do I&amp;D e da inova\u00e7\u00e3o \u2013 com quase 8 em cada 10 e quase tr\u00eas quartos dos l\u00edderes inquiridos a dizerem que ir\u00e3o refor\u00e7ar o valor do investimento nestas \u00e1reas. Os investimentos ir\u00e3o aumentar sobretudo na transforma\u00e7\u00e3o das cadeias de abastecimento, dado que 63% dos inquiridos prev\u00ea um refor\u00e7o em m\u00e9dia de 9,4% em 2025 (menos da metade em 2024). As cadeias de abastecimento de nova gera\u00e7\u00e3o integrar\u00e3o IA e IoT para melhorar a efici\u00eancia, otimizar o desperd\u00edcio e apoiar o cumprimento das metas de sustentabilidade estabelecidas pelas empresas, permitindo melhorar a tomada de decis\u00f5es e otimizar os custos em geral.<\/p><p>\u00a0<\/p><p><strong>Diminuir riscos das cadeias de abastecimento para evitar taxas alfandeg\u00e1rias e lit\u00edgios comerciais em 2025<\/strong><\/p><p>Segundo o estudo, 7 em cada 10 gestores est\u00e3o preocupados com o impacto que o aumento das taxas alfandeg\u00e1rias e das disputas comerciais bilaterais possa vir a ter na competitividade das suas empresas e ofertas. Os l\u00edderes empresariais das regi\u00f5es do Jap\u00e3o e da China s\u00e3o os que est\u00e3o mais inquietos com o aumento das taxas alfandeg\u00e1rias e das disputas comerciais bilaterais, e os que se revelaram menos apreensivos com a possibilidade de uma eventual guerra comercial \u00e0 escala planet\u00e1ria. Para mitigar estes riscos e aumentar os \u00edndices de resili\u00eancia, a maioria das empresas em todo o mundo est\u00e1 a apostar na diversifica\u00e7\u00e3o das suas fontes de abastecimento e\/ou a recorrer ao friendshoring.<\/p><p>Quase 3 em cada 4 dos gestores inquiridos j\u00e1 est\u00e3o a otimizar os riscos das suas cadeias de abastecimento canalizando os investimentos para outros pa\u00edses emergentes de modo a reduzirem assim o n\u00edvel de depend\u00eancia que as suas empresas tinham da China (menos da metade no ano passado). Paralelamente, quase dois ter\u00e7os confirmaram que o friendshoring representar\u00e1 uma parte significativa das estrat\u00e9gias de abastecimento e de produ\u00e7\u00e3o das suas empresas em 2025 (45% no ano passado).<\/p><p>\u00a0<\/p><p><strong>Tecnologias verdes lideram prioridades dos investimentos em sustentabilidade<\/strong><\/p><p>Num contexto em que o investimento em sustentabilidade \u00e9 cada vez mais considerado como um motor de crescimento, conformidade e efici\u00eancia, e em que \u00e9 cada vez mais impactado pela geopol\u00edtica [2], 62% dos gestores de topo em todo o mundo (mais 10 pontos percentuais do que em 2024) referiram que planeiam aumentar os seus or\u00e7amentos em mais 10,5% em m\u00e9dia na \u00e1rea da sustentabilidade este ano. O investimento em tecnologias verdes (onde 72% planeia investir mais) privilegia em particular o hidrog\u00e9nio, as\u00a0 energias renov\u00e1veis, as baterias, a energia nuclear e a captura de carbono.<\/p><p>As baterias lideram as inten\u00e7\u00f5es de investimento na \u00e1rea das tecnologias verdes em 2025, com mais da metade dos l\u00edderes empresariais classificando-as entre as suas tr\u00eas primeiras prioridades, sobretudo nos setores industrial e autom\u00f3vel. Al\u00e9m das tecnologias verdes, as prioridades do investimento em sustentabilidade incluem: investiga\u00e7\u00e3o e desenvolvimento sustent\u00e1vel de produtos; preserva\u00e7\u00e3o da biodiversidade e restauro da natureza; bem como a conserva\u00e7\u00e3o\/gest\u00e3o da \u00e1gua.<\/p><p>\u00a0<\/p><p><strong>IA e IA generativa aumentam valor de investimento em tecnologia \u2013 sobretudo nos EUA<\/strong><\/p><p>Globalmente, espera-se que as empresas dos EUA venham a superar os seus pares em termos de investimentos em tecnologia em 2025. Al\u00e9m disso, os l\u00edderes empresariais norte-americanos s\u00e3o tamb\u00e9m os que consideram em maior n\u00famero que devem investir mais para se tornarem mais competitivos (84%), e por compara\u00e7\u00e3o com uma atitude mais conservadora por parte dos seus hom\u00f3logos europeus (64%). Em termos de investimentos em tecnologia, quase 3 em cada 4 dos gestores inquiridos consideraram que a IA\/IA generativa est\u00e3o entre as tr\u00eas principais tecnologias que ir\u00e3o ser priorit\u00e1rias em 2025 \u2013 e novamente, em particular nos EUA.<\/p>\t\t\t\t\t\t\t\t<\/div>\n\t\t\t\t<\/div>\n\t\t\t\t<div class=\"elementor-element elementor-element-bf4d5ca elementor-widget elementor-widget-button\" data-id=\"bf4d5ca\" data-element_type=\"widget\" data-widget_type=\"button.default\">\n\t\t\t\t<div class=\"elementor-widget-container\">\n\t\t\t\t\t\t\t\t\t<div class=\"elementor-button-wrapper\">\n\t\t\t\t\t<a class=\"elementor-button elementor-button-link elementor-size-md\" href=\"https:\/\/logisticamoderna.com\/estudo-capgemini-empresas-reduzem-riscos-nas-cadeias-de-abastecimento-em-2025\/\">\n\t\t\t\t\t\t<span class=\"elementor-button-content-wrapper\">\n\t\t\t\t\t\t\t\t\t<span class=\"elementor-button-text\">Leia a not\u00edcia completa<\/span>\n\t\t\t\t\t<\/span>\n\t\t\t\t\t<\/a>\n\t\t\t\t<\/div>\n\t\t\t\t\t\t\t\t<\/div>\n\t\t\t\t<\/div>\n\t\t\t\t\t<\/div>\n\t\t<\/div>\n\t\t\t\t<div class=\"elementor-column elementor-col-50 elementor-top-column elementor-element elementor-element-19dc3572\" data-id=\"19dc3572\" data-element_type=\"column\">\n\t\t\t<div class=\"elementor-widget-wrap elementor-element-populated\">\n\t\t\t\t\t\t<div class=\"elementor-element elementor-element-404ac641 elementor-grid-1 elementor-posts--thumbnail-none elementor-grid-tablet-1 elementor-grid-mobile-1 elementor-widget elementor-widget-posts\" data-id=\"404ac641\" data-element_type=\"widget\" data-settings=\"{&quot;classic_columns&quot;:&quot;1&quot;,&quot;classic_row_gap&quot;:{&quot;unit&quot;:&quot;px&quot;,&quot;size&quot;:&quot;23&quot;,&quot;sizes&quot;:[]},&quot;classic_columns_tablet&quot;:&quot;1&quot;,&quot;_animation&quot;:&quot;none&quot;,&quot;classic_columns_mobile&quot;:&quot;1&quot;,&quot;classic_row_gap_tablet&quot;:{&quot;unit&quot;:&quot;px&quot;,&quot;size&quot;:&quot;&quot;,&quot;sizes&quot;:[]},&quot;classic_row_gap_mobile&quot;:{&quot;unit&quot;:&quot;px&quot;,&quot;size&quot;:&quot;&quot;,&quot;sizes&quot;:[]}}\" data-widget_type=\"posts.classic\">\n\t\t\t\t<div class=\"elementor-widget-container\">\n\t\t\t\t\t\t\t<div class=\"elementor-posts-container elementor-posts elementor-posts--skin-classic elementor-grid\" role=\"list\">\n\t\t\t\t<article class=\"elementor-post elementor-grid-item post-184444 post type-post status-publish format-standard has-post-thumbnail hentry category-notas-de-imprensa tag-abril tag-balanco-feira tag-congresso tag-easyfairs tag-embalagem tag-feira tag-logistica tag-nota-de-imprensa tag-portugal\" role=\"listitem\">\n\t\t\t\t<div class=\"elementor-post__text\">\n\t\t\t\t<h3 class=\"elementor-post__title\">\n\t\t\t<a href=\"https:\/\/www.empacklogisticsautomationporto.com\/pt-pt\/2026\/04\/28\/empack-e-logistics-automation-porto-avanca-para-2027-com-64-do-espaco-ja-reservado\/\" >\n\t\t\t\tEmpack e Logistics &#038; Automation Porto avan\u00e7a para 2027 com 64% do espa\u00e7o j\u00e1 reservado\t\t\t<\/a>\n\t\t<\/h3>\n\t\t\t\t<div class=\"elementor-post__excerpt\">\n\t\t\t<p>Empack e Logistics &amp; Automation Porto avan\u00e7a para 2027 com 64% do espa\u00e7o j\u00e1 reservado D\u00e9cima edi\u00e7\u00e3o da feira profissional representativa dos setores log\u00edstico e<\/p>\n\t\t<\/div>\n\t\t\n\t\t<a class=\"elementor-post__read-more\" href=\"https:\/\/www.empacklogisticsautomationporto.com\/pt-pt\/2026\/04\/28\/empack-e-logistics-automation-porto-avanca-para-2027-com-64-do-espaco-ja-reservado\/\" aria-label=\"Read more about Empack e Logistics &#038; Automation Porto avan\u00e7a para 2027 com 64% do espa\u00e7o j\u00e1 reservado\" tabindex=\"-1\" >\n\t\t\tRead More \u00bb\t\t<\/a>\n\n\t\t\t\t<\/div>\n\t\t\t\t<\/article>\n\t\t\t\t<article class=\"elementor-post elementor-grid-item post-183874 post type-post status-publish format-standard has-post-thumbnail hentry category-blog tag-automacao tag-bruxelas tag-embalagens tag-empack tag-logistica tag-manutencao tag-noticias tag-portugal\" role=\"listitem\">\n\t\t\t\t<div class=\"elementor-post__text\">\n\t\t\t\t<h3 class=\"elementor-post__title\">\n\t\t\t<a href=\"https:\/\/www.empacklogisticsautomationporto.com\/pt-pt\/2026\/04\/01\/bruxelas-clarifica-novas-regras-de-embalagens-para-acelerar-transicao-sustentavel-na-uniao-europeia\/\" >\n\t\t\t\tBruxelas clarifica novas regras de embalagens para acelerar transi\u00e7\u00e3o sustent\u00e1vel na Uni\u00e3o Europeia\t\t\t<\/a>\n\t\t<\/h3>\n\t\t\t\t<div class=\"elementor-post__excerpt\">\n\t\t\t<p>Bruxelas clarifica novas regras de embalagens para acelerar transi\u00e7\u00e3o sustent\u00e1vel na Uni\u00e3o Europeia Comiss\u00e3o Europeia publica orienta\u00e7\u00f5es para aplicar regulamento das embalagens, reduzir res\u00edduos e<\/p>\n\t\t<\/div>\n\t\t\n\t\t<a class=\"elementor-post__read-more\" href=\"https:\/\/www.empacklogisticsautomationporto.com\/pt-pt\/2026\/04\/01\/bruxelas-clarifica-novas-regras-de-embalagens-para-acelerar-transicao-sustentavel-na-uniao-europeia\/\" aria-label=\"Read more about Bruxelas clarifica novas regras de embalagens para acelerar transi\u00e7\u00e3o sustent\u00e1vel na Uni\u00e3o Europeia\" tabindex=\"-1\" >\n\t\t\tRead More \u00bb\t\t<\/a>\n\n\t\t\t\t<\/div>\n\t\t\t\t<\/article>\n\t\t\t\t<article class=\"elementor-post elementor-grid-item post-183860 post type-post status-publish format-standard has-post-thumbnail hentry category-blog tag-automacao tag-empack tag-logistica tag-manutencao tag-noticias tag-portugal tag-sustentabilidade\" role=\"listitem\">\n\t\t\t\t<div class=\"elementor-post__text\">\n\t\t\t\t<h3 class=\"elementor-post__title\">\n\t\t\t<a href=\"https:\/\/www.empacklogisticsautomationporto.com\/pt-pt\/2026\/04\/01\/dossier-sustentabilidade-e-manutencao\/\" >\n\t\t\t\tDossier sustentabilidade e manuten\u00e7\u00e3o\t\t\t<\/a>\n\t\t<\/h3>\n\t\t\t\t<div class=\"elementor-post__excerpt\">\n\t\t\t<p>Dossier sustentabilidade e manuten\u00e7\u00e3o O presente dossier chama a aten\u00e7\u00e3o para uma nova via para a manuten\u00e7\u00e3o: a liga\u00e7\u00e3o entre a manuten\u00e7\u00e3o e a sustentabilidade.<\/p>\n\t\t<\/div>\n\t\t\n\t\t<a class=\"elementor-post__read-more\" href=\"https:\/\/www.empacklogisticsautomationporto.com\/pt-pt\/2026\/04\/01\/dossier-sustentabilidade-e-manutencao\/\" aria-label=\"Read more about Dossier sustentabilidade e manuten\u00e7\u00e3o\" tabindex=\"-1\" >\n\t\t\tRead More \u00bb\t\t<\/a>\n\n\t\t\t\t<\/div>\n\t\t\t\t<\/article>\n\t\t\t\t<article class=\"elementor-post elementor-grid-item post-183838 post type-post status-publish format-standard has-post-thumbnail hentry category-blog tag-decima-edicao tag-domino tag-historias-que-inspiram tag-marque-tdi\" role=\"listitem\">\n\t\t\t\t<div class=\"elementor-post__text\">\n\t\t\t\t<h3 class=\"elementor-post__title\">\n\t\t\t<a href=\"https:\/\/www.empacklogisticsautomationporto.com\/pt-pt\/2026\/04\/01\/historias-que-inspiram-domino\/\" >\n\t\t\t\tHist\u00f3rias que Inspiram &#8211; DOMINO\t\t\t<\/a>\n\t\t<\/h3>\n\t\t\t\t<div class=\"elementor-post__excerpt\">\n\t\t\t<p>Hist\u00f3rias que Inspiram 10 anos de Empack e Logistics &amp; Automation Porto Hist\u00f3rias que Inspiram nasce para celebrar os expositores que estiveram connosco desde o<\/p>\n\t\t<\/div>\n\t\t\n\t\t<a class=\"elementor-post__read-more\" href=\"https:\/\/www.empacklogisticsautomationporto.com\/pt-pt\/2026\/04\/01\/historias-que-inspiram-domino\/\" aria-label=\"Read more about Hist\u00f3rias que Inspiram &#8211; DOMINO\" tabindex=\"-1\" >\n\t\t\tRead More \u00bb\t\t<\/a>\n\n\t\t\t\t<\/div>\n\t\t\t\t<\/article>\n\t\t\t\t<\/div>\n\t\t\n\t\t\t\t\t\t<\/div>\n\t\t\t\t<\/div>\n\t\t\t\t<div class=\"elementor-element elementor-element-1f3f2b92 elementor-widget-divider--view-line elementor-widget elementor-widget-divider\" data-id=\"1f3f2b92\" data-element_type=\"widget\" data-widget_type=\"divider.default\">\n\t\t\t\t<div class=\"elementor-widget-container\">\n\t\t\t\t\t\t\t<div class=\"elementor-divider\">\n\t\t\t<span class=\"elementor-divider-separator\">\n\t\t\t\t\t\t<\/span>\n\t\t<\/div>\n\t\t\t\t\t\t<\/div>\n\t\t\t\t<\/div>\n\t\t\t\t\t<\/div>\n\t\t<\/div>\n\t\t\t\t\t<\/div>\n\t\t<\/section>\n\t\t\t\t<\/div>\n\t\t","protected":false},"excerpt":{"rendered":"<p>Estudo Capgemini: Empresas reduzem riscos nas cadeias de abastecimento em 2025 O Research Institute da Capgemini acaba de lan\u00e7ar o \u201cNavigating uncertainty with confidence \u2013 Investment priorities for 2025\u201d, um estudo que revela que n\u00e3o obstante continuarmos a viver num ambiente de mercado dominado por um sentimento de incerteza permanente, os l\u00edderes empresariais est\u00e3o mais [&hellip;]<\/p>\n","protected":false},"author":1256,"featured_media":131075,"comment_status":"closed","ping_status":"closed","sticky":false,"template":"","format":"standard","meta":{"_seopress_robots_primary_cat":"none","_seopress_titles_title":"Not\u00edcias | Empack e Logistics &amp; Automation Porto","_seopress_titles_desc":"Veja as not\u00edcias dos sectores de embalagem e log\u00edstica em Portugal.","_seopress_robots_index":"","footnotes":""},"categories":[392],"tags":[1649,1700,1699,1055],"edition":[],"class_list":["post-131069","post","type-post","status-publish","format-standard","has-post-thumbnail","hentry","category-blog","tag-estudo","tag-navigating-uncertainty-with-confidence","tag-research-institute-da-capgemini","tag-supply-chain"],"_links":{"self":[{"href":"https:\/\/www.empacklogisticsautomationporto.com\/pt-pt\/wp-json\/wp\/v2\/posts\/131069","targetHints":{"allow":["GET"]}}],"collection":[{"href":"https:\/\/www.empacklogisticsautomationporto.com\/pt-pt\/wp-json\/wp\/v2\/posts"}],"about":[{"href":"https:\/\/www.empacklogisticsautomationporto.com\/pt-pt\/wp-json\/wp\/v2\/types\/post"}],"author":[{"embeddable":true,"href":"https:\/\/www.empacklogisticsautomationporto.com\/pt-pt\/wp-json\/wp\/v2\/users\/1256"}],"replies":[{"embeddable":true,"href":"https:\/\/www.empacklogisticsautomationporto.com\/pt-pt\/wp-json\/wp\/v2\/comments?post=131069"}],"version-history":[{"count":5,"href":"https:\/\/www.empacklogisticsautomationporto.com\/pt-pt\/wp-json\/wp\/v2\/posts\/131069\/revisions"}],"predecessor-version":[{"id":131081,"href":"https:\/\/www.empacklogisticsautomationporto.com\/pt-pt\/wp-json\/wp\/v2\/posts\/131069\/revisions\/131081"}],"wp:featuredmedia":[{"embeddable":true,"href":"https:\/\/www.empacklogisticsautomationporto.com\/pt-pt\/wp-json\/wp\/v2\/media\/131075"}],"wp:attachment":[{"href":"https:\/\/www.empacklogisticsautomationporto.com\/pt-pt\/wp-json\/wp\/v2\/media?parent=131069"}],"wp:term":[{"taxonomy":"category","embeddable":true,"href":"https:\/\/www.empacklogisticsautomationporto.com\/pt-pt\/wp-json\/wp\/v2\/categories?post=131069"},{"taxonomy":"post_tag","embeddable":true,"href":"https:\/\/www.empacklogisticsautomationporto.com\/pt-pt\/wp-json\/wp\/v2\/tags?post=131069"},{"taxonomy":"edition","embeddable":true,"href":"https:\/\/www.empacklogisticsautomationporto.com\/pt-pt\/wp-json\/wp\/v2\/edition?post=131069"}],"curies":[{"name":"wp","href":"https:\/\/api.w.org\/{rel}","templated":true}]}}