{"id":169241,"date":"2025-05-13T11:26:37","date_gmt":"2025-05-13T10:26:37","guid":{"rendered":"https:\/\/www.empacklogisticsautomationporto.com\/?p=169241"},"modified":"2025-05-27T15:37:18","modified_gmt":"2025-05-27T14:37:18","slug":"fundo-ambiental-com-orcamento-de-13-mil-milhoes-de-euros-para-2025","status":"publish","type":"post","link":"https:\/\/www.empacklogisticsautomationporto.com\/pt-pt\/2025\/05\/13\/fundo-ambiental-com-orcamento-de-13-mil-milhoes-de-euros-para-2025\/","title":{"rendered":"Fundo Ambiental com or\u00e7amento de 1,3 mil milh\u00f5es de euros para 2025"},"content":{"rendered":"\t\t<div data-elementor-type=\"wp-post\" data-elementor-id=\"169241\" class=\"elementor elementor-169241\" data-elementor-post-type=\"post\">\n\t\t\t\t\t\t<section class=\"elementor-section elementor-top-section elementor-element elementor-element-6c4d399f elementor-section-full_width elementor-section-height-default elementor-section-height-default\" data-id=\"6c4d399f\" data-element_type=\"section\">\n\t\t\t\t\t\t<div class=\"elementor-container elementor-column-gap-default\">\n\t\t\t\t\t<div class=\"elementor-column elementor-col-50 elementor-top-column elementor-element elementor-element-7e8189c8\" data-id=\"7e8189c8\" data-element_type=\"column\">\n\t\t\t<div class=\"elementor-widget-wrap elementor-element-populated\">\n\t\t\t\t\t\t<div class=\"elementor-element elementor-element-5385dc8d elementor-invisible elementor-widget elementor-widget-heading\" data-id=\"5385dc8d\" data-element_type=\"widget\" data-settings=\"{&quot;_animation&quot;:&quot;fadeIn&quot;}\" data-widget_type=\"heading.default\">\n\t\t\t\t<div class=\"elementor-widget-container\">\n\t\t\t\t\t<h1 class=\"elementor-heading-title elementor-size-default\">Fundo Ambiental com or\u00e7amento de 1,3 mil milh\u00f5es de euros para 2025<\/h1>\t\t\t\t<\/div>\n\t\t\t\t<\/div>\n\t\t\t\t<div class=\"elementor-element elementor-element-0fcab1a elementor-widget elementor-widget-image\" data-id=\"0fcab1a\" data-element_type=\"widget\" data-widget_type=\"image.default\">\n\t\t\t\t<div class=\"elementor-widget-container\">\n\t\t\t\t\t\t\t\t\t\t\t\t\t\t\t<img fetchpriority=\"high\" decoding=\"async\" width=\"400\" height=\"250\" src=\"https:\/\/easyfairsassets.com\/sites\/68\/2025\/05\/14.05.png\" class=\"attachment-medium_large size-medium_large wp-image-169247\" alt=\"noticia Fundo Ambiental or\u00e7amento Di\u00e1rio da Republica\" srcset=\"https:\/\/easyfairsassets.com\/sites\/68\/2025\/05\/14.05.png 400w, https:\/\/easyfairsassets.com\/sites\/68\/2025\/05\/14.05-300x188.png 300w\" sizes=\"(max-width: 400px) 100vw, 400px\" \/>\t\t\t\t\t\t\t\t\t\t\t\t\t\t\t<\/div>\n\t\t\t\t<\/div>\n\t\t\t\t<div class=\"elementor-element elementor-element-4eb7a90d elementor-widget-tablet__width-initial elementor-widget__width-initial elementor-widget elementor-widget-text-editor\" data-id=\"4eb7a90d\" data-element_type=\"widget\" data-settings=\"{&quot;_animation&quot;:&quot;none&quot;}\" data-widget_type=\"text-editor.default\">\n\t\t\t\t<div class=\"elementor-widget-container\">\n\t\t\t\t\t\t\t\t\t<p>O Governo aprovou, atrav\u00e9s do Despacho n.\u00ba 5401\/2025, o or\u00e7amento do Fundo Ambiental para o ano de 2025, num\u00a0<strong>total de 1.329.905.256 euros<\/strong>.<\/p><p>O despacho foi publicado hoje em\u00a0<em>Di\u00e1rio da Rep\u00fablica<\/em>\u00a0e define as prioridades de investimento para este instrumento financeiro essencial na execu\u00e7\u00e3o da pol\u00edtica ambiental e clim\u00e1tica em Portugal.<\/p><p>O or\u00e7amento contempla compromissos assumidos em anos anteriores, programas estruturais nos setores da \u00e1gua, energia e transportes, novos projetos estrat\u00e9gicos e avisos p\u00fablicos para candidaturas, abrangendo uma ampla diversidade de benefici\u00e1rios.<\/p><h4><strong>Receitas e aloca\u00e7\u00f5es<\/strong><\/h4><p>As receitas do Fundo prov\u00eam essencialmente de fontes ligadas \u00e0 pol\u00edtica ambiental e energ\u00e9tica, como os\u00a0<strong>leil\u00f5es do Com\u00e9rcio Europeu de Licen\u00e7as de Emiss\u00e3o<\/strong>\u00a0(500,5 milh\u00f5es de euros), a\u00a0<strong>taxa de carbono sobre viagens a\u00e9reas<\/strong>\u00a0(80 milh\u00f5es), e o financiamento do programa\u00a0<strong>Incentiva + TP<\/strong>\u00a0(439 milh\u00f5es). A Contribui\u00e7\u00e3o Extraordin\u00e1ria sobre o Setor Energ\u00e9tico (CESE) representa mais 125 milh\u00f5es de euros.<\/p><p>Os\u00a0<strong>setores da \u00e1gua, energia e transportes<\/strong>\u00a0continuam a ser priorit\u00e1rios na aplica\u00e7\u00e3o dos fundos p\u00fablicos, absorvendo a maior fatia do or\u00e7amento do Fundo Ambiental para 2025, num total de\u00a0<strong>950,7 milh\u00f5es de euros<\/strong>. Este montante inclui 439 milh\u00f5es de euros para o programa\u00a0<strong>Incentiva + TP<\/strong>, 458 milh\u00f5es destinados a transfer\u00eancias para o\u00a0<strong>Sistema Energ\u00e9tico Nacional<\/strong>\u00a0(com origem em diversas fontes como os leil\u00f5es CELE, CESE e ISP) e 26 milh\u00f5es para apoiar a\u00a0<strong>sustentabilidade dos servi\u00e7os de \u00e1guas.<\/strong><\/p><p>Al\u00e9m disso, o despacho prev\u00ea uma disponibilidade de 197 milh\u00f5es de euros para novas iniciativas, dos quais\u00a0<strong>160,1 milh\u00f5es s\u00e3o destinados a projetos definidos diretamente pela tutela<\/strong>, como o refor\u00e7o da\u00a0<strong>gest\u00e3o de recursos h\u00eddricos no Algarve<\/strong>,\u00a0<strong>a selagem do aterro de Felgueiras, a requalifica\u00e7\u00e3o da Ria de Aveiro, a moderniza\u00e7\u00e3o da rede hidrom\u00e9trica e o funcionamento de equipas de sapadores florestais,<\/strong>\u00a0com uma dota\u00e7\u00e3o espec\u00edfica de 30,4 milh\u00f5es de euros.<\/p><p>Os restantes\u00a0<strong>36,9 milh\u00f5es de euros ser\u00e3o canalizados para avisos p\u00fablicos, destinados a entidades como autarquias, organiza\u00e7\u00f5es n\u00e3o governamentais de ambiente, institui\u00e7\u00f5es de ensino superior e IPSS.<\/strong>\u00a0Estes avisos ter\u00e3o foco em \u00e1reas como a\u00a0<strong>biodiversidade, florestas e mobilidade sustent\u00e1vel.<\/strong>\u00a0Entre os apoios j\u00e1 identificados, incluem-se\u00a0<strong>13,5 milh\u00f5es de euros para a aquisi\u00e7\u00e3o de ve\u00edculos de emiss\u00f5es nulas, 7,5 milh\u00f5es para gest\u00e3o de combust\u00edveis em baldios atrav\u00e9s da pastor\u00edcia, e 3 milh\u00f5es para a elabora\u00e7\u00e3o de planos de reabilita\u00e7\u00e3o de pedreiras<\/strong>\u00a0em situa\u00e7\u00e3o cr\u00edtica.<\/p><p>O despacho evidencia ainda uma estrat\u00e9gia ambiental transversal, com investimentos estruturantes na economia circular, atrav\u00e9s do refor\u00e7o do programa\u00a0<strong>RecolhaBio<\/strong>\u00a0(com uma dota\u00e7\u00e3o de 27 milh\u00f5es de euros), do desenvolvimento de\u00a0<strong>novos sistemas de indicadores e plataformas digitais<\/strong>, bem como do\u00a0<strong>apoio \u00e0 conserva\u00e7\u00e3o da natureza<\/strong>\u00a0\u2013 incluindo 3 milh\u00f5es para cogest\u00e3o de \u00e1reas protegidas e 1,5 milh\u00f5es para \u00e1reas marinhas protegidas. No eixo da gest\u00e3o florestal, o\u00a0<strong>financiamento ultrapassa os 40 milh\u00f5es de euros<\/strong>, com enfoque na vigil\u00e2ncia, preven\u00e7\u00e3o e funcionamento das equipas de sapadores florestais.<\/p><h4><strong>Fundo poder\u00e1 ser ajustado em fun\u00e7\u00e3o da execu\u00e7\u00e3o<\/strong><\/h4><p>O despacho prev\u00ea ainda que os valores possam ser revistos ao longo do ano, caso haja varia\u00e7\u00f5es significativas na execu\u00e7\u00e3o or\u00e7amental ou necessidades emergentes.<\/p>\t\t\t\t\t\t\t\t<\/div>\n\t\t\t\t<\/div>\n\t\t\t\t<div class=\"elementor-element elementor-element-bf4d5ca elementor-align-center elementor-widget elementor-widget-button\" data-id=\"bf4d5ca\" data-element_type=\"widget\" data-widget_type=\"button.default\">\n\t\t\t\t<div class=\"elementor-widget-container\">\n\t\t\t\t\t\t\t\t\t<div class=\"elementor-button-wrapper\">\n\t\t\t\t\t<a class=\"elementor-button elementor-button-link elementor-size-md\" href=\"https:\/\/revistapackaging.pt\/index.php\/atualidade\/2455-fundo-ambiental-com-orcamento-de-1-3-mil-milhoes-de-euros-para-2025\">\n\t\t\t\t\t\t<span class=\"elementor-button-content-wrapper\">\n\t\t\t\t\t\t\t\t\t<span class=\"elementor-button-text\">Leia a not\u00edcia completa<\/span>\n\t\t\t\t\t<\/span>\n\t\t\t\t\t<\/a>\n\t\t\t\t<\/div>\n\t\t\t\t\t\t\t\t<\/div>\n\t\t\t\t<\/div>\n\t\t\t\t\t<\/div>\n\t\t<\/div>\n\t\t\t\t<div class=\"elementor-column elementor-col-50 elementor-top-column elementor-element elementor-element-19dc3572\" data-id=\"19dc3572\" data-element_type=\"column\">\n\t\t\t<div class=\"elementor-widget-wrap elementor-element-populated\">\n\t\t\t\t\t\t<div class=\"elementor-element elementor-element-404ac641 elementor-grid-1 elementor-posts--thumbnail-none elementor-grid-tablet-1 elementor-grid-mobile-1 elementor-widget elementor-widget-posts\" data-id=\"404ac641\" data-element_type=\"widget\" data-settings=\"{&quot;classic_columns&quot;:&quot;1&quot;,&quot;classic_row_gap&quot;:{&quot;unit&quot;:&quot;px&quot;,&quot;size&quot;:&quot;23&quot;,&quot;sizes&quot;:[]},&quot;classic_columns_tablet&quot;:&quot;1&quot;,&quot;_animation&quot;:&quot;none&quot;,&quot;classic_columns_mobile&quot;:&quot;1&quot;,&quot;classic_row_gap_tablet&quot;:{&quot;unit&quot;:&quot;px&quot;,&quot;size&quot;:&quot;&quot;,&quot;sizes&quot;:[]},&quot;classic_row_gap_mobile&quot;:{&quot;unit&quot;:&quot;px&quot;,&quot;size&quot;:&quot;&quot;,&quot;sizes&quot;:[]}}\" data-widget_type=\"posts.classic\">\n\t\t\t\t<div class=\"elementor-widget-container\">\n\t\t\t\t\t\t\t<div class=\"elementor-posts-container elementor-posts elementor-posts--skin-classic elementor-grid\" role=\"list\">\n\t\t\t\t<article class=\"elementor-post elementor-grid-item post-184444 post type-post status-publish format-standard has-post-thumbnail hentry category-notas-de-imprensa tag-abril tag-balanco-feira tag-congresso tag-easyfairs tag-embalagem tag-feira tag-logistica tag-nota-de-imprensa tag-portugal\" role=\"listitem\">\n\t\t\t\t<div class=\"elementor-post__text\">\n\t\t\t\t<h3 class=\"elementor-post__title\">\n\t\t\t<a href=\"https:\/\/www.empacklogisticsautomationporto.com\/pt-pt\/2026\/04\/28\/empack-e-logistics-automation-porto-avanca-para-2027-com-64-do-espaco-ja-reservado\/\" >\n\t\t\t\tEmpack e Logistics &#038; Automation Porto avan\u00e7a para 2027 com 64% do espa\u00e7o j\u00e1 reservado\t\t\t<\/a>\n\t\t<\/h3>\n\t\t\t\t<div class=\"elementor-post__excerpt\">\n\t\t\t<p>Empack e Logistics &amp; Automation Porto avan\u00e7a para 2027 com 64% do espa\u00e7o j\u00e1 reservado D\u00e9cima edi\u00e7\u00e3o da feira profissional representativa dos setores log\u00edstico e<\/p>\n\t\t<\/div>\n\t\t\n\t\t<a class=\"elementor-post__read-more\" href=\"https:\/\/www.empacklogisticsautomationporto.com\/pt-pt\/2026\/04\/28\/empack-e-logistics-automation-porto-avanca-para-2027-com-64-do-espaco-ja-reservado\/\" aria-label=\"Read more about Empack e Logistics &#038; Automation Porto avan\u00e7a para 2027 com 64% do espa\u00e7o j\u00e1 reservado\" tabindex=\"-1\" >\n\t\t\tRead More \u00bb\t\t<\/a>\n\n\t\t\t\t<\/div>\n\t\t\t\t<\/article>\n\t\t\t\t<article class=\"elementor-post elementor-grid-item post-183874 post type-post status-publish format-standard has-post-thumbnail hentry category-blog tag-automacao tag-bruxelas tag-embalagens tag-empack tag-logistica tag-manutencao tag-noticias tag-portugal\" role=\"listitem\">\n\t\t\t\t<div class=\"elementor-post__text\">\n\t\t\t\t<h3 class=\"elementor-post__title\">\n\t\t\t<a href=\"https:\/\/www.empacklogisticsautomationporto.com\/pt-pt\/2026\/04\/01\/bruxelas-clarifica-novas-regras-de-embalagens-para-acelerar-transicao-sustentavel-na-uniao-europeia\/\" >\n\t\t\t\tBruxelas clarifica novas regras de embalagens para acelerar transi\u00e7\u00e3o sustent\u00e1vel na Uni\u00e3o Europeia\t\t\t<\/a>\n\t\t<\/h3>\n\t\t\t\t<div class=\"elementor-post__excerpt\">\n\t\t\t<p>Bruxelas clarifica novas regras de embalagens para acelerar transi\u00e7\u00e3o sustent\u00e1vel na Uni\u00e3o Europeia Comiss\u00e3o Europeia publica orienta\u00e7\u00f5es para aplicar regulamento das embalagens, reduzir res\u00edduos e<\/p>\n\t\t<\/div>\n\t\t\n\t\t<a class=\"elementor-post__read-more\" href=\"https:\/\/www.empacklogisticsautomationporto.com\/pt-pt\/2026\/04\/01\/bruxelas-clarifica-novas-regras-de-embalagens-para-acelerar-transicao-sustentavel-na-uniao-europeia\/\" aria-label=\"Read more about Bruxelas clarifica novas regras de embalagens para acelerar transi\u00e7\u00e3o sustent\u00e1vel na Uni\u00e3o Europeia\" tabindex=\"-1\" >\n\t\t\tRead More \u00bb\t\t<\/a>\n\n\t\t\t\t<\/div>\n\t\t\t\t<\/article>\n\t\t\t\t<article class=\"elementor-post elementor-grid-item post-183860 post type-post status-publish format-standard has-post-thumbnail hentry category-blog tag-automacao tag-empack tag-logistica tag-manutencao tag-noticias tag-portugal tag-sustentabilidade\" role=\"listitem\">\n\t\t\t\t<div class=\"elementor-post__text\">\n\t\t\t\t<h3 class=\"elementor-post__title\">\n\t\t\t<a href=\"https:\/\/www.empacklogisticsautomationporto.com\/pt-pt\/2026\/04\/01\/dossier-sustentabilidade-e-manutencao\/\" >\n\t\t\t\tDossier sustentabilidade e manuten\u00e7\u00e3o\t\t\t<\/a>\n\t\t<\/h3>\n\t\t\t\t<div class=\"elementor-post__excerpt\">\n\t\t\t<p>Dossier sustentabilidade e manuten\u00e7\u00e3o O presente dossier chama a aten\u00e7\u00e3o para uma nova via para a manuten\u00e7\u00e3o: a liga\u00e7\u00e3o entre a manuten\u00e7\u00e3o e a sustentabilidade.<\/p>\n\t\t<\/div>\n\t\t\n\t\t<a class=\"elementor-post__read-more\" href=\"https:\/\/www.empacklogisticsautomationporto.com\/pt-pt\/2026\/04\/01\/dossier-sustentabilidade-e-manutencao\/\" aria-label=\"Read more about Dossier sustentabilidade e manuten\u00e7\u00e3o\" tabindex=\"-1\" >\n\t\t\tRead More \u00bb\t\t<\/a>\n\n\t\t\t\t<\/div>\n\t\t\t\t<\/article>\n\t\t\t\t<article class=\"elementor-post elementor-grid-item post-183838 post type-post status-publish format-standard has-post-thumbnail hentry category-blog tag-decima-edicao tag-domino tag-historias-que-inspiram tag-marque-tdi\" role=\"listitem\">\n\t\t\t\t<div class=\"elementor-post__text\">\n\t\t\t\t<h3 class=\"elementor-post__title\">\n\t\t\t<a href=\"https:\/\/www.empacklogisticsautomationporto.com\/pt-pt\/2026\/04\/01\/historias-que-inspiram-domino\/\" >\n\t\t\t\tHist\u00f3rias que Inspiram &#8211; DOMINO\t\t\t<\/a>\n\t\t<\/h3>\n\t\t\t\t<div class=\"elementor-post__excerpt\">\n\t\t\t<p>Hist\u00f3rias que Inspiram 10 anos de Empack e Logistics &amp; Automation Porto Hist\u00f3rias que Inspiram nasce para celebrar os expositores que estiveram connosco desde o<\/p>\n\t\t<\/div>\n\t\t\n\t\t<a class=\"elementor-post__read-more\" href=\"https:\/\/www.empacklogisticsautomationporto.com\/pt-pt\/2026\/04\/01\/historias-que-inspiram-domino\/\" aria-label=\"Read more about Hist\u00f3rias que Inspiram &#8211; DOMINO\" tabindex=\"-1\" >\n\t\t\tRead More \u00bb\t\t<\/a>\n\n\t\t\t\t<\/div>\n\t\t\t\t<\/article>\n\t\t\t\t<\/div>\n\t\t\n\t\t\t\t\t\t<\/div>\n\t\t\t\t<\/div>\n\t\t\t\t<div class=\"elementor-element elementor-element-1f3f2b92 elementor-widget-divider--view-line elementor-widget elementor-widget-divider\" data-id=\"1f3f2b92\" data-element_type=\"widget\" data-widget_type=\"divider.default\">\n\t\t\t\t<div class=\"elementor-widget-container\">\n\t\t\t\t\t\t\t<div class=\"elementor-divider\">\n\t\t\t<span class=\"elementor-divider-separator\">\n\t\t\t\t\t\t<\/span>\n\t\t<\/div>\n\t\t\t\t\t\t<\/div>\n\t\t\t\t<\/div>\n\t\t\t\t\t<\/div>\n\t\t<\/div>\n\t\t\t\t\t<\/div>\n\t\t<\/section>\n\t\t\t\t<\/div>\n\t\t","protected":false},"excerpt":{"rendered":"<p>Fundo Ambiental com or\u00e7amento de 1,3 mil milh\u00f5es de euros para 2025 O Governo aprovou, atrav\u00e9s do Despacho n.\u00ba 5401\/2025, o or\u00e7amento do Fundo Ambiental para o ano de 2025, num\u00a0total de 1.329.905.256 euros. O despacho foi publicado hoje em\u00a0Di\u00e1rio da Rep\u00fablica\u00a0e define as prioridades de investimento para este instrumento financeiro essencial na execu\u00e7\u00e3o da [&hellip;]<\/p>\n","protected":false},"author":1256,"featured_media":169247,"comment_status":"closed","ping_status":"closed","sticky":false,"template":"","format":"standard","meta":{"_seopress_robots_primary_cat":"none","_seopress_titles_title":"Not\u00edcias | Empack e Logistics &amp; Automation Porto","_seopress_titles_desc":"Veja as not\u00edcias dos sectores de embalagem e log\u00edstica em Portugal.","_seopress_robots_index":"","footnotes":""},"categories":[392],"tags":[1819,1818,671],"edition":[],"class_list":["post-169241","post","type-post","status-publish","format-standard","has-post-thumbnail","hentry","category-blog","tag-diario-da-republica","tag-fundo-ambiental","tag-portugal"],"_links":{"self":[{"href":"https:\/\/www.empacklogisticsautomationporto.com\/pt-pt\/wp-json\/wp\/v2\/posts\/169241","targetHints":{"allow":["GET"]}}],"collection":[{"href":"https:\/\/www.empacklogisticsautomationporto.com\/pt-pt\/wp-json\/wp\/v2\/posts"}],"about":[{"href":"https:\/\/www.empacklogisticsautomationporto.com\/pt-pt\/wp-json\/wp\/v2\/types\/post"}],"author":[{"embeddable":true,"href":"https:\/\/www.empacklogisticsautomationporto.com\/pt-pt\/wp-json\/wp\/v2\/users\/1256"}],"replies":[{"embeddable":true,"href":"https:\/\/www.empacklogisticsautomationporto.com\/pt-pt\/wp-json\/wp\/v2\/comments?post=169241"}],"version-history":[{"count":5,"href":"https:\/\/www.empacklogisticsautomationporto.com\/pt-pt\/wp-json\/wp\/v2\/posts\/169241\/revisions"}],"predecessor-version":[{"id":169257,"href":"https:\/\/www.empacklogisticsautomationporto.com\/pt-pt\/wp-json\/wp\/v2\/posts\/169241\/revisions\/169257"}],"wp:featuredmedia":[{"embeddable":true,"href":"https:\/\/www.empacklogisticsautomationporto.com\/pt-pt\/wp-json\/wp\/v2\/media\/169247"}],"wp:attachment":[{"href":"https:\/\/www.empacklogisticsautomationporto.com\/pt-pt\/wp-json\/wp\/v2\/media?parent=169241"}],"wp:term":[{"taxonomy":"category","embeddable":true,"href":"https:\/\/www.empacklogisticsautomationporto.com\/pt-pt\/wp-json\/wp\/v2\/categories?post=169241"},{"taxonomy":"post_tag","embeddable":true,"href":"https:\/\/www.empacklogisticsautomationporto.com\/pt-pt\/wp-json\/wp\/v2\/tags?post=169241"},{"taxonomy":"edition","embeddable":true,"href":"https:\/\/www.empacklogisticsautomationporto.com\/pt-pt\/wp-json\/wp\/v2\/edition?post=169241"}],"curies":[{"name":"wp","href":"https:\/\/api.w.org\/{rel}","templated":true}]}}