{"id":172506,"date":"2025-08-04T11:42:46","date_gmt":"2025-08-04T10:42:46","guid":{"rendered":"https:\/\/www.empacklogisticsautomationporto.com\/?p=172506"},"modified":"2025-08-04T11:57:30","modified_gmt":"2025-08-04T10:57:30","slug":"um-cafe-com-francisco-donoso-managing-director-na-dolaf-servicios-verdes-e-presidente-do-bir-bureau-of-international-recycling","status":"publish","type":"post","link":"https:\/\/www.empacklogisticsautomationporto.com\/pt-pt\/2025\/08\/04\/um-cafe-com-francisco-donoso-managing-director-na-dolaf-servicios-verdes-e-presidente-do-bir-bureau-of-international-recycling\/","title":{"rendered":"Um caf\u00e9 com\u2026 Francisco Donoso,  Managing Director na DOLAF Servicios Verdes e presidente do BIR (Bureau of International Recycling)"},"content":{"rendered":"\t\t<div data-elementor-type=\"wp-post\" data-elementor-id=\"172506\" class=\"elementor elementor-172506\" data-elementor-post-type=\"post\">\n\t\t\t\t\t\t<section class=\"elementor-section elementor-top-section elementor-element elementor-element-6c4d399f elementor-section-full_width elementor-section-height-default elementor-section-height-default\" data-id=\"6c4d399f\" data-element_type=\"section\">\n\t\t\t\t\t\t<div class=\"elementor-container elementor-column-gap-default\">\n\t\t\t\t\t<div class=\"elementor-column elementor-col-50 elementor-top-column elementor-element elementor-element-7e8189c8\" data-id=\"7e8189c8\" data-element_type=\"column\">\n\t\t\t<div class=\"elementor-widget-wrap elementor-element-populated\">\n\t\t\t\t\t\t<div class=\"elementor-element elementor-element-5385dc8d elementor-invisible elementor-widget elementor-widget-heading\" data-id=\"5385dc8d\" data-element_type=\"widget\" data-settings=\"{&quot;_animation&quot;:&quot;fadeIn&quot;}\" data-widget_type=\"heading.default\">\n\t\t\t\t<div class=\"elementor-widget-container\">\n\t\t\t\t\t<h1 class=\"elementor-heading-title elementor-size-default\">Um caf\u00e9 com\u2026 Francisco Donoso,  Managing Director na DOLAF Servicios Verdes e presidente do BIR (Bureau of International Recycling)<\/h1>\t\t\t\t<\/div>\n\t\t\t\t<\/div>\n\t\t\t\t<div class=\"elementor-element elementor-element-25a2c1db elementor-widget elementor-widget-image\" data-id=\"25a2c1db\" data-element_type=\"widget\" data-widget_type=\"image.default\">\n\t\t\t\t<div class=\"elementor-widget-container\">\n\t\t\t\t\t\t\t\t\t\t\t\t<figure class=\"wp-caption\">\n\t\t\t\t\t\t\t\t\t\t<img fetchpriority=\"high\" decoding=\"async\" width=\"1250\" height=\"833\" src=\"https:\/\/easyfairsassets.com\/sites\/68\/2025\/08\/cafe-com.-Francisco-Donoso.png\" class=\"attachment-full size-full wp-image-172512\" alt=\"Um caf\u00e9 com... Francisco Donoso\" srcset=\"https:\/\/easyfairsassets.com\/sites\/68\/2025\/08\/cafe-com.-Francisco-Donoso.png 1250w, https:\/\/easyfairsassets.com\/sites\/68\/2025\/08\/cafe-com.-Francisco-Donoso-300x200.png 300w, https:\/\/easyfairsassets.com\/sites\/68\/2025\/08\/cafe-com.-Francisco-Donoso-1024x682.png 1024w, https:\/\/easyfairsassets.com\/sites\/68\/2025\/08\/cafe-com.-Francisco-Donoso-768x512.png 768w\" sizes=\"(max-width: 1250px) 100vw, 1250px\" \/>\t\t\t\t\t\t\t\t\t\t\t<figcaption class=\"widget-image-caption wp-caption-text\"><\/figcaption>\n\t\t\t\t\t\t\t\t\t\t<\/figure>\n\t\t\t\t\t\t\t\t\t<\/div>\n\t\t\t\t<\/div>\n\t\t\t\t<div class=\"elementor-element elementor-element-4eb7a90d elementor-widget elementor-widget-text-editor\" data-id=\"4eb7a90d\" data-element_type=\"widget\" data-settings=\"{&quot;_animation&quot;:&quot;none&quot;}\" data-widget_type=\"text-editor.default\">\n\t\t\t\t<div class=\"elementor-widget-container\">\n\t\t\t\t\t\t\t\t\t<p data-start=\"120\" data-end=\"274\">Sou bi\u00f3logo e MBA. Tenho 58 anos e ingressei numa pequena empresa familiar, fundada pelo meu pai, dedicada \u00e0<strong> recupera\u00e7\u00e3o e reciclagem de papel e cart\u00e3o<\/strong>.<\/p><p data-start=\"276\" data-end=\"618\"><strong>Fomos pioneiros<\/strong> no desenvolvimento das <strong>recolhas seletivas municipais de papel e cart\u00e3o usado<\/strong>, contando com contentores e cami\u00f5es cedidos pelo ent\u00e3o MOPU, em 1993. Desde ent\u00e3o, a empresa continuou a crescer e, nos anos 2000, iniciou a sua aventura internacional, exportando cart\u00e3o recuperado para a China e outros pa\u00edses do Sudeste Asi\u00e1tico.<\/p><p data-start=\"620\" data-end=\"841\">Em 2012, a minha fam\u00edlia decidiu vender a empresa a uma multinacional alem\u00e3 l\u00edder no seu setor, o <strong>ALBA GROUP<\/strong>, da qual fizemos parte at\u00e9 2021, ano em que voltei a comprar a empresa sozinho, sendo agora o \u00fanico acionista.<\/p><p data-start=\"843\" data-end=\"1036\"><strong>Empack e Logistics &amp; Automation Porto: Francisco, conte-nos um pouco o que \u00e9 a DOLAF Servi\u00e7os Verdes e como \u00e9 o seu dia a dia a conciliar o cargo na empresa com a presid\u00eancia do BIR (Bureau of International Recycling).<\/strong><\/p><p data-start=\"1038\" data-end=\"1839\"><strong data-start=\"1038\" data-end=\"1052\">Francisco:<\/strong> A DOLAF Servi\u00e7os Verdes \u00e9 uma empresa que mant\u00e9m o seu core business original \u2014 a recupera\u00e7\u00e3o e reciclagem de papel e cart\u00e3o usado \u2014 para posterior comercializa\u00e7\u00e3o, tanto a n\u00edvel local como internacional. No entanto, a empresa diversificou a sua oferta de servi\u00e7os, acompanhando a procura do mercado, que tende a unificar v\u00e1rios servi\u00e7os semelhantes numa \u00fanica entidade gestora. Assim, tamb\u00e9m recuperamos embalagens e outros materiais residuais, com o mesmo objetivo: a sua reciclagem. Temos uma elevada taxa de penetra\u00e7\u00e3o em servi\u00e7os p\u00fablicos, gra\u00e7as \u00e0s garantias e certifica\u00e7\u00f5es que oferecemos, e destacamo-nos em servi\u00e7os muito espec\u00edficos, como a destrui\u00e7\u00e3o de papel confidencial (com dados pessoais), reciclando posteriormente o material triturado em condi\u00e7\u00f5es de alta seguran\u00e7a.<\/p><p data-start=\"1841\" data-end=\"2236\">A minha atividade no BIR decorre em paralelo, tendo como principal objetivo promover a reciclagem de papel e cart\u00e3o, protegendo sempre o livre mercado internacional, de forma a poder abastecer os mercados mais carenciados e evitar excesso de res\u00edduos nos mercados com maior capacidade de recupera\u00e7\u00e3o. Estes objetivos s\u00e3o partilhados pela DOLAF, pelo que o trabalho \u00e9 compat\u00edvel e complementar.<\/p><p data-start=\"2238\" data-end=\"2577\"><strong>Empack e Logistics &amp; Automation Porto: Se estiv\u00e9ssemos a tomar este caf\u00e9 em Bruxelas, em vez de Madrid, sobre o que se estaria a falar atualmente no que diz respeito \u00e0 reciclagem e \u00e0 legisla\u00e7\u00e3o europeia? Considera que o consumidor final est\u00e1 verdadeiramente informado sobre o que acontece aos res\u00edduos que separa? O que podemos fazer melhor para fechar esse ciclo?<\/strong><\/p><p data-start=\"2579\" data-end=\"3311\"><strong data-start=\"2579\" data-end=\"2593\">Francisco:<\/strong> Tomo caf\u00e9 em Bruxelas com frequ\u00eancia, e falamos muitas vezes sobre estes temas. Atualmente, estamos especialmente preocupados com a nova Diretiva sobre o transporte transfronteiri\u00e7o de res\u00edduos, que limita e restringe substancialmente o livre mercado internacional, impondo novos entraves, como a obrigatoriedade de auditorias externas nas f\u00e1bricas asi\u00e1ticas consumidoras do nosso papel residual \u2014 auditorias que n\u00e3o s\u00e3o exigidas \u00e0s f\u00e1bricas europeias, apenas por estarem localizadas na Europa. A condi\u00e7\u00e3o de \u201cfim de res\u00edduo\u201d (EoW) poderia ser uma solu\u00e7\u00e3o, passando o nosso material a ser considerado como mat\u00e9ria-prima (que efetivamente \u00e9), em vez de res\u00edduo, evitando assim as restri\u00e7\u00f5es ao mercado internacional.<\/p><p data-start=\"3313\" data-end=\"4046\">Passo a explicar: a maior produ\u00e7\u00e3o de bens de consumo a n\u00edvel mundial est\u00e1 localizada na \u00c1sia. \u00c9 l\u00e1 que \u00e9 necess\u00e1rio fabricar o maior volume de embalagens para esses produtos. No entanto, esses produtos acabam por ser exportados para o mundo ocidental, onde as embalagens se tornam num res\u00edduo desnecess\u00e1rio e excessivo, que nem sequer \u00e9 contabilizado (contabilizam-se os produtos exportados, mas n\u00e3o as suas embalagens). Esta realidade, que vai al\u00e9m da nossa pr\u00f3pria atividade, faz com que, na Europa, recuperemos um excesso de quase 8 milh\u00f5es de toneladas anuais de res\u00edduos de embalagens de cart\u00e3o, que n\u00e3o foram fabricadas na Europa e que n\u00e3o podem ser recicladas c\u00e1, por falta de capacidade industrial e de mercado suficiente.<\/p><p data-start=\"4048\" data-end=\"4367\">Por outro lado, os pa\u00edses asi\u00e1ticos exportadores de bens de consumo continuam a necessitar de fabricar novas embalagens, para o que precisam de mat\u00e9rias-primas \u2014 que s\u00e3o precisamente os nossos excedentes de embalagens residuais. \u00c9 assim que se fecha o ciclo, e n\u00e3o atrav\u00e9s da restri\u00e7\u00e3o do livre mercado internacional.<\/p><p data-start=\"142\" data-end=\"354\"><strong>Empack e Logistics &amp; Automation Porto: A partir da sua posi\u00e7\u00e3o no BIR, Francisco, como est\u00e1 a perceber o impacto das tarifas dos EUA no com\u00e9rcio global de materiais reciclados? De que forma isso afeta as empresas espanholas ou europeias?<\/strong><\/p><p data-start=\"356\" data-end=\"547\"><strong data-start=\"356\" data-end=\"370\">Francisco:<\/strong> Ainda \u00e9 muito dif\u00edcil quantificar, a \u00fanica evid\u00eancia \u00e9 que as tarifas prejudicam sempre o livre mercado internacional, t\u00e3o necess\u00e1rio no nosso setor, como acabei de explicar.<\/p><p data-start=\"549\" data-end=\"1277\">Os EUA e a Europa s\u00e3o os principais pa\u00edses exportadores de cart\u00e3o recuperado para o mercado asi\u00e1tico, mas a China n\u00e3o importa este material. Assim, os nossos destinos principais s\u00e3o a \u00cdndia, Indon\u00e9sia, Vietname, Mal\u00e1sia e Taiwan, que fabricam as suas pr\u00f3prias embalagens e, por sua vez, exportam bobinas de papel novo para a China, para que tamb\u00e9m fabriquem as suas embalagens. Se a exporta\u00e7\u00e3o de bens de consumo da \u00c1sia para os EUA for reduzida pelas tarifas, a procura de cart\u00e3o recuperado nesses pa\u00edses para fabricar embalagens diminuir\u00e1, prejudicando as nossas exporta\u00e7\u00f5es e agravando o problema do excesso de res\u00edduos de embalagens em Espanha e na Europa \u2014 que continuariam a importar bens de consumo asi\u00e1ticos embalados.<\/p><p data-start=\"1279\" data-end=\"1501\"><strong>Empack e Logistics &amp; Automation Porto: Com a nova legisla\u00e7\u00e3o europeia sobre embalagens e res\u00edduos de embalagens (PPWR), como considera que ir\u00e3o mudar os padr\u00f5es de reciclabilidade ou reutiliza\u00e7\u00e3o? Estamos preparados em Espanha para nos adaptarmos?<\/strong><\/p><p data-start=\"1503\" data-end=\"2033\"><strong data-start=\"1503\" data-end=\"1517\">Francisco:<\/strong> Sim, estamos a preparar-nos de forma eficiente. J\u00e1 temos experi\u00eancia com a anterior Lei de Embalagens e Res\u00edduos de Embalagens, e neste caso trata-se de uma amplia\u00e7\u00e3o dos canais j\u00e1 existentes e de outros novos que est\u00e3o a entrar em funcionamento. A taxa de reciclagem e a sua qualidade ir\u00e3o melhorar, mas continuamos a precisar de um mercado onde possamos comercializar este material \u2014 que \u00e9 mat\u00e9ria-prima se for exportado para pa\u00edses que dele necessitam, mas que \u00e9 considerado res\u00edduo se o ciclo n\u00e3o for fechado.<\/p><p data-start=\"2035\" data-end=\"2253\"><strong>Empack e Logistics &amp; Automation Porto: Com conte\u00fados congressuais relevantes e solu\u00e7\u00f5es para otimizar a cadeia de valor das empresas, quais considera serem as maiores vantagens de contar com feiras como a Empack para o nosso tecido industrial?<\/strong><\/p><p data-start=\"2255\" data-end=\"2680\"><strong data-start=\"2255\" data-end=\"2269\">Francisco:<\/strong> \u00c9 fundamental divulgar informa\u00e7\u00e3o completa e validada entre os profissionais do setor, conhecer dados estat\u00edsticos, identificar oportunidades, alargar a nossa rede de contactos e familiarizar-nos com a legisla\u00e7\u00e3o aplic\u00e1vel. Tudo isto est\u00e1 muito concentrado neste tipo de eventos. Sem eles, o tempo, as desloca\u00e7\u00f5es e a investiga\u00e7\u00e3o pessoal necess\u00e1rios seriam incomparavelmente maiores, e nunca t\u00e3o relevantes.<\/p><p data-start=\"2682\" data-end=\"2849\"><strong>Empack e Logistics &amp; Automation Porto: Depois de todos estes anos de experi\u00eancia, que mensagem gostaria de transmitir \u00e0s novas gera\u00e7\u00f5es que est\u00e3o a formar-se em sustentabilidade ou reciclagem?<\/strong><\/p><p data-start=\"2851\" data-end=\"3120\"><strong data-start=\"2851\" data-end=\"2865\">Francisco:<\/strong> A mensagem fundamental \u00e9 que o planeta tem limita\u00e7\u00f5es, n\u00e3o \u00e9 infinito, e devemos otimiz\u00e1-lo. A reciclagem de res\u00edduos \u00e9 a forma mais eficiente de reduzir o consumo de mat\u00e9rias-primas virgens e de evitar a satura\u00e7\u00e3o do planeta com res\u00edduos indesej\u00e1veis.<\/p><p data-start=\"3122\" data-end=\"3481\">No caso do papel\/cart\u00e3o, por exemplo, a reciclagem de uma tonelada implica evitar o abate de cerca de 17 \u00e1rvores adultas para obter fibra de celulose, poupar 3 metros c\u00fabicos de espa\u00e7o em aterros, evitar a emiss\u00e3o de 1,2 toneladas de CO\u2082 (em compara\u00e7\u00e3o com a produ\u00e7\u00e3o de fibra virgem), reduzir o consumo de 4 100 kWh e poupar cerca de 32 mil litros de \u00e1gua.<\/p>\t\t\t\t\t\t\t\t<\/div>\n\t\t\t\t<\/div>\n\t\t\t\t\t<\/div>\n\t\t<\/div>\n\t\t\t\t<div class=\"elementor-column elementor-col-50 elementor-top-column elementor-element elementor-element-19dc3572\" data-id=\"19dc3572\" data-element_type=\"column\">\n\t\t\t<div class=\"elementor-widget-wrap elementor-element-populated\">\n\t\t\t\t\t\t<div class=\"elementor-element elementor-element-404ac641 elementor-grid-1 elementor-posts--thumbnail-none elementor-grid-tablet-1 elementor-grid-mobile-1 elementor-widget elementor-widget-posts\" data-id=\"404ac641\" data-element_type=\"widget\" data-settings=\"{&quot;classic_columns&quot;:&quot;1&quot;,&quot;classic_row_gap&quot;:{&quot;unit&quot;:&quot;px&quot;,&quot;size&quot;:&quot;23&quot;,&quot;sizes&quot;:[]},&quot;classic_columns_tablet&quot;:&quot;1&quot;,&quot;_animation&quot;:&quot;none&quot;,&quot;classic_columns_mobile&quot;:&quot;1&quot;,&quot;classic_row_gap_tablet&quot;:{&quot;unit&quot;:&quot;px&quot;,&quot;size&quot;:&quot;&quot;,&quot;sizes&quot;:[]},&quot;classic_row_gap_mobile&quot;:{&quot;unit&quot;:&quot;px&quot;,&quot;size&quot;:&quot;&quot;,&quot;sizes&quot;:[]}}\" data-widget_type=\"posts.classic\">\n\t\t\t\t<div class=\"elementor-widget-container\">\n\t\t\t\t\t\t\t<div class=\"elementor-posts-container elementor-posts elementor-posts--skin-classic elementor-grid\" role=\"list\">\n\t\t\t\t<article class=\"elementor-post elementor-grid-item post-184444 post type-post status-publish format-standard has-post-thumbnail hentry category-notas-de-imprensa tag-abril tag-balanco-feira tag-congresso tag-easyfairs tag-embalagem tag-feira tag-logistica tag-nota-de-imprensa tag-portugal\" role=\"listitem\">\n\t\t\t\t<div class=\"elementor-post__text\">\n\t\t\t\t<h3 class=\"elementor-post__title\">\n\t\t\t<a href=\"https:\/\/www.empacklogisticsautomationporto.com\/pt-pt\/2026\/04\/28\/empack-e-logistics-automation-porto-avanca-para-2027-com-64-do-espaco-ja-reservado\/\" >\n\t\t\t\tEmpack e Logistics &#038; Automation Porto avan\u00e7a para 2027 com 64% do espa\u00e7o j\u00e1 reservado\t\t\t<\/a>\n\t\t<\/h3>\n\t\t\t\t<div class=\"elementor-post__excerpt\">\n\t\t\t<p>Empack e Logistics &amp; Automation Porto avan\u00e7a para 2027 com 64% do espa\u00e7o j\u00e1 reservado D\u00e9cima edi\u00e7\u00e3o da feira profissional representativa dos setores log\u00edstico e<\/p>\n\t\t<\/div>\n\t\t\n\t\t<a class=\"elementor-post__read-more\" href=\"https:\/\/www.empacklogisticsautomationporto.com\/pt-pt\/2026\/04\/28\/empack-e-logistics-automation-porto-avanca-para-2027-com-64-do-espaco-ja-reservado\/\" aria-label=\"Read more about Empack e Logistics &#038; Automation Porto avan\u00e7a para 2027 com 64% do espa\u00e7o j\u00e1 reservado\" tabindex=\"-1\" >\n\t\t\tRead More \u00bb\t\t<\/a>\n\n\t\t\t\t<\/div>\n\t\t\t\t<\/article>\n\t\t\t\t<article class=\"elementor-post elementor-grid-item post-183874 post type-post status-publish format-standard has-post-thumbnail hentry category-blog tag-automacao tag-bruxelas tag-embalagens tag-empack tag-logistica tag-manutencao tag-noticias tag-portugal\" role=\"listitem\">\n\t\t\t\t<div class=\"elementor-post__text\">\n\t\t\t\t<h3 class=\"elementor-post__title\">\n\t\t\t<a href=\"https:\/\/www.empacklogisticsautomationporto.com\/pt-pt\/2026\/04\/01\/bruxelas-clarifica-novas-regras-de-embalagens-para-acelerar-transicao-sustentavel-na-uniao-europeia\/\" >\n\t\t\t\tBruxelas clarifica novas regras de embalagens para acelerar transi\u00e7\u00e3o sustent\u00e1vel na Uni\u00e3o Europeia\t\t\t<\/a>\n\t\t<\/h3>\n\t\t\t\t<div class=\"elementor-post__excerpt\">\n\t\t\t<p>Bruxelas clarifica novas regras de embalagens para acelerar transi\u00e7\u00e3o sustent\u00e1vel na Uni\u00e3o Europeia Comiss\u00e3o Europeia publica orienta\u00e7\u00f5es para aplicar regulamento das embalagens, reduzir res\u00edduos e<\/p>\n\t\t<\/div>\n\t\t\n\t\t<a class=\"elementor-post__read-more\" href=\"https:\/\/www.empacklogisticsautomationporto.com\/pt-pt\/2026\/04\/01\/bruxelas-clarifica-novas-regras-de-embalagens-para-acelerar-transicao-sustentavel-na-uniao-europeia\/\" aria-label=\"Read more about Bruxelas clarifica novas regras de embalagens para acelerar transi\u00e7\u00e3o sustent\u00e1vel na Uni\u00e3o Europeia\" tabindex=\"-1\" >\n\t\t\tRead More \u00bb\t\t<\/a>\n\n\t\t\t\t<\/div>\n\t\t\t\t<\/article>\n\t\t\t\t<article class=\"elementor-post elementor-grid-item post-183860 post type-post status-publish format-standard has-post-thumbnail hentry category-blog tag-automacao tag-empack tag-logistica tag-manutencao tag-noticias tag-portugal tag-sustentabilidade\" role=\"listitem\">\n\t\t\t\t<div class=\"elementor-post__text\">\n\t\t\t\t<h3 class=\"elementor-post__title\">\n\t\t\t<a href=\"https:\/\/www.empacklogisticsautomationporto.com\/pt-pt\/2026\/04\/01\/dossier-sustentabilidade-e-manutencao\/\" >\n\t\t\t\tDossier sustentabilidade e manuten\u00e7\u00e3o\t\t\t<\/a>\n\t\t<\/h3>\n\t\t\t\t<div class=\"elementor-post__excerpt\">\n\t\t\t<p>Dossier sustentabilidade e manuten\u00e7\u00e3o O presente dossier chama a aten\u00e7\u00e3o para uma nova via para a manuten\u00e7\u00e3o: a liga\u00e7\u00e3o entre a manuten\u00e7\u00e3o e a sustentabilidade.<\/p>\n\t\t<\/div>\n\t\t\n\t\t<a class=\"elementor-post__read-more\" href=\"https:\/\/www.empacklogisticsautomationporto.com\/pt-pt\/2026\/04\/01\/dossier-sustentabilidade-e-manutencao\/\" aria-label=\"Read more about Dossier sustentabilidade e manuten\u00e7\u00e3o\" tabindex=\"-1\" >\n\t\t\tRead More \u00bb\t\t<\/a>\n\n\t\t\t\t<\/div>\n\t\t\t\t<\/article>\n\t\t\t\t<article class=\"elementor-post elementor-grid-item post-183838 post type-post status-publish format-standard has-post-thumbnail hentry category-blog tag-decima-edicao tag-domino tag-historias-que-inspiram tag-marque-tdi\" role=\"listitem\">\n\t\t\t\t<div class=\"elementor-post__text\">\n\t\t\t\t<h3 class=\"elementor-post__title\">\n\t\t\t<a href=\"https:\/\/www.empacklogisticsautomationporto.com\/pt-pt\/2026\/04\/01\/historias-que-inspiram-domino\/\" >\n\t\t\t\tHist\u00f3rias que Inspiram &#8211; DOMINO\t\t\t<\/a>\n\t\t<\/h3>\n\t\t\t\t<div class=\"elementor-post__excerpt\">\n\t\t\t<p>Hist\u00f3rias que Inspiram 10 anos de Empack e Logistics &amp; Automation Porto Hist\u00f3rias que Inspiram nasce para celebrar os expositores que estiveram connosco desde o<\/p>\n\t\t<\/div>\n\t\t\n\t\t<a class=\"elementor-post__read-more\" href=\"https:\/\/www.empacklogisticsautomationporto.com\/pt-pt\/2026\/04\/01\/historias-que-inspiram-domino\/\" aria-label=\"Read more about Hist\u00f3rias que Inspiram &#8211; DOMINO\" tabindex=\"-1\" >\n\t\t\tRead More \u00bb\t\t<\/a>\n\n\t\t\t\t<\/div>\n\t\t\t\t<\/article>\n\t\t\t\t<\/div>\n\t\t\n\t\t\t\t\t\t<\/div>\n\t\t\t\t<\/div>\n\t\t\t\t<div class=\"elementor-element elementor-element-1f3f2b92 elementor-widget-divider--view-line elementor-widget elementor-widget-divider\" data-id=\"1f3f2b92\" data-element_type=\"widget\" data-widget_type=\"divider.default\">\n\t\t\t\t<div class=\"elementor-widget-container\">\n\t\t\t\t\t\t\t<div class=\"elementor-divider\">\n\t\t\t<span class=\"elementor-divider-separator\">\n\t\t\t\t\t\t<\/span>\n\t\t<\/div>\n\t\t\t\t\t\t<\/div>\n\t\t\t\t<\/div>\n\t\t\t\t\t<\/div>\n\t\t<\/div>\n\t\t\t\t\t<\/div>\n\t\t<\/section>\n\t\t\t\t<\/div>\n\t\t","protected":false},"excerpt":{"rendered":"<p>Um caf\u00e9 com\u2026 Francisco Donoso, Managing Director na DOLAF Servicios Verdes e presidente do BIR (Bureau of International Recycling) Sou bi\u00f3logo e MBA. Tenho 58 anos e ingressei numa pequena empresa familiar, fundada pelo meu pai, dedicada \u00e0 recupera\u00e7\u00e3o e reciclagem de papel e cart\u00e3o. Fomos pioneiros no desenvolvimento das recolhas seletivas municipais de papel [&hellip;]<\/p>\n","protected":false},"author":1256,"featured_media":172512,"comment_status":"closed","ping_status":"closed","sticky":false,"template":"","format":"standard","meta":{"_seopress_robots_primary_cat":"none","_seopress_titles_title":"Um caf\u00e9 com... | Empack e Logistics & Automation Porto","_seopress_titles_desc":"Veja as not\u00edcias dos sectores de embalagens e log\u00edstica em Portugal.","_seopress_robots_index":"","footnotes":""},"categories":[392,1408],"tags":[1866,1867,1865,1864,899],"edition":[],"class_list":["post-172506","post","type-post","status-publish","format-standard","has-post-thumbnail","hentry","category-blog","category-um-cafe-com","tag-bir","tag-bureau-of-international-recycling","tag-dolaf-servicios-verdes","tag-francisco-donoso","tag-um-cafe-com"],"_links":{"self":[{"href":"https:\/\/www.empacklogisticsautomationporto.com\/pt-pt\/wp-json\/wp\/v2\/posts\/172506","targetHints":{"allow":["GET"]}}],"collection":[{"href":"https:\/\/www.empacklogisticsautomationporto.com\/pt-pt\/wp-json\/wp\/v2\/posts"}],"about":[{"href":"https:\/\/www.empacklogisticsautomationporto.com\/pt-pt\/wp-json\/wp\/v2\/types\/post"}],"author":[{"embeddable":true,"href":"https:\/\/www.empacklogisticsautomationporto.com\/pt-pt\/wp-json\/wp\/v2\/users\/1256"}],"replies":[{"embeddable":true,"href":"https:\/\/www.empacklogisticsautomationporto.com\/pt-pt\/wp-json\/wp\/v2\/comments?post=172506"}],"version-history":[{"count":5,"href":"https:\/\/www.empacklogisticsautomationporto.com\/pt-pt\/wp-json\/wp\/v2\/posts\/172506\/revisions"}],"predecessor-version":[{"id":172518,"href":"https:\/\/www.empacklogisticsautomationporto.com\/pt-pt\/wp-json\/wp\/v2\/posts\/172506\/revisions\/172518"}],"wp:featuredmedia":[{"embeddable":true,"href":"https:\/\/www.empacklogisticsautomationporto.com\/pt-pt\/wp-json\/wp\/v2\/media\/172512"}],"wp:attachment":[{"href":"https:\/\/www.empacklogisticsautomationporto.com\/pt-pt\/wp-json\/wp\/v2\/media?parent=172506"}],"wp:term":[{"taxonomy":"category","embeddable":true,"href":"https:\/\/www.empacklogisticsautomationporto.com\/pt-pt\/wp-json\/wp\/v2\/categories?post=172506"},{"taxonomy":"post_tag","embeddable":true,"href":"https:\/\/www.empacklogisticsautomationporto.com\/pt-pt\/wp-json\/wp\/v2\/tags?post=172506"},{"taxonomy":"edition","embeddable":true,"href":"https:\/\/www.empacklogisticsautomationporto.com\/pt-pt\/wp-json\/wp\/v2\/edition?post=172506"}],"curies":[{"name":"wp","href":"https:\/\/api.w.org\/{rel}","templated":true}]}}