{"id":174262,"date":"2025-10-31T13:11:49","date_gmt":"2025-10-31T13:11:49","guid":{"rendered":"https:\/\/www.empacklogisticsautomationporto.com\/?p=174262"},"modified":"2025-10-31T13:23:08","modified_gmt":"2025-10-31T13:23:08","slug":"um-cafe-com-noa-llusia-global-public-affairs-manager-na-mondelez-international","status":"publish","type":"post","link":"https:\/\/www.empacklogisticsautomationporto.com\/pt-pt\/2025\/10\/31\/um-cafe-com-noa-llusia-global-public-affairs-manager-na-mondelez-international\/","title":{"rendered":"Um caf\u00e9 com\u2026 Noa Llusia, Global Public Affairs Manager na Mondelez International"},"content":{"rendered":"\t\t<div data-elementor-type=\"wp-post\" data-elementor-id=\"174262\" class=\"elementor elementor-174262\" data-elementor-post-type=\"post\">\n\t\t\t\t\t\t<section class=\"elementor-section elementor-top-section elementor-element elementor-element-6c4d399f elementor-section-full_width elementor-section-height-default elementor-section-height-default\" data-id=\"6c4d399f\" data-element_type=\"section\">\n\t\t\t\t\t\t<div class=\"elementor-container elementor-column-gap-default\">\n\t\t\t\t\t<div class=\"elementor-column elementor-col-50 elementor-top-column elementor-element elementor-element-7e8189c8\" data-id=\"7e8189c8\" data-element_type=\"column\">\n\t\t\t<div class=\"elementor-widget-wrap elementor-element-populated\">\n\t\t\t\t\t\t<div class=\"elementor-element elementor-element-5385dc8d elementor-invisible elementor-widget elementor-widget-heading\" data-id=\"5385dc8d\" data-element_type=\"widget\" data-settings=\"{&quot;_animation&quot;:&quot;fadeIn&quot;}\" data-widget_type=\"heading.default\">\n\t\t\t\t<div class=\"elementor-widget-container\">\n\t\t\t\t\t<h1 class=\"elementor-heading-title elementor-size-default\">Um caf\u00e9 com\u2026 Noa Llusia, Global Public Affairs Manager na Mondel\u0113z International<\/h1>\t\t\t\t<\/div>\n\t\t\t\t<\/div>\n\t\t\t\t<div class=\"elementor-element elementor-element-c793531 elementor-widget elementor-widget-image\" data-id=\"c793531\" data-element_type=\"widget\" data-widget_type=\"image.default\">\n\t\t\t\t<div class=\"elementor-widget-container\">\n\t\t\t\t\t\t\t\t\t\t\t\t\t\t\t<img fetchpriority=\"high\" decoding=\"async\" width=\"800\" height=\"600\" src=\"https:\/\/easyfairsassets.com\/sites\/68\/2025\/10\/Noa-Llusia-de-Mondelez-1024x768.jpg\" class=\"attachment-large size-large wp-image-174271\" alt=\"Noa Llusia Mondelez\" srcset=\"https:\/\/easyfairsassets.com\/sites\/68\/2025\/10\/Noa-Llusia-de-Mondelez-1024x768.jpg 1024w, https:\/\/easyfairsassets.com\/sites\/68\/2025\/10\/Noa-Llusia-de-Mondelez-300x225.jpg 300w, https:\/\/easyfairsassets.com\/sites\/68\/2025\/10\/Noa-Llusia-de-Mondelez-768x576.jpg 768w, https:\/\/easyfairsassets.com\/sites\/68\/2025\/10\/Noa-Llusia-de-Mondelez.jpg 1536w\" sizes=\"(max-width: 800px) 100vw, 800px\" \/>\t\t\t\t\t\t\t\t\t\t\t\t\t\t\t<\/div>\n\t\t\t\t<\/div>\n\t\t\t\t<div class=\"elementor-element elementor-element-4eb7a90d elementor-widget-tablet__width-initial elementor-widget__width-initial elementor-widget elementor-widget-text-editor\" data-id=\"4eb7a90d\" data-element_type=\"widget\" data-settings=\"{&quot;_animation&quot;:&quot;none&quot;}\" data-widget_type=\"text-editor.default\">\n\t\t\t\t<div class=\"elementor-widget-container\">\n\t\t\t\t\t\t\t\t\t<p><strong>Noa Llusia Juanes<\/strong> \u00e9 uma profissional com mais de 15 anos de experi\u00eancia em comunica\u00e7\u00e3o corporativa, assuntos p\u00fablicos e sustentabilidade (ESG). Atualmente, ocupa o cargo de <em>Global Public Affairs Manager<\/em> na Mondel\u0113z International, onde lidera estrat\u00e9gias de advocacy e posicionamento institucional em temas-chave de pol\u00edticas p\u00fablicas, com uma s\u00f3lida experi\u00eancia em mercados como Espanha, Portugal, Fran\u00e7a, Bruxelas e Estados Unidos.<\/p><p>Ao longo da sua carreira, Noa dirigiu campanhas de comunica\u00e7\u00e3o interna e externa, representou a empresa junto de associa\u00e7\u00f5es setoriais e internacionais de alto n\u00edvel, geriu situa\u00e7\u00f5es de crise e apoiou processos estrat\u00e9gicos de transforma\u00e7\u00e3o empresarial, como fus\u00f5es, aquisi\u00e7\u00f5es e desinvestimentos. Trabalhou tamb\u00e9m em estreita colabora\u00e7\u00e3o com equipas de lideran\u00e7a e distingue-se pela sua vis\u00e3o estrat\u00e9gica, pela capacidade de lideran\u00e7a em contextos multiculturais e pela compreens\u00e3o profunda das din\u00e2micas locais e globais.<\/p><p>Licenciada em Jornalismo pela Universidade Antonio de Nebrija e com um Mestrado em Marketing e Comunica\u00e7\u00e3o pela ESIC, Noa fala espanhol, ingl\u00eas e franc\u00eas. Fora do \u00e2mbito profissional, \u00e9 professora certificada de ioga e tem colaborado com diversas causas sociais, nomeadamente em organiza\u00e7\u00f5es que promovem o com\u00e9rcio justo e o apoio a mulheres em comunidades desfavorecidas.<\/p><p><strong>Empack e L&amp;A Porto:<\/strong> Noa, conte-nos um pouco como \u00e9 o seu dia a dia na empresa e em que consiste o seu papel na Mondel\u0113z.<\/p><p><strong>Noa:<\/strong> O meu dia a dia na Mondel\u0113z \u00e9 muito din\u00e2mico, nenhum dia \u00e9 igual. Como o pr\u00f3prio t\u00edtulo indica, fa\u00e7o parte da equipa de <em>Public Affairs<\/em>, o que significa que estou em contacto permanente com o contexto institucional e regulat\u00f3rio, especialmente a n\u00edvel europeu. Em outras palavras, o meu trabalho consiste em ser a ponte entre o que se decide em Bruxelas, em termos de pol\u00edticas e regula\u00e7\u00f5es, e as prioridades e necessidades da nossa empresa.<\/p><p>Desta forma, a minha fun\u00e7\u00e3o \u00e9 garantir que conseguimos antecipar mudan\u00e7as legislativas, interpret\u00e1-las corretamente e traduzi-las para o neg\u00f3cio de modo a estarmos preparados para nos adaptarmos e continuar a crescer de forma sustent\u00e1vel. Acompanhamos de perto as pol\u00edticas que afetam o setor alimentar, nomeadamente as relacionadas com sustentabilidade, embalagens e rotulagem, entre outras.<\/p><p>Al\u00e9m disso, a n\u00edvel europeu, participo ativamente em f\u00f3runs setoriais, colaboro com associa\u00e7\u00f5es da ind\u00fastria e mantenho um di\u00e1logo constante com as institui\u00e7\u00f5es. Estes espa\u00e7os de troca s\u00e3o fundamentais n\u00e3o s\u00f3 para representar a nossa vis\u00e3o como empresa, mas tamb\u00e9m para ouvir, aprender e procurar solu\u00e7\u00f5es conjuntas.<\/p><p>Em suma, o objetivo \u00e9 construir uma rela\u00e7\u00e3o de confian\u00e7a m\u00fatua que permita que a regulamenta\u00e7\u00e3o e a sustentabilidade avancem em paralelo com o crescimento econ\u00f3mico e a capacidade de inova\u00e7\u00e3o do setor privado.<\/p><p><strong>Empack e L&amp;A Porto<\/strong>: A partir da \u00e1rea de <em>Public Affairs<\/em>, como encaram o di\u00e1logo com as institui\u00e7\u00f5es europeias em temas centrais como sustentabilidade, rotulagem ou legisla\u00e7\u00e3o sobre embalagens?<\/p><p><strong>Noa:<\/strong> A nossa abordagem baseia-se sempre no di\u00e1logo e na colabora\u00e7\u00e3o. Na Mondel\u0113z acreditamos que \u00e9 essencial fazer parte da conversa desde o in\u00edcio, n\u00e3o apenas para partilhar a nossa experi\u00eancia, mas tamb\u00e9m para ouvir e aprender com outros intervenientes-chave, como legisladores, ONGs, associa\u00e7\u00f5es setoriais e especialistas t\u00e9cnicos. Cada perspetiva ajuda-nos a compreender melhor os desafios comuns e a identificar oportunidades.<\/p><p>Um bom exemplo \u00e9 o novo Regulamento Europeu sobre Embalagens e Res\u00edduos de Embalagens (PPWR), que representa uma mudan\u00e7a significativa para toda a ind\u00fastria. Na Mondel\u0113z apoiamos plenamente o seu objetivo de reduzir o impacto ambiental das embalagens, mas tamb\u00e9m temos consci\u00eancia de que a sua aplica\u00e7\u00e3o traz desafios importantes em termos operacionais, de investimento e de adapta\u00e7\u00e3o ao longo de toda a cadeia de valor.<\/p><p>Por isso, participamos ativamente na legisla\u00e7\u00e3o secund\u00e1ria, partilhando experi\u00eancias concretas e propostas que contribuam para uma implementa\u00e7\u00e3o eficaz e realista. Consideramos fundamental que haja maior clareza sobre aspetos t\u00e9cnicos do regulamento e que se evite uma carga administrativa excessiva.<\/p><p><strong>Empack e L&amp;A Porto:<\/strong> O packaging est\u00e1 no centro do debate atual entre funcionalidade, imagem de marca e sustentabilidade. Que abordagem est\u00e1 a adotar a Mondel\u0113z para avan\u00e7ar rumo a embalagens mais sustent\u00e1veis sem comprometer a experi\u00eancia do consumidor?<\/p><p><strong>Noa:<\/strong> Na Mondel\u0113z temos muito claro que avan\u00e7ar para embalagens mais sustent\u00e1veis n\u00e3o implica abdicar da funcionalidade nem da experi\u00eancia do consumidor. Pelo contr\u00e1rio, acreditamos firmemente que sustentabilidade, qualidade e design devem caminhar lado a lado e refor\u00e7ar-se mutuamente.<\/p><p>Definimos como meta para 2025 que 100% das nossas embalagens sejam concebidas para serem recicl\u00e1veis, e j\u00e1 estamos a incorporar materiais reciclados nas nossas solu\u00e7\u00f5es de embalagem. Um exemplo concreto: a partir deste ano, as nossas tabletes Cadbury, na Irlanda, passar\u00e3o a utilizar 80% de pl\u00e1stico reciclado certificado, um avan\u00e7o significativo na redu\u00e7\u00e3o do uso de pl\u00e1stico virgem.<\/p><p>Al\u00e9m disso, as nossas embalagens s\u00e3o desenhadas para proteger a qualidade do produto, evitar o desperd\u00edcio alimentar e reduzir a pegada de carbono ao longo de todo o ciclo de vida \u2014 sem comprometer a experi\u00eancia do consumidor. Assim, continuamos a oferecer embalagens pr\u00e1ticas, seguras e alinhadas com a identidade visual que define as nossas marcas ic\u00f3nicas.<\/p><p>Mas estamos conscientes de que a circularidade n\u00e3o depende apenas do design. Melhorar a infraestrutura de recolha e reciclagem \u00e9 fundamental. Por isso, colaboramos ativamente com os nossos fornecedores, com associa\u00e7\u00f5es europeias como a CEFLEX e a EUROPEN, e com as administra\u00e7\u00f5es p\u00fablicas, para ajudar a construir um sistema coordenado, eficiente e de grande escala.<\/p><p><strong>Empack e L&amp;A Porto:<\/strong> E olhando para o panorama europeu atual, com novas normas a caminho e uma cidadania cada vez mais consciente, que papel desempenham eventos como a Empack neste processo de transforma\u00e7\u00e3o do setor?<\/p><p><strong>Noa:<\/strong> Este tipo de eventos \u00e9 fundamental para o setor. S\u00e3o espa\u00e7os onde se re\u00fanem diferentes atores-chave da ind\u00fastria \u2014 empresas, institui\u00e7\u00f5es, especialistas, startups \u2014 com os quais partilhamos desafios e procuramos solu\u00e7\u00f5es. Ter f\u00f3runs de debate onde possamos trocar ideias, conhecer boas pr\u00e1ticas e trabalhar em conjunto \u00e9 mais necess\u00e1rio do que nunca.<\/p><p>Num contexto como o atual, com novas regulamenta\u00e7\u00f5es europeias e uma cidadania cada vez mais consciente e comprometida com a sustentabilidade, estes encontros s\u00e3o essenciais como ponto de refer\u00eancia. A gest\u00e3o dos res\u00edduos de embalagens \u00e9 crucial e todos os intervenientes da cadeia devem contribuir naquilo em que podem gerar impacto.<\/p><p>Por outro lado, estes eventos oferecem tamb\u00e9m a oportunidade de mostrar os avan\u00e7os reais que j\u00e1 est\u00e3o a acontecer na ind\u00fastria, inspirar-nos com solu\u00e7\u00f5es inovadoras e fortalecer colabora\u00e7\u00f5es que acelerem a transi\u00e7\u00e3o para modelos mais circulares.<\/p><p><strong>Empack e L&amp;A Porto:<\/strong> E para terminar este caf\u00e9\u2026 Se pensarmos no futuro do packaging na ind\u00fastria alimentar, o que gostaria que fosse uma realidade dentro de 5 ou 10 anos em termos de sustentabilidade, regula\u00e7\u00e3o ou impacto positivo?<\/p><p><strong>Noa:<\/strong> Gostaria que dentro de 5 ou 10 anos a recolha de todos os tipos de res\u00edduos de embalagens fosse uma realidade \u2014 este \u00e9 o primeiro passo para a sua posterior triagem e reciclagem, permitindo dar uma segunda vida ao material. Para isso, todos os atores da cadeia de valor \u2014 autoridades, munic\u00edpios, fabricantes e consumidores \u2014 devem contribuir com solu\u00e7\u00f5es.<\/p><p>Se conseguirmos que sustentabilidade, inova\u00e7\u00e3o e regula\u00e7\u00e3o avancem de forma coordenada, estou convencida de que alcan\u00e7aremos uma mudan\u00e7a profunda, positiva e duradoura. N\u00e3o se trata apenas de transformar a ind\u00fastria das embalagens, mas de contribuir ativamente para um modelo de produ\u00e7\u00e3o e consumo mais respons\u00e1vel, mais eficiente e mais respeitador do meio ambiente.<\/p><p>Devemos caminhar para um mundo com menos res\u00edduos, onde empresas, institui\u00e7\u00f5es e cidad\u00e3os remem na mesma dire\u00e7\u00e3o \u2014 rumo a uma economia verdadeiramente circular. Porque cada passo, por pequeno que seja, aproxima-nos desse mundo mais limpo, mais justo e mais sustent\u00e1vel.<\/p>\t\t\t\t\t\t\t\t<\/div>\n\t\t\t\t<\/div>\n\t\t\t\t\t<\/div>\n\t\t<\/div>\n\t\t\t\t<div class=\"elementor-column elementor-col-50 elementor-top-column elementor-element elementor-element-19dc3572\" data-id=\"19dc3572\" data-element_type=\"column\">\n\t\t\t<div class=\"elementor-widget-wrap elementor-element-populated\">\n\t\t\t\t\t\t<div class=\"elementor-element elementor-element-404ac641 elementor-grid-1 elementor-posts--thumbnail-none elementor-grid-tablet-1 elementor-grid-mobile-1 elementor-widget elementor-widget-posts\" data-id=\"404ac641\" data-element_type=\"widget\" data-settings=\"{&quot;classic_columns&quot;:&quot;1&quot;,&quot;classic_row_gap&quot;:{&quot;unit&quot;:&quot;px&quot;,&quot;size&quot;:&quot;23&quot;,&quot;sizes&quot;:[]},&quot;classic_columns_tablet&quot;:&quot;1&quot;,&quot;_animation&quot;:&quot;none&quot;,&quot;classic_columns_mobile&quot;:&quot;1&quot;,&quot;classic_row_gap_tablet&quot;:{&quot;unit&quot;:&quot;px&quot;,&quot;size&quot;:&quot;&quot;,&quot;sizes&quot;:[]},&quot;classic_row_gap_mobile&quot;:{&quot;unit&quot;:&quot;px&quot;,&quot;size&quot;:&quot;&quot;,&quot;sizes&quot;:[]}}\" data-widget_type=\"posts.classic\">\n\t\t\t\t<div class=\"elementor-widget-container\">\n\t\t\t\t\t\t\t<div class=\"elementor-posts-container elementor-posts elementor-posts--skin-classic elementor-grid\" role=\"list\">\n\t\t\t\t<article class=\"elementor-post elementor-grid-item post-184444 post type-post status-publish format-standard has-post-thumbnail hentry category-notas-de-imprensa tag-abril tag-balanco-feira tag-congresso tag-easyfairs tag-embalagem tag-feira tag-logistica tag-nota-de-imprensa tag-portugal\" role=\"listitem\">\n\t\t\t\t<div class=\"elementor-post__text\">\n\t\t\t\t<h3 class=\"elementor-post__title\">\n\t\t\t<a href=\"https:\/\/www.empacklogisticsautomationporto.com\/pt-pt\/2026\/04\/28\/empack-e-logistics-automation-porto-avanca-para-2027-com-64-do-espaco-ja-reservado\/\" >\n\t\t\t\tEmpack e Logistics &#038; Automation Porto avan\u00e7a para 2027 com 64% do espa\u00e7o j\u00e1 reservado\t\t\t<\/a>\n\t\t<\/h3>\n\t\t\t\t<div class=\"elementor-post__excerpt\">\n\t\t\t<p>Empack e Logistics &amp; Automation Porto avan\u00e7a para 2027 com 64% do espa\u00e7o j\u00e1 reservado D\u00e9cima edi\u00e7\u00e3o da feira profissional representativa dos setores log\u00edstico e<\/p>\n\t\t<\/div>\n\t\t\n\t\t<a class=\"elementor-post__read-more\" href=\"https:\/\/www.empacklogisticsautomationporto.com\/pt-pt\/2026\/04\/28\/empack-e-logistics-automation-porto-avanca-para-2027-com-64-do-espaco-ja-reservado\/\" aria-label=\"Read more about Empack e Logistics &#038; Automation Porto avan\u00e7a para 2027 com 64% do espa\u00e7o j\u00e1 reservado\" tabindex=\"-1\" >\n\t\t\tRead More \u00bb\t\t<\/a>\n\n\t\t\t\t<\/div>\n\t\t\t\t<\/article>\n\t\t\t\t<article class=\"elementor-post elementor-grid-item post-183874 post type-post status-publish format-standard has-post-thumbnail hentry category-blog tag-automacao tag-bruxelas tag-embalagens tag-empack tag-logistica tag-manutencao tag-noticias tag-portugal\" role=\"listitem\">\n\t\t\t\t<div class=\"elementor-post__text\">\n\t\t\t\t<h3 class=\"elementor-post__title\">\n\t\t\t<a href=\"https:\/\/www.empacklogisticsautomationporto.com\/pt-pt\/2026\/04\/01\/bruxelas-clarifica-novas-regras-de-embalagens-para-acelerar-transicao-sustentavel-na-uniao-europeia\/\" >\n\t\t\t\tBruxelas clarifica novas regras de embalagens para acelerar transi\u00e7\u00e3o sustent\u00e1vel na Uni\u00e3o Europeia\t\t\t<\/a>\n\t\t<\/h3>\n\t\t\t\t<div class=\"elementor-post__excerpt\">\n\t\t\t<p>Bruxelas clarifica novas regras de embalagens para acelerar transi\u00e7\u00e3o sustent\u00e1vel na Uni\u00e3o Europeia Comiss\u00e3o Europeia publica orienta\u00e7\u00f5es para aplicar regulamento das embalagens, reduzir res\u00edduos e<\/p>\n\t\t<\/div>\n\t\t\n\t\t<a class=\"elementor-post__read-more\" href=\"https:\/\/www.empacklogisticsautomationporto.com\/pt-pt\/2026\/04\/01\/bruxelas-clarifica-novas-regras-de-embalagens-para-acelerar-transicao-sustentavel-na-uniao-europeia\/\" aria-label=\"Read more about Bruxelas clarifica novas regras de embalagens para acelerar transi\u00e7\u00e3o sustent\u00e1vel na Uni\u00e3o Europeia\" tabindex=\"-1\" >\n\t\t\tRead More \u00bb\t\t<\/a>\n\n\t\t\t\t<\/div>\n\t\t\t\t<\/article>\n\t\t\t\t<article class=\"elementor-post elementor-grid-item post-183860 post type-post status-publish format-standard has-post-thumbnail hentry category-blog tag-automacao tag-empack tag-logistica tag-manutencao tag-noticias tag-portugal tag-sustentabilidade\" role=\"listitem\">\n\t\t\t\t<div class=\"elementor-post__text\">\n\t\t\t\t<h3 class=\"elementor-post__title\">\n\t\t\t<a href=\"https:\/\/www.empacklogisticsautomationporto.com\/pt-pt\/2026\/04\/01\/dossier-sustentabilidade-e-manutencao\/\" >\n\t\t\t\tDossier sustentabilidade e manuten\u00e7\u00e3o\t\t\t<\/a>\n\t\t<\/h3>\n\t\t\t\t<div class=\"elementor-post__excerpt\">\n\t\t\t<p>Dossier sustentabilidade e manuten\u00e7\u00e3o O presente dossier chama a aten\u00e7\u00e3o para uma nova via para a manuten\u00e7\u00e3o: a liga\u00e7\u00e3o entre a manuten\u00e7\u00e3o e a sustentabilidade.<\/p>\n\t\t<\/div>\n\t\t\n\t\t<a class=\"elementor-post__read-more\" href=\"https:\/\/www.empacklogisticsautomationporto.com\/pt-pt\/2026\/04\/01\/dossier-sustentabilidade-e-manutencao\/\" aria-label=\"Read more about Dossier sustentabilidade e manuten\u00e7\u00e3o\" tabindex=\"-1\" >\n\t\t\tRead More \u00bb\t\t<\/a>\n\n\t\t\t\t<\/div>\n\t\t\t\t<\/article>\n\t\t\t\t<article class=\"elementor-post elementor-grid-item post-183838 post type-post status-publish format-standard has-post-thumbnail hentry category-blog tag-decima-edicao tag-domino tag-historias-que-inspiram tag-marque-tdi\" role=\"listitem\">\n\t\t\t\t<div class=\"elementor-post__text\">\n\t\t\t\t<h3 class=\"elementor-post__title\">\n\t\t\t<a href=\"https:\/\/www.empacklogisticsautomationporto.com\/pt-pt\/2026\/04\/01\/historias-que-inspiram-domino\/\" >\n\t\t\t\tHist\u00f3rias que Inspiram &#8211; DOMINO\t\t\t<\/a>\n\t\t<\/h3>\n\t\t\t\t<div class=\"elementor-post__excerpt\">\n\t\t\t<p>Hist\u00f3rias que Inspiram 10 anos de Empack e Logistics &amp; Automation Porto Hist\u00f3rias que Inspiram nasce para celebrar os expositores que estiveram connosco desde o<\/p>\n\t\t<\/div>\n\t\t\n\t\t<a class=\"elementor-post__read-more\" href=\"https:\/\/www.empacklogisticsautomationporto.com\/pt-pt\/2026\/04\/01\/historias-que-inspiram-domino\/\" aria-label=\"Read more about Hist\u00f3rias que Inspiram &#8211; DOMINO\" tabindex=\"-1\" >\n\t\t\tRead More \u00bb\t\t<\/a>\n\n\t\t\t\t<\/div>\n\t\t\t\t<\/article>\n\t\t\t\t<\/div>\n\t\t\n\t\t\t\t\t\t<\/div>\n\t\t\t\t<\/div>\n\t\t\t\t<div class=\"elementor-element elementor-element-1f3f2b92 elementor-widget-divider--view-line elementor-widget elementor-widget-divider\" data-id=\"1f3f2b92\" data-element_type=\"widget\" data-widget_type=\"divider.default\">\n\t\t\t\t<div class=\"elementor-widget-container\">\n\t\t\t\t\t\t\t<div class=\"elementor-divider\">\n\t\t\t<span class=\"elementor-divider-separator\">\n\t\t\t\t\t\t<\/span>\n\t\t<\/div>\n\t\t\t\t\t\t<\/div>\n\t\t\t\t<\/div>\n\t\t\t\t\t<\/div>\n\t\t<\/div>\n\t\t\t\t\t<\/div>\n\t\t<\/section>\n\t\t\t\t<\/div>\n\t\t","protected":false},"excerpt":{"rendered":"<p>Um caf\u00e9 com\u2026 Noa Llusia, Global Public Affairs Manager na Mondel\u0113z International Noa Llusia Juanes \u00e9 uma profissional com mais de 15 anos de experi\u00eancia em comunica\u00e7\u00e3o corporativa, assuntos p\u00fablicos e sustentabilidade (ESG). Atualmente, ocupa o cargo de Global Public Affairs Manager na Mondel\u0113z International, onde lidera estrat\u00e9gias de advocacy e posicionamento institucional em temas-chave [&hellip;]<\/p>\n","protected":false},"author":1256,"featured_media":174268,"comment_status":"closed","ping_status":"closed","sticky":false,"template":"","format":"standard","meta":{"_seopress_robots_primary_cat":"none","_seopress_titles_title":"Not\u00edcias | Empack e Logistics & Automation Porto","_seopress_titles_desc":"Veja as not\u00edcias dos sectores de embalagem e log\u00edstica em Portugal.","_seopress_robots_index":"","footnotes":""},"categories":[392,1408],"tags":[1898,1897,899],"edition":[],"class_list":["post-174262","post","type-post","status-publish","format-standard","has-post-thumbnail","hentry","category-blog","category-um-cafe-com","tag-mondelez-international","tag-noa-llusia-juanes","tag-um-cafe-com"],"_links":{"self":[{"href":"https:\/\/www.empacklogisticsautomationporto.com\/pt-pt\/wp-json\/wp\/v2\/posts\/174262","targetHints":{"allow":["GET"]}}],"collection":[{"href":"https:\/\/www.empacklogisticsautomationporto.com\/pt-pt\/wp-json\/wp\/v2\/posts"}],"about":[{"href":"https:\/\/www.empacklogisticsautomationporto.com\/pt-pt\/wp-json\/wp\/v2\/types\/post"}],"author":[{"embeddable":true,"href":"https:\/\/www.empacklogisticsautomationporto.com\/pt-pt\/wp-json\/wp\/v2\/users\/1256"}],"replies":[{"embeddable":true,"href":"https:\/\/www.empacklogisticsautomationporto.com\/pt-pt\/wp-json\/wp\/v2\/comments?post=174262"}],"version-history":[{"count":5,"href":"https:\/\/www.empacklogisticsautomationporto.com\/pt-pt\/wp-json\/wp\/v2\/posts\/174262\/revisions"}],"predecessor-version":[{"id":174281,"href":"https:\/\/www.empacklogisticsautomationporto.com\/pt-pt\/wp-json\/wp\/v2\/posts\/174262\/revisions\/174281"}],"wp:featuredmedia":[{"embeddable":true,"href":"https:\/\/www.empacklogisticsautomationporto.com\/pt-pt\/wp-json\/wp\/v2\/media\/174268"}],"wp:attachment":[{"href":"https:\/\/www.empacklogisticsautomationporto.com\/pt-pt\/wp-json\/wp\/v2\/media?parent=174262"}],"wp:term":[{"taxonomy":"category","embeddable":true,"href":"https:\/\/www.empacklogisticsautomationporto.com\/pt-pt\/wp-json\/wp\/v2\/categories?post=174262"},{"taxonomy":"post_tag","embeddable":true,"href":"https:\/\/www.empacklogisticsautomationporto.com\/pt-pt\/wp-json\/wp\/v2\/tags?post=174262"},{"taxonomy":"edition","embeddable":true,"href":"https:\/\/www.empacklogisticsautomationporto.com\/pt-pt\/wp-json\/wp\/v2\/edition?post=174262"}],"curies":[{"name":"wp","href":"https:\/\/api.w.org\/{rel}","templated":true}]}}