{"id":174288,"date":"2025-11-03T09:26:40","date_gmt":"2025-11-03T09:26:40","guid":{"rendered":"https:\/\/www.empacklogisticsautomationporto.com\/?p=174288"},"modified":"2025-11-03T09:30:42","modified_gmt":"2025-11-03T09:30:42","slug":"portugal-na-rota-estrategica-da-europa","status":"publish","type":"post","link":"https:\/\/www.empacklogisticsautomationporto.com\/pt-pt\/2025\/11\/03\/portugal-na-rota-estrategica-da-europa\/","title":{"rendered":"Portugal na rota estrat\u00e9gica da Europa"},"content":{"rendered":"\t\t<div data-elementor-type=\"wp-post\" data-elementor-id=\"174288\" class=\"elementor elementor-174288\" data-elementor-post-type=\"post\">\n\t\t\t\t\t\t<section class=\"elementor-section elementor-top-section elementor-element elementor-element-6c4d399f elementor-section-full_width elementor-section-height-default elementor-section-height-default\" data-id=\"6c4d399f\" data-element_type=\"section\">\n\t\t\t\t\t\t<div class=\"elementor-container elementor-column-gap-default\">\n\t\t\t\t\t<div class=\"elementor-column elementor-col-50 elementor-top-column elementor-element elementor-element-7e8189c8\" data-id=\"7e8189c8\" data-element_type=\"column\">\n\t\t\t<div class=\"elementor-widget-wrap elementor-element-populated\">\n\t\t\t\t\t\t<div class=\"elementor-element elementor-element-5385dc8d elementor-invisible elementor-widget elementor-widget-heading\" data-id=\"5385dc8d\" data-element_type=\"widget\" data-settings=\"{&quot;_animation&quot;:&quot;fadeIn&quot;}\" data-widget_type=\"heading.default\">\n\t\t\t\t<div class=\"elementor-widget-container\">\n\t\t\t\t\t<h1 class=\"elementor-heading-title elementor-size-default\">Portugal na rota estrat\u00e9gica da Europa<\/h1>\t\t\t\t<\/div>\n\t\t\t\t<\/div>\n\t\t\t\t<div class=\"elementor-element elementor-element-4eb7a90d elementor-widget-tablet__width-initial elementor-widget__width-initial elementor-widget elementor-widget-text-editor\" data-id=\"4eb7a90d\" data-element_type=\"widget\" data-settings=\"{&quot;_animation&quot;:&quot;none&quot;}\" data-widget_type=\"text-editor.default\">\n\t\t\t\t<div class=\"elementor-widget-container\">\n\t\t\t\t\t\t\t\t\t<p><strong>Setor da log\u00edstica e dos transportes nacional responde com investimento, inova\u00e7\u00e3o e uma ambi\u00e7\u00e3o clara: afirmar o pa\u00eds como hub log\u00edstico europeu at\u00e9 2030.<\/strong><\/p><p>A instabilidade geopol\u00edtica, as press\u00f5es ambientais, a transforma\u00e7\u00e3o digital e a necessidade de resili\u00eancia das cadeias de abastecimento est\u00e3o a redesenhar a forma como as economias funcionam e como os pa\u00edses se posicionam no mapa global. Portugal, pela sua localiza\u00e7\u00e3o e pelos investimentos em curso, tem hoje a oportunidade de afirmar-se como hub log\u00edstico europeu, mas enfrenta tamb\u00e9m desafios profundos que exigem vis\u00e3o estrat\u00e9gica, pol\u00edticas p\u00fablicas consistentes e capacidade de execu\u00e7\u00e3o.<\/p><p>A turbul\u00eancia internacional \u00e9 o primeiro fator a ter em conta. O bloqueio do Mar Vermelho, a guerra na Ucr\u00e2nia e as tens\u00f5es comerciais entre os Estados Unidos e a China est\u00e3o a provocar mudan\u00e7as estruturais nas cadeias de abastecimento. Para Nuno Gaspar, senior manager da Capgemini Portugal, os dados s\u00e3o claros e segundo o estudo Navigating Uncertainty with Confidence, do Capgemini Research Institute, 89% dos inquiridos consideram que estas disrup\u00e7\u00f5es s\u00e3o o principal risco para o crescimento. Face a este contexto, as empresas em Portugal e na Europa est\u00e3o a adotar estrat\u00e9gias que passam pela diversifica\u00e7\u00e3o de fornecedores e parceiros log\u00edsticos, pelo investimento em tecnologia para ganhar visibilidade e agilidade, pela aposta em modelos de nearshoring e friendshoring, e pelo refor\u00e7o da sustentabilidade e da efici\u00eancia operacional.<\/p><p>Mais do que garantir o funcionamento das cadeias de abastecimento, estas op\u00e7\u00f5es representam um passo decisivo para manter a competitividade num ambiente vol\u00e1til, onde custos, prazos e qualidade podem ser comprometidos a qualquer momento.<\/p><p><strong>Ambi\u00e7\u00e3o de hub log\u00edstico europeu<\/strong><\/p><p>Por\u00e9m, os desafios s\u00e3o tamb\u00e9m oportunidades. \u201cPortugal tem condi\u00e7\u00f5es \u00fanicas para se afirmar como um hub log\u00edstico europeu at\u00e9 2030\u201d, afirma Nuno Gaspar. A localiza\u00e7\u00e3o estrat\u00e9gica no Atl\u00e2ntico, os investimentos em portos, ferrovia e corredores verdes e a Estrat\u00e9gia Portugal 2030 criam um contexto favor\u00e1vel. O Parque Log\u00edstico Euro-Atl\u00e2ntico e o corredor mar\u00edtimo verde s\u00e3o exemplos de projetos que refor\u00e7am esta ambi\u00e7\u00e3o, enquanto a integra\u00e7\u00e3o dos territ\u00f3rios de baixa densidade e a aposta em inova\u00e7\u00e3o alargam a rede de valor.<\/p><p>O pa\u00eds pode tornar-se uma \u201cporta atl\u00e2ntica\u201d para a Europa, mas esse caminho exige mais do que obras de infraestrutura. A acelera\u00e7\u00e3o da digitaliza\u00e7\u00e3o e a integra\u00e7\u00e3o de tecnologias disruptivas requerem parcerias p\u00fablico-privadas robustas. Para a Capgemini, h\u00e1 \u00e1reas priorit\u00e1rias: plataformas integradas de cadeia de abastecimento, acesso partilhado a dados p\u00fablicos, solu\u00e7\u00f5es nativas em cloud e potenciadas por IA, cria\u00e7\u00e3o de corredores log\u00edsticos verdes e, n\u00e3o menos importante, forma\u00e7\u00e3o e desenvolvimento de compet\u00eancias em automa\u00e7\u00e3o e rob\u00f3tica.<\/p><p><strong>Da efici\u00eancia \u00e0 resili\u00eancia<\/strong><\/p><p>At\u00e9 h\u00e1 poucos anos, a efici\u00eancia era o crit\u00e9rio dominante no desenho das cadeias log\u00edsticas. Hoje, a resili\u00eancia tornou-se t\u00e3o importante quanto a efici\u00eancia. O nearshoring, a diversifica\u00e7\u00e3o de fornecedores e o planeamento de cen\u00e1rios s\u00e3o pr\u00e1ticas que j\u00e1 se tornaram centrais para os decisores. A reindustrializa\u00e7\u00e3o \u00e9 outra tend\u00eancia que ganha tra\u00e7\u00e3o, com empresas a trazerem produ\u00e7\u00e3o de volta ao espa\u00e7o europeu, numa tentativa de reduzir riscos e recuperar controlo.<\/p><p>Para Afonso Jubert Almeida, presidente da APLOG, a resili\u00eancia deve ser trabalhada em v\u00e1rias frentes. \u201cAs empresas devem investir em novas tecnologias, diversificar fontes de receita, otimizar custos e manter uma gest\u00e3o de tesouraria saud\u00e1vel\u201d, explica. A resili\u00eancia, acrescenta, \u00e9 tamb\u00e9m uma quest\u00e3o cultural e estrat\u00e9gica: \u201cTrata-se de promover inova\u00e7\u00e3o constante, alinhar a organiza\u00e7\u00e3o com o ambiente externo e investir em sustentabilidade.\u201d<\/p><p>A APLOG tem procurado acompanhar este movimento, promovendo forma\u00e7\u00e3o, estudos e parcerias com a academia e dinamizando o seu Congresso anual. Os KPIs e m\u00e9tricas variam entre empresas, mas a associa\u00e7\u00e3o posiciona-se como facilitadora de conhecimento para aumentar efici\u00eancia, competitividade, sustentabilidade e inova\u00e7\u00e3o.<\/p><p><strong>Regula\u00e7\u00e3o, incentivos e intermodalidade<\/strong><\/p><p>Se h\u00e1 consenso no setor, \u00e9 de que o enquadramento regulat\u00f3rio e os incentivos p\u00fablicos podem acelerar a transforma\u00e7\u00e3o. A APLOG defende mais incentivos fiscais para a renova\u00e7\u00e3o de frotas e eletrifica\u00e7\u00e3o, linhas de cofinanciamento para armaz\u00e9ns energeticamente eficientes, infraestruturas de carregamento el\u00e9trico e apoio a projetos de I&amp;D. Soma-se a necessidade de simplifica\u00e7\u00e3o aduaneira e fiscal, para reduzir a burocracia e permitir que as empresas planifiquem a m\u00e9dio prazo.<\/p><p>Outro ponto cr\u00edtico \u00e9 a integra\u00e7\u00e3o multimodal. A articula\u00e7\u00e3o eficaz entre transporte rodovi\u00e1rio, ferrovi\u00e1rio, mar\u00edtimo e a\u00e9reo pode reduzir custos, tempos de tr\u00e2nsito e emiss\u00f5es. Portugal tem aqui uma oportunidade estrat\u00e9gica para refor\u00e7ar a sua posi\u00e7\u00e3o como plataforma atl\u00e2ntica, especialmente se apostar em plataformas intermodais, digitaliza\u00e7\u00e3o e ferramentas avan\u00e7adas de gest\u00e3o. A ferrovia e os portos, em particular, assumem um papel vital para cumprir metas de descarboniza\u00e7\u00e3o e aumentar a competitividade.<\/p><p>A necessidade de planeamento estrat\u00e9gico no prazo de cinco a dez anos \u00e9 outro ponto central. A APLOG aponta como prioridades a moderniza\u00e7\u00e3o e eletrifica\u00e7\u00e3o da ferrovia, o refor\u00e7o da alta velocidade, a moderniza\u00e7\u00e3o dos portos de Sines, Leix\u00f5es e Lisboa, bem como a melhoria das liga\u00e7\u00f5es rodovi\u00e1rias entre centros log\u00edsticos e portos e o desenvolvimento de parques log\u00edsticos intermodais, como o porto seco da Guarda.<\/p><p>A colabora\u00e7\u00e3o entre operadores ainda encontra barreiras culturais e regulat\u00f3rias. Como sublinha a APLOG, nem sempre \u00e9 f\u00e1cil partilhar armaz\u00e9ns ou plataformas digitais entre empresas concorrentes, sobretudo no caso das PME. Ainda assim, h\u00e1 sinais positivos, como a partilha de rotas de distribui\u00e7\u00e3o entre transportadoras em algumas regi\u00f5es, reduzindo custos e emiss\u00f5es.<\/p><p>O movimento de reaproxima\u00e7\u00e3o das cadeias de abastecimento \u00e0 Europa abre oportunidades relevantes para Portugal. Afonso Jubert Almeida sublinha que \u201cap\u00f3s a pandemia, ficou claro que a depend\u00eancia excessiva da \u00c1sia exp\u00f4s fragilidades.\u201d Setores como data centers (caso de Sines), autom\u00f3veis el\u00e9tricos e baterias, agroalimentar, retalho n\u00e3o alimentar e e-commerce s\u00e3o identificados como \u00e1reas de maior potencial. O Brasil e v\u00e1rios pa\u00edses asi\u00e1ticos est\u00e3o entre os que j\u00e1 olham para Portugal como destino de investimento.<\/p>\t\t\t\t\t\t\t\t<\/div>\n\t\t\t\t<\/div>\n\t\t\t\t<div class=\"elementor-element elementor-element-bf4d5ca elementor-align-center elementor-widget elementor-widget-button\" data-id=\"bf4d5ca\" data-element_type=\"widget\" data-widget_type=\"button.default\">\n\t\t\t\t<div class=\"elementor-widget-container\">\n\t\t\t\t\t\t\t\t\t<div class=\"elementor-button-wrapper\">\n\t\t\t\t\t<a class=\"elementor-button elementor-button-link elementor-size-md\" href=\"https:\/\/www.jornaldenegocios.pt\/c-studio\/transportes-e-logistica-2025\/detalhe\/portugal-na-rota-estrategica-da-europa\">\n\t\t\t\t\t\t<span class=\"elementor-button-content-wrapper\">\n\t\t\t\t\t\t\t\t\t<span class=\"elementor-button-text\">Leia a not\u00edcia completa<\/span>\n\t\t\t\t\t<\/span>\n\t\t\t\t\t<\/a>\n\t\t\t\t<\/div>\n\t\t\t\t\t\t\t\t<\/div>\n\t\t\t\t<\/div>\n\t\t\t\t\t<\/div>\n\t\t<\/div>\n\t\t\t\t<div class=\"elementor-column elementor-col-50 elementor-top-column elementor-element elementor-element-19dc3572\" data-id=\"19dc3572\" data-element_type=\"column\">\n\t\t\t<div class=\"elementor-widget-wrap elementor-element-populated\">\n\t\t\t\t\t\t<div class=\"elementor-element elementor-element-404ac641 elementor-grid-1 elementor-posts--thumbnail-none elementor-grid-tablet-1 elementor-grid-mobile-1 elementor-widget elementor-widget-posts\" data-id=\"404ac641\" data-element_type=\"widget\" data-settings=\"{&quot;classic_columns&quot;:&quot;1&quot;,&quot;classic_row_gap&quot;:{&quot;unit&quot;:&quot;px&quot;,&quot;size&quot;:&quot;23&quot;,&quot;sizes&quot;:[]},&quot;classic_columns_tablet&quot;:&quot;1&quot;,&quot;_animation&quot;:&quot;none&quot;,&quot;classic_columns_mobile&quot;:&quot;1&quot;,&quot;classic_row_gap_tablet&quot;:{&quot;unit&quot;:&quot;px&quot;,&quot;size&quot;:&quot;&quot;,&quot;sizes&quot;:[]},&quot;classic_row_gap_mobile&quot;:{&quot;unit&quot;:&quot;px&quot;,&quot;size&quot;:&quot;&quot;,&quot;sizes&quot;:[]}}\" data-widget_type=\"posts.classic\">\n\t\t\t\t<div class=\"elementor-widget-container\">\n\t\t\t\t\t\t\t<div class=\"elementor-posts-container elementor-posts elementor-posts--skin-classic elementor-grid\" role=\"list\">\n\t\t\t\t<article class=\"elementor-post elementor-grid-item post-184444 post type-post status-publish format-standard has-post-thumbnail hentry category-notas-de-imprensa tag-abril tag-balanco-feira tag-congresso tag-easyfairs tag-embalagem tag-feira tag-logistica tag-nota-de-imprensa tag-portugal\" role=\"listitem\">\n\t\t\t\t<div class=\"elementor-post__text\">\n\t\t\t\t<h3 class=\"elementor-post__title\">\n\t\t\t<a href=\"https:\/\/www.empacklogisticsautomationporto.com\/pt-pt\/2026\/04\/28\/empack-e-logistics-automation-porto-avanca-para-2027-com-64-do-espaco-ja-reservado\/\" >\n\t\t\t\tEmpack e Logistics &#038; Automation Porto avan\u00e7a para 2027 com 64% do espa\u00e7o j\u00e1 reservado\t\t\t<\/a>\n\t\t<\/h3>\n\t\t\t\t<div class=\"elementor-post__excerpt\">\n\t\t\t<p>Empack e Logistics &amp; Automation Porto avan\u00e7a para 2027 com 64% do espa\u00e7o j\u00e1 reservado D\u00e9cima edi\u00e7\u00e3o da feira profissional representativa dos setores log\u00edstico e<\/p>\n\t\t<\/div>\n\t\t\n\t\t<a class=\"elementor-post__read-more\" href=\"https:\/\/www.empacklogisticsautomationporto.com\/pt-pt\/2026\/04\/28\/empack-e-logistics-automation-porto-avanca-para-2027-com-64-do-espaco-ja-reservado\/\" aria-label=\"Read more about Empack e Logistics &#038; Automation Porto avan\u00e7a para 2027 com 64% do espa\u00e7o j\u00e1 reservado\" tabindex=\"-1\" >\n\t\t\tRead More \u00bb\t\t<\/a>\n\n\t\t\t\t<\/div>\n\t\t\t\t<\/article>\n\t\t\t\t<article class=\"elementor-post elementor-grid-item post-183874 post type-post status-publish format-standard has-post-thumbnail hentry category-blog tag-automacao tag-bruxelas tag-embalagens tag-empack tag-logistica tag-manutencao tag-noticias tag-portugal\" role=\"listitem\">\n\t\t\t\t<div class=\"elementor-post__text\">\n\t\t\t\t<h3 class=\"elementor-post__title\">\n\t\t\t<a href=\"https:\/\/www.empacklogisticsautomationporto.com\/pt-pt\/2026\/04\/01\/bruxelas-clarifica-novas-regras-de-embalagens-para-acelerar-transicao-sustentavel-na-uniao-europeia\/\" >\n\t\t\t\tBruxelas clarifica novas regras de embalagens para acelerar transi\u00e7\u00e3o sustent\u00e1vel na Uni\u00e3o Europeia\t\t\t<\/a>\n\t\t<\/h3>\n\t\t\t\t<div class=\"elementor-post__excerpt\">\n\t\t\t<p>Bruxelas clarifica novas regras de embalagens para acelerar transi\u00e7\u00e3o sustent\u00e1vel na Uni\u00e3o Europeia Comiss\u00e3o Europeia publica orienta\u00e7\u00f5es para aplicar regulamento das embalagens, reduzir res\u00edduos e<\/p>\n\t\t<\/div>\n\t\t\n\t\t<a class=\"elementor-post__read-more\" href=\"https:\/\/www.empacklogisticsautomationporto.com\/pt-pt\/2026\/04\/01\/bruxelas-clarifica-novas-regras-de-embalagens-para-acelerar-transicao-sustentavel-na-uniao-europeia\/\" aria-label=\"Read more about Bruxelas clarifica novas regras de embalagens para acelerar transi\u00e7\u00e3o sustent\u00e1vel na Uni\u00e3o Europeia\" tabindex=\"-1\" >\n\t\t\tRead More \u00bb\t\t<\/a>\n\n\t\t\t\t<\/div>\n\t\t\t\t<\/article>\n\t\t\t\t<article class=\"elementor-post elementor-grid-item post-183860 post type-post status-publish format-standard has-post-thumbnail hentry category-blog tag-automacao tag-empack tag-logistica tag-manutencao tag-noticias tag-portugal tag-sustentabilidade\" role=\"listitem\">\n\t\t\t\t<div class=\"elementor-post__text\">\n\t\t\t\t<h3 class=\"elementor-post__title\">\n\t\t\t<a href=\"https:\/\/www.empacklogisticsautomationporto.com\/pt-pt\/2026\/04\/01\/dossier-sustentabilidade-e-manutencao\/\" >\n\t\t\t\tDossier sustentabilidade e manuten\u00e7\u00e3o\t\t\t<\/a>\n\t\t<\/h3>\n\t\t\t\t<div class=\"elementor-post__excerpt\">\n\t\t\t<p>Dossier sustentabilidade e manuten\u00e7\u00e3o O presente dossier chama a aten\u00e7\u00e3o para uma nova via para a manuten\u00e7\u00e3o: a liga\u00e7\u00e3o entre a manuten\u00e7\u00e3o e a sustentabilidade.<\/p>\n\t\t<\/div>\n\t\t\n\t\t<a class=\"elementor-post__read-more\" href=\"https:\/\/www.empacklogisticsautomationporto.com\/pt-pt\/2026\/04\/01\/dossier-sustentabilidade-e-manutencao\/\" aria-label=\"Read more about Dossier sustentabilidade e manuten\u00e7\u00e3o\" tabindex=\"-1\" >\n\t\t\tRead More \u00bb\t\t<\/a>\n\n\t\t\t\t<\/div>\n\t\t\t\t<\/article>\n\t\t\t\t<article class=\"elementor-post elementor-grid-item post-183838 post type-post status-publish format-standard has-post-thumbnail hentry category-blog tag-decima-edicao tag-domino tag-historias-que-inspiram tag-marque-tdi\" role=\"listitem\">\n\t\t\t\t<div class=\"elementor-post__text\">\n\t\t\t\t<h3 class=\"elementor-post__title\">\n\t\t\t<a href=\"https:\/\/www.empacklogisticsautomationporto.com\/pt-pt\/2026\/04\/01\/historias-que-inspiram-domino\/\" >\n\t\t\t\tHist\u00f3rias que Inspiram &#8211; DOMINO\t\t\t<\/a>\n\t\t<\/h3>\n\t\t\t\t<div class=\"elementor-post__excerpt\">\n\t\t\t<p>Hist\u00f3rias que Inspiram 10 anos de Empack e Logistics &amp; Automation Porto Hist\u00f3rias que Inspiram nasce para celebrar os expositores que estiveram connosco desde o<\/p>\n\t\t<\/div>\n\t\t\n\t\t<a class=\"elementor-post__read-more\" href=\"https:\/\/www.empacklogisticsautomationporto.com\/pt-pt\/2026\/04\/01\/historias-que-inspiram-domino\/\" aria-label=\"Read more about Hist\u00f3rias que Inspiram &#8211; DOMINO\" tabindex=\"-1\" >\n\t\t\tRead More \u00bb\t\t<\/a>\n\n\t\t\t\t<\/div>\n\t\t\t\t<\/article>\n\t\t\t\t<\/div>\n\t\t\n\t\t\t\t\t\t<\/div>\n\t\t\t\t<\/div>\n\t\t\t\t<div class=\"elementor-element elementor-element-1f3f2b92 elementor-widget-divider--view-line elementor-widget elementor-widget-divider\" data-id=\"1f3f2b92\" data-element_type=\"widget\" data-widget_type=\"divider.default\">\n\t\t\t\t<div class=\"elementor-widget-container\">\n\t\t\t\t\t\t\t<div class=\"elementor-divider\">\n\t\t\t<span class=\"elementor-divider-separator\">\n\t\t\t\t\t\t<\/span>\n\t\t<\/div>\n\t\t\t\t\t\t<\/div>\n\t\t\t\t<\/div>\n\t\t\t\t\t<\/div>\n\t\t<\/div>\n\t\t\t\t\t<\/div>\n\t\t<\/section>\n\t\t\t\t<\/div>\n\t\t","protected":false},"excerpt":{"rendered":"<p>Portugal na rota estrat\u00e9gica da Europa Setor da log\u00edstica e dos transportes nacional responde com investimento, inova\u00e7\u00e3o e uma ambi\u00e7\u00e3o clara: afirmar o pa\u00eds como hub log\u00edstico europeu at\u00e9 2030. A instabilidade geopol\u00edtica, as press\u00f5es ambientais, a transforma\u00e7\u00e3o digital e a necessidade de resili\u00eancia das cadeias de abastecimento est\u00e3o a redesenhar a forma como as [&hellip;]<\/p>\n","protected":false},"author":1256,"featured_media":174294,"comment_status":"closed","ping_status":"closed","sticky":false,"template":"","format":"standard","meta":{"_seopress_robots_primary_cat":"none","_seopress_titles_title":"Not\u00edcias | Empack e Logistics & Automation Porto","_seopress_titles_desc":"Veja as not\u00edcias dos sectores de embalagem e log\u00edstica em Portugal.","_seopress_robots_index":"","footnotes":""},"categories":[392],"tags":[1625,671,1899,639],"edition":[],"class_list":["post-174288","post","type-post","status-publish","format-standard","has-post-thumbnail","hentry","category-blog","tag-logistica","tag-portugal","tag-rota-estrategica","tag-transporte"],"_links":{"self":[{"href":"https:\/\/www.empacklogisticsautomationporto.com\/pt-pt\/wp-json\/wp\/v2\/posts\/174288","targetHints":{"allow":["GET"]}}],"collection":[{"href":"https:\/\/www.empacklogisticsautomationporto.com\/pt-pt\/wp-json\/wp\/v2\/posts"}],"about":[{"href":"https:\/\/www.empacklogisticsautomationporto.com\/pt-pt\/wp-json\/wp\/v2\/types\/post"}],"author":[{"embeddable":true,"href":"https:\/\/www.empacklogisticsautomationporto.com\/pt-pt\/wp-json\/wp\/v2\/users\/1256"}],"replies":[{"embeddable":true,"href":"https:\/\/www.empacklogisticsautomationporto.com\/pt-pt\/wp-json\/wp\/v2\/comments?post=174288"}],"version-history":[{"count":5,"href":"https:\/\/www.empacklogisticsautomationporto.com\/pt-pt\/wp-json\/wp\/v2\/posts\/174288\/revisions"}],"predecessor-version":[{"id":174304,"href":"https:\/\/www.empacklogisticsautomationporto.com\/pt-pt\/wp-json\/wp\/v2\/posts\/174288\/revisions\/174304"}],"wp:featuredmedia":[{"embeddable":true,"href":"https:\/\/www.empacklogisticsautomationporto.com\/pt-pt\/wp-json\/wp\/v2\/media\/174294"}],"wp:attachment":[{"href":"https:\/\/www.empacklogisticsautomationporto.com\/pt-pt\/wp-json\/wp\/v2\/media?parent=174288"}],"wp:term":[{"taxonomy":"category","embeddable":true,"href":"https:\/\/www.empacklogisticsautomationporto.com\/pt-pt\/wp-json\/wp\/v2\/categories?post=174288"},{"taxonomy":"post_tag","embeddable":true,"href":"https:\/\/www.empacklogisticsautomationporto.com\/pt-pt\/wp-json\/wp\/v2\/tags?post=174288"},{"taxonomy":"edition","embeddable":true,"href":"https:\/\/www.empacklogisticsautomationporto.com\/pt-pt\/wp-json\/wp\/v2\/edition?post=174288"}],"curies":[{"name":"wp","href":"https:\/\/api.w.org\/{rel}","templated":true}]}}