{"id":174658,"date":"2025-12-02T09:25:28","date_gmt":"2025-12-02T09:25:28","guid":{"rendered":"https:\/\/www.empacklogisticsautomationporto.com\/?p=174658"},"modified":"2025-12-02T09:27:55","modified_gmt":"2025-12-02T09:27:55","slug":"um-cafe-com-luis-castilla-gamboa-distribution-transportation-lead-na-johnson-johnson-medtech","status":"publish","type":"post","link":"https:\/\/www.empacklogisticsautomationporto.com\/pt-pt\/2025\/12\/02\/um-cafe-com-luis-castilla-gamboa-distribution-transportation-lead-na-johnson-johnson-medtech\/","title":{"rendered":"Um caf\u00e9 com\u2026 Luis Castilla Gamboa, Distribution &#038; Transportation Lead na JOHNSON &#038; JOHNSON MEDTECH"},"content":{"rendered":"\t\t<div data-elementor-type=\"wp-post\" data-elementor-id=\"174658\" class=\"elementor elementor-174658\" data-elementor-post-type=\"post\">\n\t\t\t\t\t\t<section class=\"elementor-section elementor-top-section elementor-element elementor-element-6c4d399f elementor-section-full_width elementor-section-height-default elementor-section-height-default\" data-id=\"6c4d399f\" data-element_type=\"section\">\n\t\t\t\t\t\t<div class=\"elementor-container elementor-column-gap-default\">\n\t\t\t\t\t<div class=\"elementor-column elementor-col-50 elementor-top-column elementor-element elementor-element-7e8189c8\" data-id=\"7e8189c8\" data-element_type=\"column\">\n\t\t\t<div class=\"elementor-widget-wrap elementor-element-populated\">\n\t\t\t\t\t\t<div class=\"elementor-element elementor-element-5385dc8d elementor-invisible elementor-widget elementor-widget-heading\" data-id=\"5385dc8d\" data-element_type=\"widget\" data-settings=\"{&quot;_animation&quot;:&quot;fadeIn&quot;}\" data-widget_type=\"heading.default\">\n\t\t\t\t<div class=\"elementor-widget-container\">\n\t\t\t\t\t<h1 class=\"elementor-heading-title elementor-size-default\">Um caf\u00e9 com\u2026 Luis Castilla Gamboa, Distribution &amp; Transportation Lead na JOHNSON &amp; JOHNSON MEDTECH<\/h1>\t\t\t\t<\/div>\n\t\t\t\t<\/div>\n\t\t\t\t<div class=\"elementor-element elementor-element-c793531 elementor-widget elementor-widget-image\" data-id=\"c793531\" data-element_type=\"widget\" data-widget_type=\"image.default\">\n\t\t\t\t<div class=\"elementor-widget-container\">\n\t\t\t\t\t\t\t\t\t\t\t\t\t\t\t<img fetchpriority=\"high\" decoding=\"async\" width=\"800\" height=\"533\" src=\"https:\/\/easyfairsassets.com\/sites\/68\/2025\/12\/jj-cafe-log-5-1024x682.png\" class=\"attachment-large size-large wp-image-174665\" alt=\"\" srcset=\"https:\/\/easyfairsassets.com\/sites\/68\/2025\/12\/jj-cafe-log-5-1024x682.png 1024w, https:\/\/easyfairsassets.com\/sites\/68\/2025\/12\/jj-cafe-log-5-300x200.png 300w, https:\/\/easyfairsassets.com\/sites\/68\/2025\/12\/jj-cafe-log-5-768x512.png 768w, https:\/\/easyfairsassets.com\/sites\/68\/2025\/12\/jj-cafe-log-5.png 1250w\" sizes=\"(max-width: 800px) 100vw, 800px\" \/>\t\t\t\t\t\t\t\t\t\t\t\t\t\t\t<\/div>\n\t\t\t\t<\/div>\n\t\t\t\t<div class=\"elementor-element elementor-element-4eb7a90d elementor-widget-tablet__width-initial elementor-widget__width-initial elementor-widget elementor-widget-text-editor\" data-id=\"4eb7a90d\" data-element_type=\"widget\" data-settings=\"{&quot;_animation&quot;:&quot;none&quot;}\" data-widget_type=\"text-editor.default\">\n\t\t\t\t<div class=\"elementor-widget-container\">\n\t\t\t\t\t\t\t\t\t<p data-start=\"230\" data-end=\"375\"><strong data-start=\"230\" data-end=\"375\">Empack e L&amp;A: Fale-nos um pouco sobre si e sobre o seu percurso. Como foram os seus primeiros passos? E como tem evolu\u00eddo dentro da Johnson &amp; Johnson?<\/strong><\/p><p data-start=\"377\" data-end=\"945\"><strong data-start=\"377\" data-end=\"386\">Luis:<\/strong> Tenho a sorte de ter desenvolvido toda a minha carreira profissional na Johnson &amp; Johnson, uma empresa l\u00edder no setor. Comecei em 2014 como estagi\u00e1rio no departamento de <em data-start=\"557\" data-end=\"579\">Indirect Procurement<\/em> e, a partir da\u00ed, fui aproveitando diferentes oportunidades em gest\u00e3o de projetos e estrat\u00e9gia para ganhar mais experi\u00eancia. A Johnson &amp; Johnson \u00e9 uma empresa internacional que incentiva o crescimento pessoal; no meu caso, deram-me a oportunidade de viver em Bruxelas durante tr\u00eas anos enquanto liderava projetos de <em data-start=\"895\" data-end=\"908\">Procurement<\/em>, tanto a n\u00edvel regional como global.<\/p><p data-start=\"947\" data-end=\"1393\">Para me aproximar das opera\u00e7\u00f5es locais, regressei a Espanha em 2019, onde, desde ent\u00e3o, tenho estado integrado na equipa de <em data-start=\"1071\" data-end=\"1085\">Supply Chain<\/em> da Johnson &amp; Johnson MedTech. Tive o privil\u00e9gio de liderar equipas em <em data-start=\"1156\" data-end=\"1175\">Customer Services<\/em> e <em data-start=\"1178\" data-end=\"1208\">Inventory &amp; Asset Management<\/em>. Atualmente, sou respons\u00e1vel pela Distribui\u00e7\u00e3o e Transporte, gerindo um magn\u00edfico grupo de profissionais que tornam poss\u00edvel entregarmos o nosso material a pacientes em toda a Espanha.<\/p><p data-start=\"1400\" data-end=\"1543\"><strong data-start=\"1400\" data-end=\"1541\">Empack e L&amp;A: Durante o tempo em que tem trabalhado para a Johnson &amp; Johnson, que projetos representaram para si um desafio profissional e porqu\u00ea?<\/strong><\/p><p data-start=\"1545\" data-end=\"2086\"><strong data-start=\"1545\" data-end=\"1554\">Luis:<\/strong> Felizmente, \u00e0 medida que a minha carreira foi avan\u00e7ando, fui enfrentando projetos cada vez mais desafiantes. O atual \u2014 conseguir posicionar a nossa equipa de Distribui\u00e7\u00e3o e Transporte como <em data-start=\"1744\" data-end=\"1755\">Benchmark<\/em> da regi\u00e3o EMEA \u2014 \u00e9 o desafio mais importante e mais gratificante que tive at\u00e9 agora. Trata-se de melhorar continuamente o dia a dia de uma equipa cujo trabalho tem um impacto direto em milhares de pacientes e hospitais em toda a Espanha, garantindo que lhes oferecemos o servi\u00e7o de que necessitam de forma eficiente e sustent\u00e1vel.<\/p><p data-start=\"2093\" data-end=\"2230\"><strong data-start=\"2093\" data-end=\"2230\">Empack e L&amp;A: Imagine que tivesse de implementar melhorias imediatas numa empresa no que diz respeito \u00e0 cadeia de abastecimento. Quais seriam?<\/strong><\/p><p data-start=\"2232\" data-end=\"2539\"><strong data-start=\"2232\" data-end=\"2241\">Luis:<\/strong> Se tivesse de implementar melhorias imediatas numa cadeia de abastecimento, come\u00e7aria pela ado\u00e7\u00e3o de tecnologia avan\u00e7ada. Isto inclui sistemas de gest\u00e3o da cadeia de abastecimento que integrem RFID ou <em data-start=\"2443\" data-end=\"2463\">Internet of Things<\/em> (IoT), pois melhoram a visibilidade e a rastreabilidade em todos os n\u00edveis.<\/p><p data-start=\"2541\" data-end=\"2758\">Por outro lado, promoveria uma comunica\u00e7\u00e3o mais eficaz entre todos os elos da cadeia de abastecimento, estabelecendo sistemas de colabora\u00e7\u00e3o em tempo real para antecipar problemas e gerir altera\u00e7\u00f5es de forma proativa.<\/p><p data-start=\"2765\" data-end=\"2913\"><strong data-start=\"2765\" data-end=\"2913\">Empack e L&amp;A: Qual \u00e9 o compromisso da Johnson &amp; Johnson relativamente \u00e0 sustentabilidade? Que mudan\u00e7as aplicaram e que mudan\u00e7as esperam aplicar em breve?<\/strong><\/p><p data-start=\"2915\" data-end=\"3675\"><strong data-start=\"2915\" data-end=\"2924\">Luis:<\/strong> Na Johnson &amp; Johnson, o nosso compromisso com a sustentabilidade manifesta-se atrav\u00e9s de diversas iniciativas que visam reduzir a nossa pegada de carbono, minimizar o impacto ambiental e promover pr\u00e1ticas de fornecimento respons\u00e1vel. Trabalhamos no desenvolvimento de produtos que respeitam o meio ambiente, utilizamos materiais sustent\u00e1veis e promovemos a sa\u00fade global, investindo em comunidades desfavorecidas. Atrav\u00e9s da transpar\u00eancia no nosso relat\u00f3rio de sustentabilidade, <em data-start=\"3403\" data-end=\"3424\">Health for Humanity<\/em>, partilhamos os nossos objetivos e progressos, reafirmando o nosso prop\u00f3sito de criar um futuro mais saud\u00e1vel e sustent\u00e1vel para todos \u2014 algo que tamb\u00e9m est\u00e1 consagrado no <em data-start=\"3597\" data-end=\"3604\">Credo<\/em> da Johnson &amp; Johnson e que orienta todas as atividades que realizamos.<\/p><p data-start=\"3677\" data-end=\"3902\">A n\u00edvel local, entre outras iniciativas, estamos a eliminar o uso de pl\u00e1sticos acess\u00f3rios descart\u00e1veis e a realizar as obras necess\u00e1rias para alcan\u00e7ar um Centro de Distribui\u00e7\u00e3o que aspire \u00e0 independ\u00eancia energ\u00e9tica no futuro.<\/p><p data-start=\"3909\" data-end=\"4070\"><strong data-start=\"3909\" data-end=\"4070\">Empack e L&amp;A: Finalmente, se pudesse dar um conselho ao seu &#8220;eu&#8221; de h\u00e1 10 anos, tendo em conta as mudan\u00e7as imprevis\u00edveis que enfrent\u00e1mos nos \u00faltimos anos, qual seria?<\/strong><\/p><p data-start=\"4072\" data-end=\"4288\"><strong data-start=\"4072\" data-end=\"4081\">Luis:<\/strong> Para qualquer pessoa que est\u00e1 a iniciar a sua carreira \u2014 e ainda mais no mundo da log\u00edstica \u2014 o mais importante \u00e9 a flexibilidade: estar aberto \u00e0 mudan\u00e7a e procurar aproveitar as oportunidades que ela gera.<\/p><p data-start=\"4290\" data-end=\"4514\">Por isso, o meu conselho iria precisamente nesse sentido: valorizar o lado positivo da mudan\u00e7a e compreender a import\u00e2ncia de saber adaptar-se para poder abra\u00e7ar novas experi\u00eancias que nos ajudem a crescer profissionalmente.<\/p>\t\t\t\t\t\t\t\t<\/div>\n\t\t\t\t<\/div>\n\t\t\t\t\t<\/div>\n\t\t<\/div>\n\t\t\t\t<div class=\"elementor-column elementor-col-50 elementor-top-column elementor-element elementor-element-19dc3572\" data-id=\"19dc3572\" data-element_type=\"column\">\n\t\t\t<div class=\"elementor-widget-wrap elementor-element-populated\">\n\t\t\t\t\t\t<div class=\"elementor-element elementor-element-404ac641 elementor-grid-1 elementor-posts--thumbnail-none elementor-grid-tablet-1 elementor-grid-mobile-1 elementor-widget elementor-widget-posts\" data-id=\"404ac641\" data-element_type=\"widget\" data-settings=\"{&quot;classic_columns&quot;:&quot;1&quot;,&quot;classic_row_gap&quot;:{&quot;unit&quot;:&quot;px&quot;,&quot;size&quot;:&quot;23&quot;,&quot;sizes&quot;:[]},&quot;classic_columns_tablet&quot;:&quot;1&quot;,&quot;_animation&quot;:&quot;none&quot;,&quot;classic_columns_mobile&quot;:&quot;1&quot;,&quot;classic_row_gap_tablet&quot;:{&quot;unit&quot;:&quot;px&quot;,&quot;size&quot;:&quot;&quot;,&quot;sizes&quot;:[]},&quot;classic_row_gap_mobile&quot;:{&quot;unit&quot;:&quot;px&quot;,&quot;size&quot;:&quot;&quot;,&quot;sizes&quot;:[]}}\" data-widget_type=\"posts.classic\">\n\t\t\t\t<div class=\"elementor-widget-container\">\n\t\t\t\t\t\t\t<div class=\"elementor-posts-container elementor-posts elementor-posts--skin-classic elementor-grid\" role=\"list\">\n\t\t\t\t<article class=\"elementor-post elementor-grid-item post-184444 post type-post status-publish format-standard has-post-thumbnail hentry category-notas-de-imprensa tag-abril tag-balanco-feira tag-congresso tag-easyfairs tag-embalagem tag-feira tag-logistica tag-nota-de-imprensa tag-portugal\" role=\"listitem\">\n\t\t\t\t<div class=\"elementor-post__text\">\n\t\t\t\t<h3 class=\"elementor-post__title\">\n\t\t\t<a href=\"https:\/\/www.empacklogisticsautomationporto.com\/pt-pt\/2026\/04\/28\/empack-e-logistics-automation-porto-avanca-para-2027-com-64-do-espaco-ja-reservado\/\" >\n\t\t\t\tEmpack e Logistics &#038; Automation Porto avan\u00e7a para 2027 com 64% do espa\u00e7o j\u00e1 reservado\t\t\t<\/a>\n\t\t<\/h3>\n\t\t\t\t<div class=\"elementor-post__excerpt\">\n\t\t\t<p>Empack e Logistics &amp; Automation Porto avan\u00e7a para 2027 com 64% do espa\u00e7o j\u00e1 reservado D\u00e9cima edi\u00e7\u00e3o da feira profissional representativa dos setores log\u00edstico e<\/p>\n\t\t<\/div>\n\t\t\n\t\t<a class=\"elementor-post__read-more\" href=\"https:\/\/www.empacklogisticsautomationporto.com\/pt-pt\/2026\/04\/28\/empack-e-logistics-automation-porto-avanca-para-2027-com-64-do-espaco-ja-reservado\/\" aria-label=\"Read more about Empack e Logistics &#038; Automation Porto avan\u00e7a para 2027 com 64% do espa\u00e7o j\u00e1 reservado\" tabindex=\"-1\" >\n\t\t\tRead More \u00bb\t\t<\/a>\n\n\t\t\t\t<\/div>\n\t\t\t\t<\/article>\n\t\t\t\t<article class=\"elementor-post elementor-grid-item post-183874 post type-post status-publish format-standard has-post-thumbnail hentry category-blog tag-automacao tag-bruxelas tag-embalagens tag-empack tag-logistica tag-manutencao tag-noticias tag-portugal\" role=\"listitem\">\n\t\t\t\t<div class=\"elementor-post__text\">\n\t\t\t\t<h3 class=\"elementor-post__title\">\n\t\t\t<a href=\"https:\/\/www.empacklogisticsautomationporto.com\/pt-pt\/2026\/04\/01\/bruxelas-clarifica-novas-regras-de-embalagens-para-acelerar-transicao-sustentavel-na-uniao-europeia\/\" >\n\t\t\t\tBruxelas clarifica novas regras de embalagens para acelerar transi\u00e7\u00e3o sustent\u00e1vel na Uni\u00e3o Europeia\t\t\t<\/a>\n\t\t<\/h3>\n\t\t\t\t<div class=\"elementor-post__excerpt\">\n\t\t\t<p>Bruxelas clarifica novas regras de embalagens para acelerar transi\u00e7\u00e3o sustent\u00e1vel na Uni\u00e3o Europeia Comiss\u00e3o Europeia publica orienta\u00e7\u00f5es para aplicar regulamento das embalagens, reduzir res\u00edduos e<\/p>\n\t\t<\/div>\n\t\t\n\t\t<a class=\"elementor-post__read-more\" href=\"https:\/\/www.empacklogisticsautomationporto.com\/pt-pt\/2026\/04\/01\/bruxelas-clarifica-novas-regras-de-embalagens-para-acelerar-transicao-sustentavel-na-uniao-europeia\/\" aria-label=\"Read more about Bruxelas clarifica novas regras de embalagens para acelerar transi\u00e7\u00e3o sustent\u00e1vel na Uni\u00e3o Europeia\" tabindex=\"-1\" >\n\t\t\tRead More \u00bb\t\t<\/a>\n\n\t\t\t\t<\/div>\n\t\t\t\t<\/article>\n\t\t\t\t<article class=\"elementor-post elementor-grid-item post-183860 post type-post status-publish format-standard has-post-thumbnail hentry category-blog tag-automacao tag-empack tag-logistica tag-manutencao tag-noticias tag-portugal tag-sustentabilidade\" role=\"listitem\">\n\t\t\t\t<div class=\"elementor-post__text\">\n\t\t\t\t<h3 class=\"elementor-post__title\">\n\t\t\t<a href=\"https:\/\/www.empacklogisticsautomationporto.com\/pt-pt\/2026\/04\/01\/dossier-sustentabilidade-e-manutencao\/\" >\n\t\t\t\tDossier sustentabilidade e manuten\u00e7\u00e3o\t\t\t<\/a>\n\t\t<\/h3>\n\t\t\t\t<div class=\"elementor-post__excerpt\">\n\t\t\t<p>Dossier sustentabilidade e manuten\u00e7\u00e3o O presente dossier chama a aten\u00e7\u00e3o para uma nova via para a manuten\u00e7\u00e3o: a liga\u00e7\u00e3o entre a manuten\u00e7\u00e3o e a sustentabilidade.<\/p>\n\t\t<\/div>\n\t\t\n\t\t<a class=\"elementor-post__read-more\" href=\"https:\/\/www.empacklogisticsautomationporto.com\/pt-pt\/2026\/04\/01\/dossier-sustentabilidade-e-manutencao\/\" aria-label=\"Read more about Dossier sustentabilidade e manuten\u00e7\u00e3o\" tabindex=\"-1\" >\n\t\t\tRead More \u00bb\t\t<\/a>\n\n\t\t\t\t<\/div>\n\t\t\t\t<\/article>\n\t\t\t\t<article class=\"elementor-post elementor-grid-item post-183838 post type-post status-publish format-standard has-post-thumbnail hentry category-blog tag-decima-edicao tag-domino tag-historias-que-inspiram tag-marque-tdi\" role=\"listitem\">\n\t\t\t\t<div class=\"elementor-post__text\">\n\t\t\t\t<h3 class=\"elementor-post__title\">\n\t\t\t<a href=\"https:\/\/www.empacklogisticsautomationporto.com\/pt-pt\/2026\/04\/01\/historias-que-inspiram-domino\/\" >\n\t\t\t\tHist\u00f3rias que Inspiram &#8211; DOMINO\t\t\t<\/a>\n\t\t<\/h3>\n\t\t\t\t<div class=\"elementor-post__excerpt\">\n\t\t\t<p>Hist\u00f3rias que Inspiram 10 anos de Empack e Logistics &amp; Automation Porto Hist\u00f3rias que Inspiram nasce para celebrar os expositores que estiveram connosco desde o<\/p>\n\t\t<\/div>\n\t\t\n\t\t<a class=\"elementor-post__read-more\" href=\"https:\/\/www.empacklogisticsautomationporto.com\/pt-pt\/2026\/04\/01\/historias-que-inspiram-domino\/\" aria-label=\"Read more about Hist\u00f3rias que Inspiram &#8211; DOMINO\" tabindex=\"-1\" >\n\t\t\tRead More \u00bb\t\t<\/a>\n\n\t\t\t\t<\/div>\n\t\t\t\t<\/article>\n\t\t\t\t<\/div>\n\t\t\n\t\t\t\t\t\t<\/div>\n\t\t\t\t<\/div>\n\t\t\t\t<div class=\"elementor-element elementor-element-1f3f2b92 elementor-widget-divider--view-line elementor-widget elementor-widget-divider\" data-id=\"1f3f2b92\" data-element_type=\"widget\" data-widget_type=\"divider.default\">\n\t\t\t\t<div class=\"elementor-widget-container\">\n\t\t\t\t\t\t\t<div class=\"elementor-divider\">\n\t\t\t<span class=\"elementor-divider-separator\">\n\t\t\t\t\t\t<\/span>\n\t\t<\/div>\n\t\t\t\t\t\t<\/div>\n\t\t\t\t<\/div>\n\t\t\t\t\t<\/div>\n\t\t<\/div>\n\t\t\t\t\t<\/div>\n\t\t<\/section>\n\t\t\t\t<\/div>\n\t\t","protected":false},"excerpt":{"rendered":"<p>Um caf\u00e9 com\u2026 Luis Castilla Gamboa, Distribution &amp; Transportation Lead na JOHNSON &amp; JOHNSON MEDTECH Empack e L&amp;A: Fale-nos um pouco sobre si e sobre o seu percurso. Como foram os seus primeiros passos? E como tem evolu\u00eddo dentro da Johnson &amp; Johnson? Luis: Tenho a sorte de ter desenvolvido toda a minha carreira profissional [&hellip;]<\/p>\n","protected":false},"author":1256,"featured_media":174668,"comment_status":"closed","ping_status":"closed","sticky":false,"template":"","format":"standard","meta":{"_seopress_robots_primary_cat":"none","_seopress_titles_title":"Not\u00edcias | Empack e Logistics & Automation Porto","_seopress_titles_desc":"Veja as not\u00edcias dos sectores de embalagem e log\u00edstica em Portugal.","_seopress_robots_index":"","footnotes":""},"categories":[392,1408],"tags":[1905,1906,899],"edition":[],"class_list":["post-174658","post","type-post","status-publish","format-standard","has-post-thumbnail","hentry","category-blog","category-um-cafe-com","tag-johnson-johnson-medtech","tag-luis-castilla-gamboa","tag-um-cafe-com"],"_links":{"self":[{"href":"https:\/\/www.empacklogisticsautomationporto.com\/pt-pt\/wp-json\/wp\/v2\/posts\/174658","targetHints":{"allow":["GET"]}}],"collection":[{"href":"https:\/\/www.empacklogisticsautomationporto.com\/pt-pt\/wp-json\/wp\/v2\/posts"}],"about":[{"href":"https:\/\/www.empacklogisticsautomationporto.com\/pt-pt\/wp-json\/wp\/v2\/types\/post"}],"author":[{"embeddable":true,"href":"https:\/\/www.empacklogisticsautomationporto.com\/pt-pt\/wp-json\/wp\/v2\/users\/1256"}],"replies":[{"embeddable":true,"href":"https:\/\/www.empacklogisticsautomationporto.com\/pt-pt\/wp-json\/wp\/v2\/comments?post=174658"}],"version-history":[{"count":5,"href":"https:\/\/www.empacklogisticsautomationporto.com\/pt-pt\/wp-json\/wp\/v2\/posts\/174658\/revisions"}],"predecessor-version":[{"id":174674,"href":"https:\/\/www.empacklogisticsautomationporto.com\/pt-pt\/wp-json\/wp\/v2\/posts\/174658\/revisions\/174674"}],"wp:featuredmedia":[{"embeddable":true,"href":"https:\/\/www.empacklogisticsautomationporto.com\/pt-pt\/wp-json\/wp\/v2\/media\/174668"}],"wp:attachment":[{"href":"https:\/\/www.empacklogisticsautomationporto.com\/pt-pt\/wp-json\/wp\/v2\/media?parent=174658"}],"wp:term":[{"taxonomy":"category","embeddable":true,"href":"https:\/\/www.empacklogisticsautomationporto.com\/pt-pt\/wp-json\/wp\/v2\/categories?post=174658"},{"taxonomy":"post_tag","embeddable":true,"href":"https:\/\/www.empacklogisticsautomationporto.com\/pt-pt\/wp-json\/wp\/v2\/tags?post=174658"},{"taxonomy":"edition","embeddable":true,"href":"https:\/\/www.empacklogisticsautomationporto.com\/pt-pt\/wp-json\/wp\/v2\/edition?post=174658"}],"curies":[{"name":"wp","href":"https:\/\/api.w.org\/{rel}","templated":true}]}}