{"id":174679,"date":"2025-12-02T12:26:12","date_gmt":"2025-12-02T12:26:12","guid":{"rendered":"https:\/\/www.empacklogisticsautomationporto.com\/?p=174679"},"modified":"2025-12-02T12:33:48","modified_gmt":"2025-12-02T12:33:48","slug":"comercio-eletronico-continua-a-acelerar-na-peninsula-iberica-e-devera-ultrapassar-125-mil-milhoes-de-euros-em-2025","status":"publish","type":"post","link":"https:\/\/www.empacklogisticsautomationporto.com\/pt-pt\/2025\/12\/02\/comercio-eletronico-continua-a-acelerar-na-peninsula-iberica-e-devera-ultrapassar-125-mil-milhoes-de-euros-em-2025\/","title":{"rendered":"Com\u00e9rcio eletr\u00f3nico continua a acelerar na Pen\u00ednsula Ib\u00e9rica e dever\u00e1 ultrapassar 125 mil milh\u00f5es de euros em 2025"},"content":{"rendered":"\t\t<div data-elementor-type=\"wp-post\" data-elementor-id=\"174679\" class=\"elementor elementor-174679\" data-elementor-post-type=\"post\">\n\t\t\t\t\t\t<section class=\"elementor-section elementor-top-section elementor-element elementor-element-6c4d399f elementor-section-full_width elementor-section-height-default elementor-section-height-default\" data-id=\"6c4d399f\" data-element_type=\"section\">\n\t\t\t\t\t\t<div class=\"elementor-container elementor-column-gap-default\">\n\t\t\t\t\t<div class=\"elementor-column elementor-col-50 elementor-top-column elementor-element elementor-element-7e8189c8\" data-id=\"7e8189c8\" data-element_type=\"column\">\n\t\t\t<div class=\"elementor-widget-wrap elementor-element-populated\">\n\t\t\t\t\t\t<div class=\"elementor-element elementor-element-5385dc8d elementor-invisible elementor-widget elementor-widget-heading\" data-id=\"5385dc8d\" data-element_type=\"widget\" data-settings=\"{&quot;_animation&quot;:&quot;fadeIn&quot;}\" data-widget_type=\"heading.default\">\n\t\t\t\t<div class=\"elementor-widget-container\">\n\t\t\t\t\t<h1 class=\"elementor-heading-title elementor-size-default\">Com\u00e9rcio eletr\u00f3nico continua a acelerar na Pen\u00ednsula Ib\u00e9rica e dever\u00e1 ultrapassar 125 mil milh\u00f5es de euros em 2025<\/h1>\t\t\t\t<\/div>\n\t\t\t\t<\/div>\n\t\t\t\t<div class=\"elementor-element elementor-element-4eb7a90d elementor-widget-tablet__width-initial elementor-widget__width-initial elementor-widget elementor-widget-text-editor\" data-id=\"4eb7a90d\" data-element_type=\"widget\" data-settings=\"{&quot;_animation&quot;:&quot;none&quot;}\" data-widget_type=\"text-editor.default\">\n\t\t\t\t<div class=\"elementor-widget-container\">\n\t\t\t\t\t\t\t\t\t<p><strong>O com\u00e9rcio eletr\u00f3nico continua a acelerar na Pen\u00ednsula Ib\u00e9rica e dever\u00e1 ultrapassar os 125 mil milh\u00f5es de euros em 2025, um crescimento de 13,7% face ao ano anterior, segundo a 10.\u00aa edi\u00e7\u00e3o do CTT E-commerce Report, apresentada esta quinta-feira.\u00a0<\/strong><\/p><p>O estudo confirma a consolida\u00e7\u00e3o do canal online como um dos motores de consumo em Portugal e Espanha, impulsionado pela ades\u00e3o crescente dos consumidores, pela conveni\u00eancia e pela diversifica\u00e7\u00e3o da oferta digital.<\/p><p>A moda e a eletr\u00f3nica mant\u00eam-se como as categorias mais procuradas online. Em Espanha, os \u201cProdutos Alimentares em Lojas\/Sites de Supermercados\u201d registaram o maior salto (+6,1 p.p.), enquanto em Portugal o destaque vai para os \u201cUtens\u00edlios para o Lar\u201d, com uma subida de 5,8 pontos percentuais.<\/p><p>Em 2024, as compras online nos dois pa\u00edses superaram os 110,4 mil milh\u00f5es de euros, refletindo uma tend\u00eancia de crescimento robusto. O n\u00famero de compradores online continua a aumentar: Portugal somou 5,27 milh\u00f5es de e-buyers (+2,1% face a 2023) e Espanha atingiu 27,8 milh\u00f5es, um crescimento marcado pela entrada de 2,6 milh\u00f5es de novos consumidores.<\/p><p>Embora os espanh\u00f3is mantenham um gasto m\u00e9dio anual superior, o ritmo de crescimento do valor gasto pelos portugueses \u00e9 mais r\u00e1pido (6% contra 4% em Espanha). Em Portugal, o n\u00famero m\u00e9dio de compras por consumidor cresceu 11,2%, refor\u00e7ando o dinamismo do mercado.<\/p><p>O relat\u00f3rio sublinha que mais de metade dos compradores ib\u00e9ricos estaria disposta a receber as encomendas mais tarde se isso reduzir o impacto ambiental das entregas. A sensibilidade \u00e9 particularmente elevada em Portugal (59,6%) e ainda maior em Espanha (63%).<\/p><p>As entregas out of home continuam a ganhar terreno, sobretudo atrav\u00e9s de cacifos e pontos alternativos. Em Portugal, a prefer\u00eancia por lockers aumentou 5,7 pontos percentuais, tornando-se j\u00e1 a terceira op\u00e7\u00e3o mais escolhida. A entrega ao domic\u00edlio mant\u00e9m a lideran\u00e7a (68,4%), mas dever\u00e1 perder peso nos pr\u00f3ximos anos.<\/p><p>A satisfa\u00e7\u00e3o com as entregas melhorou em Portugal e desceu ligeiramente em Espanha. A rapidez, o acesso ao tracking e a liberdade de escolha permanecem aspetos determinantes na experi\u00eancia de compra, sublinha ainda o estudo.<\/p><p>A economia circular continua a crescer no digital. Em Portugal, 44% dos compradores j\u00e1 adquirem produtos usados online; em Espanha, a percentagem \u00e9 de 40,6%. Uma parte significativa destes consumidores tamb\u00e9m vende online, 44% dos portugueses e 43% dos espanh\u00f3is.<\/p><p>A Gera\u00e7\u00e3o Z assume o protagonismo no segmento C2C: 54,9% dos vendedores desta faixa et\u00e1ria acredita que as vendas de usados v\u00e3o aumentar. No mercado das plataformas, h\u00e1 diferen\u00e7as claras: a Vinted lidera em Portugal, enquanto a Wallapop domina em Espanha.<\/p><p>Entregas r\u00e1pidas e conveni\u00eancia continuam a moldar expectativas<\/p><p>A procura por entregas r\u00e1pidas mant\u00e9m-se elevada entre os mais jovens. Em Portugal, 10,5% da Gera\u00e7\u00e3o Z valoriza entregas no pr\u00f3prio dia e 13,6% prefere entregas em duas horas. Em Espanha, verifica-se uma ligeira redu\u00e7\u00e3o da procura por servi\u00e7os Same Day, exce\u00e7\u00e3o feita aos consumidores mais jovens, que continuam a privilegiar esta modalidade.<\/p><p>Os CTT destacam ainda que o canal online \u00e9 visto pelos e-sellers como complementar ao f\u00edsico e fundamental para alargar mercados, responder ao consumidor e refor\u00e7ar competitividade, numa fase em que as marcas apostam em omnicanalidade e efici\u00eancia log\u00edstica.<\/p><p>O estudo envolveu mais de 1.500 inqu\u00e9ritos a e-buyers. No total, foram inquiridos 500 compradores online em Portugal e 1.000 em Espanha, todos com pelo menos uma compra efetuada nos \u00faltimos 12 meses e com idade igual ou superior a 18 anos.<\/p><p>Do lado das empresas, o estudo integrou 70 entrevistas telef\u00f3nicas e 12 entrevistas presenciais a e-sellers em Portugal, bem como 150 entrevistas telef\u00f3nicas e 8 presenciais em Espanha.<\/p><p>A recolha decorreu entre maio e junho de 2025, com os indicadores quantitativos estimados a partir de dados reais do primeiro semestre. J\u00e1 as respostas qualitativas refletem exclusivamente a perce\u00e7\u00e3o dos inquiridos no momento da realiza\u00e7\u00e3o do estudo.<\/p>\t\t\t\t\t\t\t\t<\/div>\n\t\t\t\t<\/div>\n\t\t\t\t<div class=\"elementor-element elementor-element-bf4d5ca elementor-align-center elementor-widget elementor-widget-button\" data-id=\"bf4d5ca\" data-element_type=\"widget\" data-widget_type=\"button.default\">\n\t\t\t\t<div class=\"elementor-widget-container\">\n\t\t\t\t\t\t\t\t\t<div class=\"elementor-button-wrapper\">\n\t\t\t\t\t<a class=\"elementor-button elementor-button-link elementor-size-md\" href=\"https:\/\/www.hipersuper.pt\/2025\/11\/28\/comercio-eletronico-continua-a-acelerar-na-peninsula-iberica-e-devera-ultrapassar-125-mil-milhoes-de-euros-em-2025\">\n\t\t\t\t\t\t<span class=\"elementor-button-content-wrapper\">\n\t\t\t\t\t\t\t\t\t<span class=\"elementor-button-text\">Leia a not\u00edcia completa<\/span>\n\t\t\t\t\t<\/span>\n\t\t\t\t\t<\/a>\n\t\t\t\t<\/div>\n\t\t\t\t\t\t\t\t<\/div>\n\t\t\t\t<\/div>\n\t\t\t\t\t<\/div>\n\t\t<\/div>\n\t\t\t\t<div class=\"elementor-column elementor-col-50 elementor-top-column elementor-element elementor-element-19dc3572\" data-id=\"19dc3572\" data-element_type=\"column\">\n\t\t\t<div class=\"elementor-widget-wrap elementor-element-populated\">\n\t\t\t\t\t\t<div class=\"elementor-element elementor-element-404ac641 elementor-grid-1 elementor-posts--thumbnail-none elementor-grid-tablet-1 elementor-grid-mobile-1 elementor-widget elementor-widget-posts\" data-id=\"404ac641\" data-element_type=\"widget\" data-settings=\"{&quot;classic_columns&quot;:&quot;1&quot;,&quot;classic_row_gap&quot;:{&quot;unit&quot;:&quot;px&quot;,&quot;size&quot;:&quot;23&quot;,&quot;sizes&quot;:[]},&quot;classic_columns_tablet&quot;:&quot;1&quot;,&quot;_animation&quot;:&quot;none&quot;,&quot;classic_columns_mobile&quot;:&quot;1&quot;,&quot;classic_row_gap_tablet&quot;:{&quot;unit&quot;:&quot;px&quot;,&quot;size&quot;:&quot;&quot;,&quot;sizes&quot;:[]},&quot;classic_row_gap_mobile&quot;:{&quot;unit&quot;:&quot;px&quot;,&quot;size&quot;:&quot;&quot;,&quot;sizes&quot;:[]}}\" data-widget_type=\"posts.classic\">\n\t\t\t\t<div class=\"elementor-widget-container\">\n\t\t\t\t\t\t\t<div class=\"elementor-posts-container elementor-posts elementor-posts--skin-classic elementor-grid\" role=\"list\">\n\t\t\t\t<article class=\"elementor-post elementor-grid-item post-184444 post type-post status-publish format-standard has-post-thumbnail hentry category-notas-de-imprensa tag-abril tag-balanco-feira tag-congresso tag-easyfairs tag-embalagem tag-feira tag-logistica tag-nota-de-imprensa tag-portugal\" role=\"listitem\">\n\t\t\t\t<div class=\"elementor-post__text\">\n\t\t\t\t<h3 class=\"elementor-post__title\">\n\t\t\t<a href=\"https:\/\/www.empacklogisticsautomationporto.com\/pt-pt\/2026\/04\/28\/empack-e-logistics-automation-porto-avanca-para-2027-com-64-do-espaco-ja-reservado\/\" >\n\t\t\t\tEmpack e Logistics &#038; Automation Porto avan\u00e7a para 2027 com 64% do espa\u00e7o j\u00e1 reservado\t\t\t<\/a>\n\t\t<\/h3>\n\t\t\t\t<div class=\"elementor-post__excerpt\">\n\t\t\t<p>Empack e Logistics &amp; Automation Porto avan\u00e7a para 2027 com 64% do espa\u00e7o j\u00e1 reservado D\u00e9cima edi\u00e7\u00e3o da feira profissional representativa dos setores log\u00edstico e<\/p>\n\t\t<\/div>\n\t\t\n\t\t<a class=\"elementor-post__read-more\" href=\"https:\/\/www.empacklogisticsautomationporto.com\/pt-pt\/2026\/04\/28\/empack-e-logistics-automation-porto-avanca-para-2027-com-64-do-espaco-ja-reservado\/\" aria-label=\"Read more about Empack e Logistics &#038; Automation Porto avan\u00e7a para 2027 com 64% do espa\u00e7o j\u00e1 reservado\" tabindex=\"-1\" >\n\t\t\tRead More \u00bb\t\t<\/a>\n\n\t\t\t\t<\/div>\n\t\t\t\t<\/article>\n\t\t\t\t<article class=\"elementor-post elementor-grid-item post-183874 post type-post status-publish format-standard has-post-thumbnail hentry category-blog tag-automacao tag-bruxelas tag-embalagens tag-empack tag-logistica tag-manutencao tag-noticias tag-portugal\" role=\"listitem\">\n\t\t\t\t<div class=\"elementor-post__text\">\n\t\t\t\t<h3 class=\"elementor-post__title\">\n\t\t\t<a href=\"https:\/\/www.empacklogisticsautomationporto.com\/pt-pt\/2026\/04\/01\/bruxelas-clarifica-novas-regras-de-embalagens-para-acelerar-transicao-sustentavel-na-uniao-europeia\/\" >\n\t\t\t\tBruxelas clarifica novas regras de embalagens para acelerar transi\u00e7\u00e3o sustent\u00e1vel na Uni\u00e3o Europeia\t\t\t<\/a>\n\t\t<\/h3>\n\t\t\t\t<div class=\"elementor-post__excerpt\">\n\t\t\t<p>Bruxelas clarifica novas regras de embalagens para acelerar transi\u00e7\u00e3o sustent\u00e1vel na Uni\u00e3o Europeia Comiss\u00e3o Europeia publica orienta\u00e7\u00f5es para aplicar regulamento das embalagens, reduzir res\u00edduos e<\/p>\n\t\t<\/div>\n\t\t\n\t\t<a class=\"elementor-post__read-more\" href=\"https:\/\/www.empacklogisticsautomationporto.com\/pt-pt\/2026\/04\/01\/bruxelas-clarifica-novas-regras-de-embalagens-para-acelerar-transicao-sustentavel-na-uniao-europeia\/\" aria-label=\"Read more about Bruxelas clarifica novas regras de embalagens para acelerar transi\u00e7\u00e3o sustent\u00e1vel na Uni\u00e3o Europeia\" tabindex=\"-1\" >\n\t\t\tRead More \u00bb\t\t<\/a>\n\n\t\t\t\t<\/div>\n\t\t\t\t<\/article>\n\t\t\t\t<article class=\"elementor-post elementor-grid-item post-183860 post type-post status-publish format-standard has-post-thumbnail hentry category-blog tag-automacao tag-empack tag-logistica tag-manutencao tag-noticias tag-portugal tag-sustentabilidade\" role=\"listitem\">\n\t\t\t\t<div class=\"elementor-post__text\">\n\t\t\t\t<h3 class=\"elementor-post__title\">\n\t\t\t<a href=\"https:\/\/www.empacklogisticsautomationporto.com\/pt-pt\/2026\/04\/01\/dossier-sustentabilidade-e-manutencao\/\" >\n\t\t\t\tDossier sustentabilidade e manuten\u00e7\u00e3o\t\t\t<\/a>\n\t\t<\/h3>\n\t\t\t\t<div class=\"elementor-post__excerpt\">\n\t\t\t<p>Dossier sustentabilidade e manuten\u00e7\u00e3o O presente dossier chama a aten\u00e7\u00e3o para uma nova via para a manuten\u00e7\u00e3o: a liga\u00e7\u00e3o entre a manuten\u00e7\u00e3o e a sustentabilidade.<\/p>\n\t\t<\/div>\n\t\t\n\t\t<a class=\"elementor-post__read-more\" href=\"https:\/\/www.empacklogisticsautomationporto.com\/pt-pt\/2026\/04\/01\/dossier-sustentabilidade-e-manutencao\/\" aria-label=\"Read more about Dossier sustentabilidade e manuten\u00e7\u00e3o\" tabindex=\"-1\" >\n\t\t\tRead More \u00bb\t\t<\/a>\n\n\t\t\t\t<\/div>\n\t\t\t\t<\/article>\n\t\t\t\t<article class=\"elementor-post elementor-grid-item post-183838 post type-post status-publish format-standard has-post-thumbnail hentry category-blog tag-decima-edicao tag-domino tag-historias-que-inspiram tag-marque-tdi\" role=\"listitem\">\n\t\t\t\t<div class=\"elementor-post__text\">\n\t\t\t\t<h3 class=\"elementor-post__title\">\n\t\t\t<a href=\"https:\/\/www.empacklogisticsautomationporto.com\/pt-pt\/2026\/04\/01\/historias-que-inspiram-domino\/\" >\n\t\t\t\tHist\u00f3rias que Inspiram &#8211; DOMINO\t\t\t<\/a>\n\t\t<\/h3>\n\t\t\t\t<div class=\"elementor-post__excerpt\">\n\t\t\t<p>Hist\u00f3rias que Inspiram 10 anos de Empack e Logistics &amp; Automation Porto Hist\u00f3rias que Inspiram nasce para celebrar os expositores que estiveram connosco desde o<\/p>\n\t\t<\/div>\n\t\t\n\t\t<a class=\"elementor-post__read-more\" href=\"https:\/\/www.empacklogisticsautomationporto.com\/pt-pt\/2026\/04\/01\/historias-que-inspiram-domino\/\" aria-label=\"Read more about Hist\u00f3rias que Inspiram &#8211; DOMINO\" tabindex=\"-1\" >\n\t\t\tRead More \u00bb\t\t<\/a>\n\n\t\t\t\t<\/div>\n\t\t\t\t<\/article>\n\t\t\t\t<\/div>\n\t\t\n\t\t\t\t\t\t<\/div>\n\t\t\t\t<\/div>\n\t\t\t\t<div class=\"elementor-element elementor-element-1f3f2b92 elementor-widget-divider--view-line elementor-widget elementor-widget-divider\" data-id=\"1f3f2b92\" data-element_type=\"widget\" data-widget_type=\"divider.default\">\n\t\t\t\t<div class=\"elementor-widget-container\">\n\t\t\t\t\t\t\t<div class=\"elementor-divider\">\n\t\t\t<span class=\"elementor-divider-separator\">\n\t\t\t\t\t\t<\/span>\n\t\t<\/div>\n\t\t\t\t\t\t<\/div>\n\t\t\t\t<\/div>\n\t\t\t\t\t<\/div>\n\t\t<\/div>\n\t\t\t\t\t<\/div>\n\t\t<\/section>\n\t\t\t\t<\/div>\n\t\t","protected":false},"excerpt":{"rendered":"<p>Com\u00e9rcio eletr\u00f3nico continua a acelerar na Pen\u00ednsula Ib\u00e9rica e dever\u00e1 ultrapassar 125 mil milh\u00f5es de euros em 2025 O com\u00e9rcio eletr\u00f3nico continua a acelerar na Pen\u00ednsula Ib\u00e9rica e dever\u00e1 ultrapassar os 125 mil milh\u00f5es de euros em 2025, um crescimento de 13,7% face ao ano anterior, segundo a 10.\u00aa edi\u00e7\u00e3o do CTT E-commerce Report, apresentada [&hellip;]<\/p>\n","protected":false},"author":1256,"featured_media":174685,"comment_status":"closed","ping_status":"closed","sticky":false,"template":"","format":"standard","meta":{"_seopress_robots_primary_cat":"none","_seopress_titles_title":"Not\u00edcias | Empack e Logistics & Automation Porto","_seopress_titles_desc":"Veja as not\u00edcias dos sectores de embalagem e log\u00edstica em Portugal.","_seopress_robots_index":"","footnotes":""},"categories":[392],"tags":[1907,1625,671],"edition":[],"class_list":["post-174679","post","type-post","status-publish","format-standard","has-post-thumbnail","hentry","category-blog","tag-comercio-electronico","tag-logistica","tag-portugal"],"_links":{"self":[{"href":"https:\/\/www.empacklogisticsautomationporto.com\/pt-pt\/wp-json\/wp\/v2\/posts\/174679","targetHints":{"allow":["GET"]}}],"collection":[{"href":"https:\/\/www.empacklogisticsautomationporto.com\/pt-pt\/wp-json\/wp\/v2\/posts"}],"about":[{"href":"https:\/\/www.empacklogisticsautomationporto.com\/pt-pt\/wp-json\/wp\/v2\/types\/post"}],"author":[{"embeddable":true,"href":"https:\/\/www.empacklogisticsautomationporto.com\/pt-pt\/wp-json\/wp\/v2\/users\/1256"}],"replies":[{"embeddable":true,"href":"https:\/\/www.empacklogisticsautomationporto.com\/pt-pt\/wp-json\/wp\/v2\/comments?post=174679"}],"version-history":[{"count":5,"href":"https:\/\/www.empacklogisticsautomationporto.com\/pt-pt\/wp-json\/wp\/v2\/posts\/174679\/revisions"}],"predecessor-version":[{"id":174691,"href":"https:\/\/www.empacklogisticsautomationporto.com\/pt-pt\/wp-json\/wp\/v2\/posts\/174679\/revisions\/174691"}],"wp:featuredmedia":[{"embeddable":true,"href":"https:\/\/www.empacklogisticsautomationporto.com\/pt-pt\/wp-json\/wp\/v2\/media\/174685"}],"wp:attachment":[{"href":"https:\/\/www.empacklogisticsautomationporto.com\/pt-pt\/wp-json\/wp\/v2\/media?parent=174679"}],"wp:term":[{"taxonomy":"category","embeddable":true,"href":"https:\/\/www.empacklogisticsautomationporto.com\/pt-pt\/wp-json\/wp\/v2\/categories?post=174679"},{"taxonomy":"post_tag","embeddable":true,"href":"https:\/\/www.empacklogisticsautomationporto.com\/pt-pt\/wp-json\/wp\/v2\/tags?post=174679"},{"taxonomy":"edition","embeddable":true,"href":"https:\/\/www.empacklogisticsautomationporto.com\/pt-pt\/wp-json\/wp\/v2\/edition?post=174679"}],"curies":[{"name":"wp","href":"https:\/\/api.w.org\/{rel}","templated":true}]}}