{"id":174692,"date":"2025-12-02T12:37:07","date_gmt":"2025-12-02T12:37:07","guid":{"rendered":"https:\/\/www.empacklogisticsautomationporto.com\/?p=174692"},"modified":"2025-12-02T12:52:17","modified_gmt":"2025-12-02T12:52:17","slug":"sistema-de-deposito-e-reembolso-arranca-a-10-de-abril-de-2026","status":"publish","type":"post","link":"https:\/\/www.empacklogisticsautomationporto.com\/pt-pt\/2025\/12\/02\/sistema-de-deposito-e-reembolso-arranca-a-10-de-abril-de-2026\/","title":{"rendered":"Sistema de Dep\u00f3sito e Reembolso arranca a 10 de abril de 2026"},"content":{"rendered":"\t\t<div data-elementor-type=\"wp-post\" data-elementor-id=\"174692\" class=\"elementor elementor-174692\" data-elementor-post-type=\"post\">\n\t\t\t\t\t\t<section class=\"elementor-section elementor-top-section elementor-element elementor-element-6c4d399f elementor-section-full_width elementor-section-height-default elementor-section-height-default\" data-id=\"6c4d399f\" data-element_type=\"section\">\n\t\t\t\t\t\t<div class=\"elementor-container elementor-column-gap-default\">\n\t\t\t\t\t<div class=\"elementor-column elementor-col-50 elementor-top-column elementor-element elementor-element-7e8189c8\" data-id=\"7e8189c8\" data-element_type=\"column\">\n\t\t\t<div class=\"elementor-widget-wrap elementor-element-populated\">\n\t\t\t\t\t\t<div class=\"elementor-element elementor-element-5385dc8d elementor-invisible elementor-widget elementor-widget-heading\" data-id=\"5385dc8d\" data-element_type=\"widget\" data-settings=\"{&quot;_animation&quot;:&quot;fadeIn&quot;}\" data-widget_type=\"heading.default\">\n\t\t\t\t<div class=\"elementor-widget-container\">\n\t\t\t\t\t<h1 class=\"elementor-heading-title elementor-size-default\">Sistema de Dep\u00f3sito e Reembolso arranca a 10 de abril de 2026<\/h1>\t\t\t\t<\/div>\n\t\t\t\t<\/div>\n\t\t\t\t<div class=\"elementor-element elementor-element-4eb7a90d elementor-widget-tablet__width-initial elementor-widget__width-initial elementor-widget elementor-widget-text-editor\" data-id=\"4eb7a90d\" data-element_type=\"widget\" data-settings=\"{&quot;_animation&quot;:&quot;none&quot;}\" data-widget_type=\"text-editor.default\">\n\t\t\t\t<div class=\"elementor-widget-container\">\n\t\t\t\t\t\t\t\t\t<p>A SDR Portugal ser\u00e1 respons\u00e1vel pela implementa\u00e7\u00e3o e gest\u00e3o do Sistema de Dep\u00f3sito e Reembolso (SDR) de embalagens de bebidas de uso \u00fanico em Portugal.<\/p><p>O sistema, que entra em vigor a 10 de abril de 2026, abranger\u00e1 embalagens de pl\u00e1stico, alum\u00ednio e a\u00e7o at\u00e9 tr\u00eas litros, aplicando-se a bebidas como \u00e1guas, sumos, refrigerantes, cervejas, misturas alco\u00f3licas e bebidas energ\u00e9ticas. O objetivo \u00e9 incentivar a reciclagem, valorizar os materiais e envolver produtores e consumidores num modelo de economia circular.<\/p><p>As embalagens de vinho e derivados l\u00e1cteos ficam exclu\u00eddas deste sistema, uma vez que podem contaminar os materiais recicl\u00e1veis.<\/p><h5><strong>Funcionamento<\/strong><\/h5><p>As garrafas e latas abrangidas dever\u00e3o ser devolvidas nas m\u00e1quinas autom\u00e1ticas (RVMs) instaladas em supermercados e outros pontos de venda por todo o pa\u00eds. Cada embalagem devolvida permitir\u00e1 ao consumidor receber o valor do dep\u00f3sito pago aquando da compra, promovendo um comportamento mais respons\u00e1vel e a redu\u00e7\u00e3o do lixo disperso (<em>littering<\/em>), que poder\u00e1 diminuir at\u00e9 40%, segundo as previs\u00f5es da entidade gestora.<\/p><p><em>\u201cO Sistema de Dep\u00f3sito e Reembolso representa uma mudan\u00e7a significativa na forma como consumidores e empresas encaram o ciclo de vida das embalagens\u201d,<\/em>\u00a0sublinha Leonardo Mathias, presidente da SDR Portugal. \u201c<em>Pretendemos garantir uma solu\u00e7\u00e3o moderna, cred\u00edvel e f\u00e1cil de utilizar, que promova a valoriza\u00e7\u00e3o dos materiais e aumente as taxas de reciclagem. Com este sistema, o pa\u00eds d\u00e1 um passo importante no cumprimento das metas ambientais e na constru\u00e7\u00e3o de um futuro mais sustent\u00e1vel\u201d.<\/em><\/p><h5><strong>Impacto econ\u00f3mico<\/strong><\/h5><p>Portugal comprometeu-se a recolher seletivamente 90% das embalagens de bebidas at\u00e9 2029 e as garrafas de pl\u00e1stico de utiliza\u00e7\u00e3o \u00fanica dever\u00e3o conter pelo menos 65% de material reciclado at\u00e9 2040, em linha com as metas definidas pela Uni\u00e3o Europeia.<\/p><p>A SDR Portugal estima que o sistema venha a criar mais de 1.500 postos de trabalho diretos e indiretos, distribu\u00eddos pelas \u00e1reas de instala\u00e7\u00e3o e manuten\u00e7\u00e3o de RVMs, log\u00edstica de recolha, triagem e auditoria.<\/p><p>O modelo introduz ainda mecanismos antifraude, sistemas de informa\u00e7\u00e3o nacionais e campanhas de sensibiliza\u00e7\u00e3o, garantindo transpar\u00eancia e confian\u00e7a tanto para o consumidor como para os operadores econ\u00f3micos.<\/p><p>Constitu\u00edda em setembro de 2021, a SDR Portugal \u2013 Associa\u00e7\u00e3o de Embaladores \u00e9 a entidade gestora licenciada pela Ag\u00eancia Portuguesa do Ambiente (APA) e pela Dire\u00e7\u00e3o-Geral das Atividades Econ\u00f3micas (DGAE) para o continente e pelas secretarias regionais do Ambiente dos A\u00e7ores e da Madeira para as respetivas regi\u00f5es aut\u00f3nomas.<\/p><p>A associa\u00e7\u00e3o resulta da uni\u00e3o entre as entidades Circular Drinks e SDRetalhistas, que representam mais de 90% das empresas da ind\u00fastria de bebidas e do retalho em Portugal. O seu \u00e2mbito inclui a aquisi\u00e7\u00e3o e instala\u00e7\u00e3o de m\u00e1quinas de devolu\u00e7\u00e3o, a cria\u00e7\u00e3o de centros de triagem, o desenvolvimento de um sistema inform\u00e1tico nacional e a coordena\u00e7\u00e3o de campanhas de comunica\u00e7\u00e3o e educa\u00e7\u00e3o ambiental.<\/p><p>\u201cCada garrafa pode ser outra garrafa\u201d<br \/>O lema que acompanha o lan\u00e7amento \u2014 \u201cCada garrafa e cada lata de bebida passam a poder ser outra garrafa e outra lata\u201d \u2014 sintetiza o esp\u00edrito do novo sistema: fechar o ciclo dos materiais e dar uma nova vida \u00e0s embalagens.<\/p><p>O Sistema de Dep\u00f3sito e Reembolso vai transformar a forma como Portugal recicla e valoriza as embalagens de bebidas.\u00a0<\/p>\t\t\t\t\t\t\t\t<\/div>\n\t\t\t\t<\/div>\n\t\t\t\t<div class=\"elementor-element elementor-element-bf4d5ca elementor-align-center elementor-widget elementor-widget-button\" data-id=\"bf4d5ca\" data-element_type=\"widget\" data-widget_type=\"button.default\">\n\t\t\t\t<div class=\"elementor-widget-container\">\n\t\t\t\t\t\t\t\t\t<div class=\"elementor-button-wrapper\">\n\t\t\t\t\t<a class=\"elementor-button elementor-button-link elementor-size-md\" href=\"https:\/\/grandeconsumo.com\/sistema-de-deposito-e-reembolso-arranca-a-10-de-abril-de-2026\/\">\n\t\t\t\t\t\t<span class=\"elementor-button-content-wrapper\">\n\t\t\t\t\t\t\t\t\t<span class=\"elementor-button-text\">Leia a not\u00edcia completa<\/span>\n\t\t\t\t\t<\/span>\n\t\t\t\t\t<\/a>\n\t\t\t\t<\/div>\n\t\t\t\t\t\t\t\t<\/div>\n\t\t\t\t<\/div>\n\t\t\t\t\t<\/div>\n\t\t<\/div>\n\t\t\t\t<div class=\"elementor-column elementor-col-50 elementor-top-column elementor-element elementor-element-19dc3572\" data-id=\"19dc3572\" data-element_type=\"column\">\n\t\t\t<div class=\"elementor-widget-wrap elementor-element-populated\">\n\t\t\t\t\t\t<div class=\"elementor-element elementor-element-404ac641 elementor-grid-1 elementor-posts--thumbnail-none elementor-grid-tablet-1 elementor-grid-mobile-1 elementor-widget elementor-widget-posts\" data-id=\"404ac641\" data-element_type=\"widget\" data-settings=\"{&quot;classic_columns&quot;:&quot;1&quot;,&quot;classic_row_gap&quot;:{&quot;unit&quot;:&quot;px&quot;,&quot;size&quot;:&quot;23&quot;,&quot;sizes&quot;:[]},&quot;classic_columns_tablet&quot;:&quot;1&quot;,&quot;_animation&quot;:&quot;none&quot;,&quot;classic_columns_mobile&quot;:&quot;1&quot;,&quot;classic_row_gap_tablet&quot;:{&quot;unit&quot;:&quot;px&quot;,&quot;size&quot;:&quot;&quot;,&quot;sizes&quot;:[]},&quot;classic_row_gap_mobile&quot;:{&quot;unit&quot;:&quot;px&quot;,&quot;size&quot;:&quot;&quot;,&quot;sizes&quot;:[]}}\" data-widget_type=\"posts.classic\">\n\t\t\t\t<div class=\"elementor-widget-container\">\n\t\t\t\t\t\t\t<div class=\"elementor-posts-container elementor-posts elementor-posts--skin-classic elementor-grid\" role=\"list\">\n\t\t\t\t<article class=\"elementor-post elementor-grid-item post-184444 post type-post status-publish format-standard has-post-thumbnail hentry category-notas-de-imprensa tag-abril tag-balanco-feira tag-congresso tag-easyfairs tag-embalagem tag-feira tag-logistica tag-nota-de-imprensa tag-portugal\" role=\"listitem\">\n\t\t\t\t<div class=\"elementor-post__text\">\n\t\t\t\t<h3 class=\"elementor-post__title\">\n\t\t\t<a href=\"https:\/\/www.empacklogisticsautomationporto.com\/pt-pt\/2026\/04\/28\/empack-e-logistics-automation-porto-avanca-para-2027-com-64-do-espaco-ja-reservado\/\" >\n\t\t\t\tEmpack e Logistics &#038; Automation Porto avan\u00e7a para 2027 com 64% do espa\u00e7o j\u00e1 reservado\t\t\t<\/a>\n\t\t<\/h3>\n\t\t\t\t<div class=\"elementor-post__excerpt\">\n\t\t\t<p>Empack e Logistics &amp; Automation Porto avan\u00e7a para 2027 com 64% do espa\u00e7o j\u00e1 reservado D\u00e9cima edi\u00e7\u00e3o da feira profissional representativa dos setores log\u00edstico e<\/p>\n\t\t<\/div>\n\t\t\n\t\t<a class=\"elementor-post__read-more\" href=\"https:\/\/www.empacklogisticsautomationporto.com\/pt-pt\/2026\/04\/28\/empack-e-logistics-automation-porto-avanca-para-2027-com-64-do-espaco-ja-reservado\/\" aria-label=\"Read more about Empack e Logistics &#038; Automation Porto avan\u00e7a para 2027 com 64% do espa\u00e7o j\u00e1 reservado\" tabindex=\"-1\" >\n\t\t\tRead More \u00bb\t\t<\/a>\n\n\t\t\t\t<\/div>\n\t\t\t\t<\/article>\n\t\t\t\t<article class=\"elementor-post elementor-grid-item post-183874 post type-post status-publish format-standard has-post-thumbnail hentry category-blog tag-automacao tag-bruxelas tag-embalagens tag-empack tag-logistica tag-manutencao tag-noticias tag-portugal\" role=\"listitem\">\n\t\t\t\t<div class=\"elementor-post__text\">\n\t\t\t\t<h3 class=\"elementor-post__title\">\n\t\t\t<a href=\"https:\/\/www.empacklogisticsautomationporto.com\/pt-pt\/2026\/04\/01\/bruxelas-clarifica-novas-regras-de-embalagens-para-acelerar-transicao-sustentavel-na-uniao-europeia\/\" >\n\t\t\t\tBruxelas clarifica novas regras de embalagens para acelerar transi\u00e7\u00e3o sustent\u00e1vel na Uni\u00e3o Europeia\t\t\t<\/a>\n\t\t<\/h3>\n\t\t\t\t<div class=\"elementor-post__excerpt\">\n\t\t\t<p>Bruxelas clarifica novas regras de embalagens para acelerar transi\u00e7\u00e3o sustent\u00e1vel na Uni\u00e3o Europeia Comiss\u00e3o Europeia publica orienta\u00e7\u00f5es para aplicar regulamento das embalagens, reduzir res\u00edduos e<\/p>\n\t\t<\/div>\n\t\t\n\t\t<a class=\"elementor-post__read-more\" href=\"https:\/\/www.empacklogisticsautomationporto.com\/pt-pt\/2026\/04\/01\/bruxelas-clarifica-novas-regras-de-embalagens-para-acelerar-transicao-sustentavel-na-uniao-europeia\/\" aria-label=\"Read more about Bruxelas clarifica novas regras de embalagens para acelerar transi\u00e7\u00e3o sustent\u00e1vel na Uni\u00e3o Europeia\" tabindex=\"-1\" >\n\t\t\tRead More \u00bb\t\t<\/a>\n\n\t\t\t\t<\/div>\n\t\t\t\t<\/article>\n\t\t\t\t<article class=\"elementor-post elementor-grid-item post-183860 post type-post status-publish format-standard has-post-thumbnail hentry category-blog tag-automacao tag-empack tag-logistica tag-manutencao tag-noticias tag-portugal tag-sustentabilidade\" role=\"listitem\">\n\t\t\t\t<div class=\"elementor-post__text\">\n\t\t\t\t<h3 class=\"elementor-post__title\">\n\t\t\t<a href=\"https:\/\/www.empacklogisticsautomationporto.com\/pt-pt\/2026\/04\/01\/dossier-sustentabilidade-e-manutencao\/\" >\n\t\t\t\tDossier sustentabilidade e manuten\u00e7\u00e3o\t\t\t<\/a>\n\t\t<\/h3>\n\t\t\t\t<div class=\"elementor-post__excerpt\">\n\t\t\t<p>Dossier sustentabilidade e manuten\u00e7\u00e3o O presente dossier chama a aten\u00e7\u00e3o para uma nova via para a manuten\u00e7\u00e3o: a liga\u00e7\u00e3o entre a manuten\u00e7\u00e3o e a sustentabilidade.<\/p>\n\t\t<\/div>\n\t\t\n\t\t<a class=\"elementor-post__read-more\" href=\"https:\/\/www.empacklogisticsautomationporto.com\/pt-pt\/2026\/04\/01\/dossier-sustentabilidade-e-manutencao\/\" aria-label=\"Read more about Dossier sustentabilidade e manuten\u00e7\u00e3o\" tabindex=\"-1\" >\n\t\t\tRead More \u00bb\t\t<\/a>\n\n\t\t\t\t<\/div>\n\t\t\t\t<\/article>\n\t\t\t\t<article class=\"elementor-post elementor-grid-item post-183838 post type-post status-publish format-standard has-post-thumbnail hentry category-blog tag-decima-edicao tag-domino tag-historias-que-inspiram tag-marque-tdi\" role=\"listitem\">\n\t\t\t\t<div class=\"elementor-post__text\">\n\t\t\t\t<h3 class=\"elementor-post__title\">\n\t\t\t<a href=\"https:\/\/www.empacklogisticsautomationporto.com\/pt-pt\/2026\/04\/01\/historias-que-inspiram-domino\/\" >\n\t\t\t\tHist\u00f3rias que Inspiram &#8211; DOMINO\t\t\t<\/a>\n\t\t<\/h3>\n\t\t\t\t<div class=\"elementor-post__excerpt\">\n\t\t\t<p>Hist\u00f3rias que Inspiram 10 anos de Empack e Logistics &amp; Automation Porto Hist\u00f3rias que Inspiram nasce para celebrar os expositores que estiveram connosco desde o<\/p>\n\t\t<\/div>\n\t\t\n\t\t<a class=\"elementor-post__read-more\" href=\"https:\/\/www.empacklogisticsautomationporto.com\/pt-pt\/2026\/04\/01\/historias-que-inspiram-domino\/\" aria-label=\"Read more about Hist\u00f3rias que Inspiram &#8211; DOMINO\" tabindex=\"-1\" >\n\t\t\tRead More \u00bb\t\t<\/a>\n\n\t\t\t\t<\/div>\n\t\t\t\t<\/article>\n\t\t\t\t<\/div>\n\t\t\n\t\t\t\t\t\t<\/div>\n\t\t\t\t<\/div>\n\t\t\t\t<div class=\"elementor-element elementor-element-1f3f2b92 elementor-widget-divider--view-line elementor-widget elementor-widget-divider\" data-id=\"1f3f2b92\" data-element_type=\"widget\" data-widget_type=\"divider.default\">\n\t\t\t\t<div class=\"elementor-widget-container\">\n\t\t\t\t\t\t\t<div class=\"elementor-divider\">\n\t\t\t<span class=\"elementor-divider-separator\">\n\t\t\t\t\t\t<\/span>\n\t\t<\/div>\n\t\t\t\t\t\t<\/div>\n\t\t\t\t<\/div>\n\t\t\t\t\t<\/div>\n\t\t<\/div>\n\t\t\t\t\t<\/div>\n\t\t<\/section>\n\t\t\t\t<\/div>\n\t\t","protected":false},"excerpt":{"rendered":"<p>Sistema de Dep\u00f3sito e Reembolso arranca a 10 de abril de 2026 A SDR Portugal ser\u00e1 respons\u00e1vel pela implementa\u00e7\u00e3o e gest\u00e3o do Sistema de Dep\u00f3sito e Reembolso (SDR) de embalagens de bebidas de uso \u00fanico em Portugal. O sistema, que entra em vigor a 10 de abril de 2026, abranger\u00e1 embalagens de pl\u00e1stico, alum\u00ednio e [&hellip;]<\/p>\n","protected":false},"author":1256,"featured_media":174698,"comment_status":"closed","ping_status":"closed","sticky":false,"template":"","format":"standard","meta":{"_seopress_robots_primary_cat":"none","_seopress_titles_title":"Not\u00edcias | Empack e Logistics & Automation Porto","_seopress_titles_desc":"Veja as not\u00edcias dos sectores de embalagem e log\u00edstica em Portugal.","_seopress_robots_index":"","footnotes":""},"categories":[392],"tags":[1909,1908,954],"edition":[],"class_list":["post-174692","post","type-post","status-publish","format-standard","has-post-thumbnail","hentry","category-blog","tag-sdr","tag-sistema-de-desposito-e-reembolso","tag-sustentabilidade"],"_links":{"self":[{"href":"https:\/\/www.empacklogisticsautomationporto.com\/pt-pt\/wp-json\/wp\/v2\/posts\/174692","targetHints":{"allow":["GET"]}}],"collection":[{"href":"https:\/\/www.empacklogisticsautomationporto.com\/pt-pt\/wp-json\/wp\/v2\/posts"}],"about":[{"href":"https:\/\/www.empacklogisticsautomationporto.com\/pt-pt\/wp-json\/wp\/v2\/types\/post"}],"author":[{"embeddable":true,"href":"https:\/\/www.empacklogisticsautomationporto.com\/pt-pt\/wp-json\/wp\/v2\/users\/1256"}],"replies":[{"embeddable":true,"href":"https:\/\/www.empacklogisticsautomationporto.com\/pt-pt\/wp-json\/wp\/v2\/comments?post=174692"}],"version-history":[{"count":5,"href":"https:\/\/www.empacklogisticsautomationporto.com\/pt-pt\/wp-json\/wp\/v2\/posts\/174692\/revisions"}],"predecessor-version":[{"id":174712,"href":"https:\/\/www.empacklogisticsautomationporto.com\/pt-pt\/wp-json\/wp\/v2\/posts\/174692\/revisions\/174712"}],"wp:featuredmedia":[{"embeddable":true,"href":"https:\/\/www.empacklogisticsautomationporto.com\/pt-pt\/wp-json\/wp\/v2\/media\/174698"}],"wp:attachment":[{"href":"https:\/\/www.empacklogisticsautomationporto.com\/pt-pt\/wp-json\/wp\/v2\/media?parent=174692"}],"wp:term":[{"taxonomy":"category","embeddable":true,"href":"https:\/\/www.empacklogisticsautomationporto.com\/pt-pt\/wp-json\/wp\/v2\/categories?post=174692"},{"taxonomy":"post_tag","embeddable":true,"href":"https:\/\/www.empacklogisticsautomationporto.com\/pt-pt\/wp-json\/wp\/v2\/tags?post=174692"},{"taxonomy":"edition","embeddable":true,"href":"https:\/\/www.empacklogisticsautomationporto.com\/pt-pt\/wp-json\/wp\/v2\/edition?post=174692"}],"curies":[{"name":"wp","href":"https:\/\/api.w.org\/{rel}","templated":true}]}}