{"id":175736,"date":"2026-01-08T09:54:53","date_gmt":"2026-01-08T09:54:53","guid":{"rendered":"https:\/\/www.empacklogisticsautomationporto.com\/?p=175736"},"modified":"2026-01-08T09:55:20","modified_gmt":"2026-01-08T09:55:20","slug":"comissao-europeia-lanca-medidas-piloto-para-acelerar-a-economia-circular-com-foco-nos-plasticos","status":"publish","type":"post","link":"https:\/\/www.empacklogisticsautomationporto.com\/pt-pt\/2026\/01\/08\/comissao-europeia-lanca-medidas-piloto-para-acelerar-a-economia-circular-com-foco-nos-plasticos\/","title":{"rendered":"Comiss\u00e3o Europeia lan\u00e7a medidas-piloto para acelerar a economia circular com foco nos pl\u00e1sticos"},"content":{"rendered":"\t\t<div data-elementor-type=\"wp-post\" data-elementor-id=\"175736\" class=\"elementor elementor-175736\" data-elementor-post-type=\"post\">\n\t\t\t\t\t\t<section class=\"elementor-section elementor-top-section elementor-element elementor-element-6c4d399f elementor-section-full_width elementor-section-height-default elementor-section-height-default\" data-id=\"6c4d399f\" data-element_type=\"section\">\n\t\t\t\t\t\t<div class=\"elementor-container elementor-column-gap-default\">\n\t\t\t\t\t<div class=\"elementor-column elementor-col-50 elementor-top-column elementor-element elementor-element-7e8189c8\" data-id=\"7e8189c8\" data-element_type=\"column\">\n\t\t\t<div class=\"elementor-widget-wrap elementor-element-populated\">\n\t\t\t\t\t\t<div class=\"elementor-element elementor-element-5385dc8d elementor-invisible elementor-widget elementor-widget-heading\" data-id=\"5385dc8d\" data-element_type=\"widget\" data-settings=\"{&quot;_animation&quot;:&quot;fadeIn&quot;}\" data-widget_type=\"heading.default\">\n\t\t\t\t<div class=\"elementor-widget-container\">\n\t\t\t\t\t<h1 class=\"elementor-heading-title elementor-size-default\">Comiss\u00e3o Europeia lan\u00e7a medidas-piloto para acelerar a economia circular com foco nos pl\u00e1sticos<\/h1>\t\t\t\t<\/div>\n\t\t\t\t<\/div>\n\t\t\t\t<div class=\"elementor-element elementor-element-4eb7a90d elementor-widget-tablet__width-initial elementor-widget__width-initial elementor-widget elementor-widget-text-editor\" data-id=\"4eb7a90d\" data-element_type=\"widget\" data-settings=\"{&quot;_animation&quot;:&quot;none&quot;}\" data-widget_type=\"text-editor.default\">\n\t\t\t\t<div class=\"elementor-widget-container\">\n\t\t\t\t\t\t\t\t\t<p>A Comiss\u00e3o Europeia apresentou um primeiro conjunto de a\u00e7\u00f5es-piloto destinadas a acelerar a transi\u00e7\u00e3o da Uni\u00e3o Europeia para uma economia circular, com especial incid\u00eancia no setor dos pl\u00e1sticos.<\/p><p>As medidas visam refor\u00e7ar a reciclagem, melhorar o funcionamento do mercado interno e aumentar a competitividade, a autonomia estrat\u00e9gica e a sustentabilidade ambiental da economia europeia.<\/p><p>A iniciativa segue uma abordagem em duas fases. Numa primeira etapa, a Comiss\u00e3o avan\u00e7a com medidas de curto prazo dirigidas a setores sob maior press\u00e3o, em particular a reciclagem de pl\u00e1sticos, procurando simultaneamente estimular o investimento e a inova\u00e7\u00e3o. Numa segunda fase, prevista para 2026, ser\u00e1 apresentada uma Lei da Economia Circular, com medidas horizontais destinadas a melhorar o mercado \u00fanico das mat\u00e9rias-primas secund\u00e1rias.<\/p><p>De acordo com dados do Centro Comum de Investiga\u00e7\u00e3o da Comiss\u00e3o Europeia, solu\u00e7\u00f5es circulares poder\u00e3o permitir reduzir em 45% as emiss\u00f5es com impacto clim\u00e1tico do setor dos pl\u00e1sticos, promover a descarboniza\u00e7\u00e3o do consumo energ\u00e9tico e melhorar a balan\u00e7a comercial europeia em cerca de 18 mil milh\u00f5es de euros por ano at\u00e9 2050.<\/p><h3><strong>Mercado fragmentado e dificuldades no setor da reciclagem<\/strong><\/h3><p>A Comiss\u00e3o identifica v\u00e1rias press\u00f5es estruturais sobre o setor europeu da reciclagem de pl\u00e1sticos, incluindo a fragmenta\u00e7\u00e3o dos mercados de materiais reciclados, os elevados custos energ\u00e9ticos, a volatilidade dos pre\u00e7os do pl\u00e1stico virgem e a concorr\u00eancia de pa\u00edses terceiros. Estas condi\u00e7\u00f5es t\u00eam levado a perdas financeiras e a uma redu\u00e7\u00e3o da utiliza\u00e7\u00e3o da capacidade instalada, colocando em risco as metas europeias de circularidade e a competitividade industrial.<\/p><p>Para responder a estes desafios, o executivo comunit\u00e1rio apresentou um ato de execu\u00e7\u00e3o que estabelece crit\u00e9rios europeus harmonizados de \u201cfim de estatuto de res\u00edduo\u201d para os pl\u00e1sticos, ao abrigo da Diretiva-Quadro dos Res\u00edduos. A medida pretende clarificar quando os materiais reciclados deixam de ser considerados res\u00edduos, facilitando a sua livre circula\u00e7\u00e3o no mercado interno, reduzindo encargos administrativos, em especial para as pequenas e m\u00e9dias empresas, e assegurando um fornecimento est\u00e1vel de reciclados de elevada qualidade. O projeto encontra-se em consulta p\u00fablica at\u00e9 26 de janeiro de 2026.<\/p><p>Foi igualmente apresentado aos Estados-Membros um ato de execu\u00e7\u00e3o relativo ao conte\u00fado reciclado em garrafas de bebidas de pl\u00e1stico PET de uso \u00fanico, no \u00e2mbito da Diretiva dos Pl\u00e1sticos de Uso \u00danico. Esta iniciativa poder\u00e1 criar oportunidades para a reciclagem qu\u00edmica, em complemento da reciclagem mec\u00e2nica, e contribuir para maior seguran\u00e7a jur\u00eddica no investimento neste segmento.<\/p><h3><strong>Concorr\u00eancia justa, investimento e inova\u00e7\u00e3o<\/strong><\/h3><p>Entre as medidas anunciadas consta ainda a cria\u00e7\u00e3o de c\u00f3digos aduaneiros distintos para pl\u00e1sticos virgens e reciclados, permitindo um controlo mais eficaz das importa\u00e7\u00f5es e a aplica\u00e7\u00e3o das regras europeias pelas autoridades aduaneiras e de fiscaliza\u00e7\u00e3o do mercado. A Comiss\u00e3o anunciou tamb\u00e9m que ir\u00e1 refor\u00e7ar a monitoriza\u00e7\u00e3o dos mercados europeu e global de pl\u00e1sticos, avaliando a eventual necessidade de medidas comerciais adicionais ao longo de 2026.<\/p><p>No plano do financiamento, est\u00e1 previsto o refor\u00e7o do apoio a projetos de economia circular, em articula\u00e7\u00e3o com bancos nacionais e com o Banco Europeu de Investimento, bem como o lan\u00e7amento de um projeto-piloto de Hubs Transregionais de Circularidade, destinados a promover a coopera\u00e7\u00e3o transfronteiri\u00e7a e a especializa\u00e7\u00e3o inteligente no setor da reciclagem.<\/p><h3><strong>Avalia\u00e7\u00e3o da Diretiva dos Pl\u00e1sticos de Uso \u00danico<\/strong><\/h3><p>Em paralelo, a Comiss\u00e3o Europeia lan\u00e7ou uma consulta p\u00fablica para avaliar a aplica\u00e7\u00e3o da Diretiva dos Pl\u00e1sticos de Uso \u00danico, analisando o seu impacto na redu\u00e7\u00e3o da polui\u00e7\u00e3o marinha, na prote\u00e7\u00e3o da sa\u00fade humana e na promo\u00e7\u00e3o de uma economia circular e inovadora. A consulta est\u00e1 aberta at\u00e9 17 de mar\u00e7o de 2026.<\/p><p>Em declara\u00e7\u00f5es associadas ao an\u00fancio, a comiss\u00e1ria europeia do Ambiente, Jessika Roswall, afirmou que<strong>\u00a0\u201ca competitividade e a resili\u00eancia da Europa dependem da forma como utilizamos os nossos recursos. Com as medidas apresentadas hoje, estamos a dar passos concretos para apoiar o setor europeu da reciclagem de pl\u00e1sticos e para construir um verdadeiro mercado \u00fanico de materiais circulares. Trata-se de criar oportunidades para a ind\u00fastria europeia, acelerar a transi\u00e7\u00e3o para a circularidade, reduzir depend\u00eancias e garantir que a nossa economia est\u00e1 preparada para o futuro\u201d.<\/strong><\/p><p>J\u00e1 o vice-presidente executivo da Comiss\u00e3o Europeia, St\u00e9phane S\u00e9journ\u00e9, sublinhou que<strong>\u00a0\u201cesta iniciativa ilustra de forma clara a nova estrat\u00e9gia industrial europeia, ao fazer da descarboniza\u00e7\u00e3o industrial uma fonte de competitividade econ\u00f3mica. Ao refor\u00e7ar a economia circular, n\u00e3o s\u00f3 criamos novas oportunidades de neg\u00f3cio em toda a Europa, como tamb\u00e9m fortalecemos o mercado \u00fanico de materiais circulares, com um foco espec\u00edfico nos pl\u00e1sticos, criando as condi\u00e7\u00f5es para um verdadeiro mercado secund\u00e1rio na Uni\u00e3o Europeia\u201d.<\/strong><\/p><p>Atualmente, apenas 12,2% dos materiais utilizados na Uni\u00e3o Europeia prov\u00eam de materiais reciclados, um valor que evidencia a necessidade de acelerar a transi\u00e7\u00e3o. A Comiss\u00e3o reafirma a ambi\u00e7\u00e3o de tornar a UE l\u00edder mundial da economia circular at\u00e9 2030, sendo a futura Lei da Economia Circular um dos principais instrumentos para alcan\u00e7ar esse objetivo.<\/p>\t\t\t\t\t\t\t\t<\/div>\n\t\t\t\t<\/div>\n\t\t\t\t<div class=\"elementor-element elementor-element-bf4d5ca elementor-align-center elementor-widget elementor-widget-button\" data-id=\"bf4d5ca\" data-element_type=\"widget\" data-widget_type=\"button.default\">\n\t\t\t\t<div class=\"elementor-widget-container\">\n\t\t\t\t\t\t\t\t\t<div class=\"elementor-button-wrapper\">\n\t\t\t\t\t<a class=\"elementor-button elementor-button-link elementor-size-md\" href=\"https:\/\/www.revistapackaging.pt\/index.php\/atualidade\/2938-comissao-europeia-lanca-medidas-piloto-para-acelerar-a-economia-circular-com-foco-nos-plasticos\">\n\t\t\t\t\t\t<span class=\"elementor-button-content-wrapper\">\n\t\t\t\t\t\t\t\t\t<span class=\"elementor-button-text\">Leia a not\u00edcia completa<\/span>\n\t\t\t\t\t<\/span>\n\t\t\t\t\t<\/a>\n\t\t\t\t<\/div>\n\t\t\t\t\t\t\t\t<\/div>\n\t\t\t\t<\/div>\n\t\t\t\t\t<\/div>\n\t\t<\/div>\n\t\t\t\t<div class=\"elementor-column elementor-col-50 elementor-top-column elementor-element elementor-element-19dc3572\" data-id=\"19dc3572\" data-element_type=\"column\">\n\t\t\t<div class=\"elementor-widget-wrap elementor-element-populated\">\n\t\t\t\t\t\t<div class=\"elementor-element elementor-element-404ac641 elementor-grid-1 elementor-posts--thumbnail-none elementor-grid-tablet-1 elementor-grid-mobile-1 elementor-widget elementor-widget-posts\" data-id=\"404ac641\" data-element_type=\"widget\" data-settings=\"{&quot;classic_columns&quot;:&quot;1&quot;,&quot;classic_row_gap&quot;:{&quot;unit&quot;:&quot;px&quot;,&quot;size&quot;:&quot;23&quot;,&quot;sizes&quot;:[]},&quot;classic_columns_tablet&quot;:&quot;1&quot;,&quot;_animation&quot;:&quot;none&quot;,&quot;classic_columns_mobile&quot;:&quot;1&quot;,&quot;classic_row_gap_tablet&quot;:{&quot;unit&quot;:&quot;px&quot;,&quot;size&quot;:&quot;&quot;,&quot;sizes&quot;:[]},&quot;classic_row_gap_mobile&quot;:{&quot;unit&quot;:&quot;px&quot;,&quot;size&quot;:&quot;&quot;,&quot;sizes&quot;:[]}}\" data-widget_type=\"posts.classic\">\n\t\t\t\t<div class=\"elementor-widget-container\">\n\t\t\t\t\t\t\t<div class=\"elementor-posts-container elementor-posts elementor-posts--skin-classic elementor-grid\" role=\"list\">\n\t\t\t\t<article class=\"elementor-post elementor-grid-item post-184444 post type-post status-publish format-standard has-post-thumbnail hentry category-notas-de-imprensa tag-abril tag-balanco-feira tag-congresso tag-easyfairs tag-embalagem tag-feira tag-logistica tag-nota-de-imprensa tag-portugal\" role=\"listitem\">\n\t\t\t\t<div class=\"elementor-post__text\">\n\t\t\t\t<h3 class=\"elementor-post__title\">\n\t\t\t<a href=\"https:\/\/www.empacklogisticsautomationporto.com\/pt-pt\/2026\/04\/28\/empack-e-logistics-automation-porto-avanca-para-2027-com-64-do-espaco-ja-reservado\/\" >\n\t\t\t\tEmpack e Logistics &#038; Automation Porto avan\u00e7a para 2027 com 64% do espa\u00e7o j\u00e1 reservado\t\t\t<\/a>\n\t\t<\/h3>\n\t\t\t\t<div class=\"elementor-post__excerpt\">\n\t\t\t<p>Empack e Logistics &amp; Automation Porto avan\u00e7a para 2027 com 64% do espa\u00e7o j\u00e1 reservado D\u00e9cima edi\u00e7\u00e3o da feira profissional representativa dos setores log\u00edstico e<\/p>\n\t\t<\/div>\n\t\t\n\t\t<a class=\"elementor-post__read-more\" href=\"https:\/\/www.empacklogisticsautomationporto.com\/pt-pt\/2026\/04\/28\/empack-e-logistics-automation-porto-avanca-para-2027-com-64-do-espaco-ja-reservado\/\" aria-label=\"Read more about Empack e Logistics &#038; Automation Porto avan\u00e7a para 2027 com 64% do espa\u00e7o j\u00e1 reservado\" tabindex=\"-1\" >\n\t\t\tRead More \u00bb\t\t<\/a>\n\n\t\t\t\t<\/div>\n\t\t\t\t<\/article>\n\t\t\t\t<article class=\"elementor-post elementor-grid-item post-183874 post type-post status-publish format-standard has-post-thumbnail hentry category-blog tag-automacao tag-bruxelas tag-embalagens tag-empack tag-logistica tag-manutencao tag-noticias tag-portugal\" role=\"listitem\">\n\t\t\t\t<div class=\"elementor-post__text\">\n\t\t\t\t<h3 class=\"elementor-post__title\">\n\t\t\t<a href=\"https:\/\/www.empacklogisticsautomationporto.com\/pt-pt\/2026\/04\/01\/bruxelas-clarifica-novas-regras-de-embalagens-para-acelerar-transicao-sustentavel-na-uniao-europeia\/\" >\n\t\t\t\tBruxelas clarifica novas regras de embalagens para acelerar transi\u00e7\u00e3o sustent\u00e1vel na Uni\u00e3o Europeia\t\t\t<\/a>\n\t\t<\/h3>\n\t\t\t\t<div class=\"elementor-post__excerpt\">\n\t\t\t<p>Bruxelas clarifica novas regras de embalagens para acelerar transi\u00e7\u00e3o sustent\u00e1vel na Uni\u00e3o Europeia Comiss\u00e3o Europeia publica orienta\u00e7\u00f5es para aplicar regulamento das embalagens, reduzir res\u00edduos e<\/p>\n\t\t<\/div>\n\t\t\n\t\t<a class=\"elementor-post__read-more\" href=\"https:\/\/www.empacklogisticsautomationporto.com\/pt-pt\/2026\/04\/01\/bruxelas-clarifica-novas-regras-de-embalagens-para-acelerar-transicao-sustentavel-na-uniao-europeia\/\" aria-label=\"Read more about Bruxelas clarifica novas regras de embalagens para acelerar transi\u00e7\u00e3o sustent\u00e1vel na Uni\u00e3o Europeia\" tabindex=\"-1\" >\n\t\t\tRead More \u00bb\t\t<\/a>\n\n\t\t\t\t<\/div>\n\t\t\t\t<\/article>\n\t\t\t\t<article class=\"elementor-post elementor-grid-item post-183860 post type-post status-publish format-standard has-post-thumbnail hentry category-blog tag-automacao tag-empack tag-logistica tag-manutencao tag-noticias tag-portugal tag-sustentabilidade\" role=\"listitem\">\n\t\t\t\t<div class=\"elementor-post__text\">\n\t\t\t\t<h3 class=\"elementor-post__title\">\n\t\t\t<a href=\"https:\/\/www.empacklogisticsautomationporto.com\/pt-pt\/2026\/04\/01\/dossier-sustentabilidade-e-manutencao\/\" >\n\t\t\t\tDossier sustentabilidade e manuten\u00e7\u00e3o\t\t\t<\/a>\n\t\t<\/h3>\n\t\t\t\t<div class=\"elementor-post__excerpt\">\n\t\t\t<p>Dossier sustentabilidade e manuten\u00e7\u00e3o O presente dossier chama a aten\u00e7\u00e3o para uma nova via para a manuten\u00e7\u00e3o: a liga\u00e7\u00e3o entre a manuten\u00e7\u00e3o e a sustentabilidade.<\/p>\n\t\t<\/div>\n\t\t\n\t\t<a class=\"elementor-post__read-more\" href=\"https:\/\/www.empacklogisticsautomationporto.com\/pt-pt\/2026\/04\/01\/dossier-sustentabilidade-e-manutencao\/\" aria-label=\"Read more about Dossier sustentabilidade e manuten\u00e7\u00e3o\" tabindex=\"-1\" >\n\t\t\tRead More \u00bb\t\t<\/a>\n\n\t\t\t\t<\/div>\n\t\t\t\t<\/article>\n\t\t\t\t<article class=\"elementor-post elementor-grid-item post-183838 post type-post status-publish format-standard has-post-thumbnail hentry category-blog tag-decima-edicao tag-domino tag-historias-que-inspiram tag-marque-tdi\" role=\"listitem\">\n\t\t\t\t<div class=\"elementor-post__text\">\n\t\t\t\t<h3 class=\"elementor-post__title\">\n\t\t\t<a href=\"https:\/\/www.empacklogisticsautomationporto.com\/pt-pt\/2026\/04\/01\/historias-que-inspiram-domino\/\" >\n\t\t\t\tHist\u00f3rias que Inspiram &#8211; DOMINO\t\t\t<\/a>\n\t\t<\/h3>\n\t\t\t\t<div class=\"elementor-post__excerpt\">\n\t\t\t<p>Hist\u00f3rias que Inspiram 10 anos de Empack e Logistics &amp; Automation Porto Hist\u00f3rias que Inspiram nasce para celebrar os expositores que estiveram connosco desde o<\/p>\n\t\t<\/div>\n\t\t\n\t\t<a class=\"elementor-post__read-more\" href=\"https:\/\/www.empacklogisticsautomationporto.com\/pt-pt\/2026\/04\/01\/historias-que-inspiram-domino\/\" aria-label=\"Read more about Hist\u00f3rias que Inspiram &#8211; DOMINO\" tabindex=\"-1\" >\n\t\t\tRead More \u00bb\t\t<\/a>\n\n\t\t\t\t<\/div>\n\t\t\t\t<\/article>\n\t\t\t\t<\/div>\n\t\t\n\t\t\t\t\t\t<\/div>\n\t\t\t\t<\/div>\n\t\t\t\t<div class=\"elementor-element elementor-element-1f3f2b92 elementor-widget-divider--view-line elementor-widget elementor-widget-divider\" data-id=\"1f3f2b92\" data-element_type=\"widget\" data-widget_type=\"divider.default\">\n\t\t\t\t<div class=\"elementor-widget-container\">\n\t\t\t\t\t\t\t<div class=\"elementor-divider\">\n\t\t\t<span class=\"elementor-divider-separator\">\n\t\t\t\t\t\t<\/span>\n\t\t<\/div>\n\t\t\t\t\t\t<\/div>\n\t\t\t\t<\/div>\n\t\t\t\t\t<\/div>\n\t\t<\/div>\n\t\t\t\t\t<\/div>\n\t\t<\/section>\n\t\t\t\t<\/div>\n\t\t","protected":false},"excerpt":{"rendered":"<p>Comiss\u00e3o Europeia lan\u00e7a medidas-piloto para acelerar a economia circular com foco nos pl\u00e1sticos A Comiss\u00e3o Europeia apresentou um primeiro conjunto de a\u00e7\u00f5es-piloto destinadas a acelerar a transi\u00e7\u00e3o da Uni\u00e3o Europeia para uma economia circular, com especial incid\u00eancia no setor dos pl\u00e1sticos. As medidas visam refor\u00e7ar a reciclagem, melhorar o funcionamento do mercado interno e aumentar [&hellip;]<\/p>\n","protected":false},"author":1256,"featured_media":175747,"comment_status":"closed","ping_status":"closed","sticky":false,"template":"","format":"standard","meta":{"_seopress_robots_primary_cat":"none","_seopress_titles_title":"Not\u00edcias | Empack e Logistics & Automation Porto","_seopress_titles_desc":"Veja as not\u00edcias dos sectores de embalagem e log\u00edstica em Portugal.","_seopress_robots_index":"","footnotes":""},"categories":[392],"tags":[1912,1911,1910,1448],"edition":[],"class_list":["post-175736","post","type-post","status-publish","format-standard","has-post-thumbnail","hentry","category-blog","tag-comissao-europeia","tag-economia-circular","tag-sustentabilidad","tag-ue"],"_links":{"self":[{"href":"https:\/\/www.empacklogisticsautomationporto.com\/pt-pt\/wp-json\/wp\/v2\/posts\/175736","targetHints":{"allow":["GET"]}}],"collection":[{"href":"https:\/\/www.empacklogisticsautomationporto.com\/pt-pt\/wp-json\/wp\/v2\/posts"}],"about":[{"href":"https:\/\/www.empacklogisticsautomationporto.com\/pt-pt\/wp-json\/wp\/v2\/types\/post"}],"author":[{"embeddable":true,"href":"https:\/\/www.empacklogisticsautomationporto.com\/pt-pt\/wp-json\/wp\/v2\/users\/1256"}],"replies":[{"embeddable":true,"href":"https:\/\/www.empacklogisticsautomationporto.com\/pt-pt\/wp-json\/wp\/v2\/comments?post=175736"}],"version-history":[{"count":5,"href":"https:\/\/www.empacklogisticsautomationporto.com\/pt-pt\/wp-json\/wp\/v2\/posts\/175736\/revisions"}],"predecessor-version":[{"id":175753,"href":"https:\/\/www.empacklogisticsautomationporto.com\/pt-pt\/wp-json\/wp\/v2\/posts\/175736\/revisions\/175753"}],"wp:featuredmedia":[{"embeddable":true,"href":"https:\/\/www.empacklogisticsautomationporto.com\/pt-pt\/wp-json\/wp\/v2\/media\/175747"}],"wp:attachment":[{"href":"https:\/\/www.empacklogisticsautomationporto.com\/pt-pt\/wp-json\/wp\/v2\/media?parent=175736"}],"wp:term":[{"taxonomy":"category","embeddable":true,"href":"https:\/\/www.empacklogisticsautomationporto.com\/pt-pt\/wp-json\/wp\/v2\/categories?post=175736"},{"taxonomy":"post_tag","embeddable":true,"href":"https:\/\/www.empacklogisticsautomationporto.com\/pt-pt\/wp-json\/wp\/v2\/tags?post=175736"},{"taxonomy":"edition","embeddable":true,"href":"https:\/\/www.empacklogisticsautomationporto.com\/pt-pt\/wp-json\/wp\/v2\/edition?post=175736"}],"curies":[{"name":"wp","href":"https:\/\/api.w.org\/{rel}","templated":true}]}}