{"id":175784,"date":"2026-01-08T11:04:56","date_gmt":"2026-01-08T11:04:56","guid":{"rendered":"https:\/\/www.empacklogisticsautomationporto.com\/?p=175784"},"modified":"2026-01-08T11:08:31","modified_gmt":"2026-01-08T11:08:31","slug":"vinhos-do-alentejo-cria-primeira-caixa-de-transporte-feita-de-fitas-de-rotulos-recicladas","status":"publish","type":"post","link":"https:\/\/www.empacklogisticsautomationporto.com\/pt-pt\/2026\/01\/08\/vinhos-do-alentejo-cria-primeira-caixa-de-transporte-feita-de-fitas-de-rotulos-recicladas\/","title":{"rendered":"Vinhos do Alentejo cria primeira caixa de transporte feita de fitas de r\u00f3tulos recicladas"},"content":{"rendered":"\t\t<div data-elementor-type=\"wp-post\" data-elementor-id=\"175784\" class=\"elementor elementor-175784\" data-elementor-post-type=\"post\">\n\t\t\t\t\t\t<section class=\"elementor-section elementor-top-section elementor-element elementor-element-6c4d399f elementor-section-full_width elementor-section-height-default elementor-section-height-default\" data-id=\"6c4d399f\" data-element_type=\"section\">\n\t\t\t\t\t\t<div class=\"elementor-container elementor-column-gap-default\">\n\t\t\t\t\t<div class=\"elementor-column elementor-col-50 elementor-top-column elementor-element elementor-element-7e8189c8\" data-id=\"7e8189c8\" data-element_type=\"column\">\n\t\t\t<div class=\"elementor-widget-wrap elementor-element-populated\">\n\t\t\t\t\t\t<div class=\"elementor-element elementor-element-5385dc8d elementor-invisible elementor-widget elementor-widget-heading\" data-id=\"5385dc8d\" data-element_type=\"widget\" data-settings=\"{&quot;_animation&quot;:&quot;fadeIn&quot;}\" data-widget_type=\"heading.default\">\n\t\t\t\t<div class=\"elementor-widget-container\">\n\t\t\t\t\t<h1 class=\"elementor-heading-title elementor-size-default\">Vinhos do Alentejo cria primeira caixa de transporte feita de fitas de r\u00f3tulos recicladas<\/h1>\t\t\t\t<\/div>\n\t\t\t\t<\/div>\n\t\t\t\t<div class=\"elementor-element elementor-element-4eb7a90d elementor-widget-tablet__width-initial elementor-widget__width-initial elementor-widget elementor-widget-text-editor\" data-id=\"4eb7a90d\" data-element_type=\"widget\" data-settings=\"{&quot;_animation&quot;:&quot;none&quot;}\" data-widget_type=\"text-editor.default\">\n\t\t\t\t<div class=\"elementor-widget-container\">\n\t\t\t\t\t\t\t\t\t<p><em>Projeto pioneiro a n\u00edvel mundial, desenvolvido pela CVRA e Part\u00edcula Verde, d\u00e1 novo destino a toneladas de res\u00edduos e refor\u00e7a a lideran\u00e7a do Alentejo na sustentabilidade vitivin\u00edcola.<\/em><\/p><p>A reciclagem de fitas dos r\u00f3tulos de vinho, que at\u00e9 agora n\u00e3o tinham destino \u00fatil e eram depositadas em aterro, permitiram criar uma caixa de transporte inovadora, num projeto pioneiro no mundo promovido no Alentejo.<\/p><p class=\"text-paragraph\">A nova caixa de transporte de vinho, denominada Re:Boxed, \u00e9 uma iniciativa desenvolvida em parceria pela Comiss\u00e3o Vitivin\u00edcola Regional Alentejana (CVRA) e pela empresa Part\u00edcula Verde.<\/p><p class=\"text-paragraph\">Em comunicado, a CVRA revelou nesta segunda-feira que este \u201cprojeto pioneiro envolve toda a regi\u00e3o\u201d e \u00e9 \u201cin\u00e9dito a n\u00edvel mundial\u201d, apostando na transforma\u00e7\u00e3o de res\u00edduos industriais e evitando a \u201cdeposi\u00e7\u00e3o em aterro de centenas de toneladas de recursos\u201d.<\/p><p class=\"text-paragraph\">A caixa \u00e9 produzida a partir da reciclagem da fita dos r\u00f3tulos de vinho, \u201cum material que at\u00e9 agora n\u00e3o tinha destino \u00fatil\u201d, e foi apresentada recentemente ao p\u00fablico, em Londres, na Inglaterra, no evento Sustainability In Drinks (SID).<\/p><p class=\"text-paragraph\">A embalagem, que a CVRA frisou ser \u201cuma solu\u00e7\u00e3o pr\u00e1tica e mensur\u00e1vel de economia circular\u201d, \u00e9 obtida gra\u00e7as a um processo que \u201ctransforma o papel siliconado utilizado nos r\u00f3tulos em mat\u00e9ria-prima para a ind\u00fastria papeleira, evitando que toneladas de res\u00edduos acabem em aterros ou sejam queimados\u201d.<\/p><p class=\"text-paragraph\">\u201cDesde o in\u00edcio do ano, este projeto dos Vinhos do Alentejo permitiu que 14 toneladas de fita de r\u00f3tulos deixassem de ser descartadas\u201d, adiantou a comiss\u00e3o vitivin\u00edcola.<\/p><p class=\"text-paragraph\">Para a CVRA, o objetivo passa por \u201cdisponibilizar aos produtores do Alentejo, em exclusivo, uma op\u00e7\u00e3o de embalagem de transporte nacional e internacional para as vendas \u2018online\u2019, enoturismos ou concursos de vinhos\u201d.<\/p><p class=\"text-paragraph\">\u201cPara uma ideia mais visual de todo o impacto desta iniciativa, se estendermos as fitas adesivas utilizadas nos r\u00f3tulos de vinhos do Alentejo, s\u00f3 no ano passado, daria o comprimento de 20 mil quil\u00f3metros, o que equivale \u00e0 dist\u00e2ncia entre o Alentejo e a Nova Zel\u00e2ndia\u201d, destacou o diretor de Desenvolvimento Sustent\u00e1vel e I&amp;D (Investiga\u00e7\u00e3o e Desenvolvimento) dos Vinhos do Alentejo, Jo\u00e3o Barroso.<\/p><p class=\"text-paragraph\">O mesmo respons\u00e1vel refor\u00e7ou que, at\u00e9 \u00e0 cria\u00e7\u00e3o da Re:Boxed, as fitas dos r\u00f3tulos dos vinhos eram um material \u201cfrequentemente aterrado ou incinerado\u201d, mas, agora, \u201catrav\u00e9s deste processo, \u00e9 transformado em embalagens, gerando valor e promovendo uma verdadeira economia circular\u201d.<\/p><p class=\"text-paragraph\">O projeto integra o Programa de Sustentabilidade dos Vinhos do Alentejo (PSVA), o qual, desde 2015, coloca o Alentejo na vanguarda da produ\u00e7\u00e3o vitivin\u00edcola sustent\u00e1vel em Portugal e no Mundo.<\/p><p class=\"text-paragraph\">Atualmente, o PSVA conta com mais de 700 membros, representando cerca de 63% da \u00e1rea de vinha do Alentejo e 27 produtores certificados com um selo de produ\u00e7\u00e3o sustent\u00e1vel reconhecido internacionalmente.<\/p><p class=\"text-paragraph\">Com o lan\u00e7amento da nova caixa, para dar \u201cresposta a uma necessidade j\u00e1 identificada\u201d pelo organismo, a CVRA disse ter dado \u201cmais um passo na sustentabilidade do setor vitivin\u00edcola\u201d, com a Part\u00edcula Verde como \u201cparceiro certo para promover mais uma pr\u00e1tica circular\u201d.<\/p><p class=\"text-paragraph\">\u201cEsta iniciativa refor\u00e7a a bandeira da sustentabilidade dos Vinhos do Alentejo e posiciona a regi\u00e3o ao n\u00edvel internacional enquanto um dos maiores exemplos de resili\u00eancia face aos desafios clim\u00e1ticos\u201d, assegurou a comiss\u00e3o vitivin\u00edcola.<\/p><p class=\"text-paragraph\">A CVRA, criada em 1989, \u00e9 respons\u00e1vel pela prote\u00e7\u00e3o e defesa da Denomina\u00e7\u00e3o de Origem Controlada (DOC) Alentejo e da Indica\u00e7\u00e3o Geogr\u00e1fica Alentejano, certifica\u00e7\u00e3o e controlo da origem e qualidade, promo\u00e7\u00e3o e fomento da sustentabilidade dos vinhos e do setor vitivin\u00edcola do Alentejo.<\/p>\t\t\t\t\t\t\t\t<\/div>\n\t\t\t\t<\/div>\n\t\t\t\t<div class=\"elementor-element elementor-element-bf4d5ca elementor-align-center elementor-widget elementor-widget-button\" data-id=\"bf4d5ca\" data-element_type=\"widget\" data-widget_type=\"button.default\">\n\t\t\t\t<div class=\"elementor-widget-container\">\n\t\t\t\t\t\t\t\t\t<div class=\"elementor-button-wrapper\">\n\t\t\t\t\t<a class=\"elementor-button elementor-button-link elementor-size-md\" href=\"https:\/\/jornalptgreen.pt\/noticia\/vinhos-do-alentejo-cria-primeira-caixa-de-transporte-feita-de-fitas-de-rotulos-recicladas\/\">\n\t\t\t\t\t\t<span class=\"elementor-button-content-wrapper\">\n\t\t\t\t\t\t\t\t\t<span class=\"elementor-button-text\">Leia a not\u00edcia completa<\/span>\n\t\t\t\t\t<\/span>\n\t\t\t\t\t<\/a>\n\t\t\t\t<\/div>\n\t\t\t\t\t\t\t\t<\/div>\n\t\t\t\t<\/div>\n\t\t\t\t\t<\/div>\n\t\t<\/div>\n\t\t\t\t<div class=\"elementor-column elementor-col-50 elementor-top-column elementor-element elementor-element-19dc3572\" data-id=\"19dc3572\" data-element_type=\"column\">\n\t\t\t<div class=\"elementor-widget-wrap elementor-element-populated\">\n\t\t\t\t\t\t<div class=\"elementor-element elementor-element-404ac641 elementor-grid-1 elementor-posts--thumbnail-none elementor-grid-tablet-1 elementor-grid-mobile-1 elementor-widget elementor-widget-posts\" data-id=\"404ac641\" data-element_type=\"widget\" data-settings=\"{&quot;classic_columns&quot;:&quot;1&quot;,&quot;classic_row_gap&quot;:{&quot;unit&quot;:&quot;px&quot;,&quot;size&quot;:&quot;23&quot;,&quot;sizes&quot;:[]},&quot;classic_columns_tablet&quot;:&quot;1&quot;,&quot;_animation&quot;:&quot;none&quot;,&quot;classic_columns_mobile&quot;:&quot;1&quot;,&quot;classic_row_gap_tablet&quot;:{&quot;unit&quot;:&quot;px&quot;,&quot;size&quot;:&quot;&quot;,&quot;sizes&quot;:[]},&quot;classic_row_gap_mobile&quot;:{&quot;unit&quot;:&quot;px&quot;,&quot;size&quot;:&quot;&quot;,&quot;sizes&quot;:[]}}\" data-widget_type=\"posts.classic\">\n\t\t\t\t<div class=\"elementor-widget-container\">\n\t\t\t\t\t\t\t<div class=\"elementor-posts-container elementor-posts elementor-posts--skin-classic elementor-grid\" role=\"list\">\n\t\t\t\t<article class=\"elementor-post elementor-grid-item post-184444 post type-post status-publish format-standard has-post-thumbnail hentry category-notas-de-imprensa tag-abril tag-balanco-feira tag-congresso tag-easyfairs tag-embalagem tag-feira tag-logistica tag-nota-de-imprensa tag-portugal\" role=\"listitem\">\n\t\t\t\t<div class=\"elementor-post__text\">\n\t\t\t\t<h3 class=\"elementor-post__title\">\n\t\t\t<a href=\"https:\/\/www.empacklogisticsautomationporto.com\/pt-pt\/2026\/04\/28\/empack-e-logistics-automation-porto-avanca-para-2027-com-64-do-espaco-ja-reservado\/\" >\n\t\t\t\tEmpack e Logistics &#038; Automation Porto avan\u00e7a para 2027 com 64% do espa\u00e7o j\u00e1 reservado\t\t\t<\/a>\n\t\t<\/h3>\n\t\t\t\t<div class=\"elementor-post__excerpt\">\n\t\t\t<p>Empack e Logistics &amp; Automation Porto avan\u00e7a para 2027 com 64% do espa\u00e7o j\u00e1 reservado D\u00e9cima edi\u00e7\u00e3o da feira profissional representativa dos setores log\u00edstico e<\/p>\n\t\t<\/div>\n\t\t\n\t\t<a class=\"elementor-post__read-more\" href=\"https:\/\/www.empacklogisticsautomationporto.com\/pt-pt\/2026\/04\/28\/empack-e-logistics-automation-porto-avanca-para-2027-com-64-do-espaco-ja-reservado\/\" aria-label=\"Read more about Empack e Logistics &#038; Automation Porto avan\u00e7a para 2027 com 64% do espa\u00e7o j\u00e1 reservado\" tabindex=\"-1\" >\n\t\t\tRead More \u00bb\t\t<\/a>\n\n\t\t\t\t<\/div>\n\t\t\t\t<\/article>\n\t\t\t\t<article class=\"elementor-post elementor-grid-item post-183874 post type-post status-publish format-standard has-post-thumbnail hentry category-blog tag-automacao tag-bruxelas tag-embalagens tag-empack tag-logistica tag-manutencao tag-noticias tag-portugal\" role=\"listitem\">\n\t\t\t\t<div class=\"elementor-post__text\">\n\t\t\t\t<h3 class=\"elementor-post__title\">\n\t\t\t<a href=\"https:\/\/www.empacklogisticsautomationporto.com\/pt-pt\/2026\/04\/01\/bruxelas-clarifica-novas-regras-de-embalagens-para-acelerar-transicao-sustentavel-na-uniao-europeia\/\" >\n\t\t\t\tBruxelas clarifica novas regras de embalagens para acelerar transi\u00e7\u00e3o sustent\u00e1vel na Uni\u00e3o Europeia\t\t\t<\/a>\n\t\t<\/h3>\n\t\t\t\t<div class=\"elementor-post__excerpt\">\n\t\t\t<p>Bruxelas clarifica novas regras de embalagens para acelerar transi\u00e7\u00e3o sustent\u00e1vel na Uni\u00e3o Europeia Comiss\u00e3o Europeia publica orienta\u00e7\u00f5es para aplicar regulamento das embalagens, reduzir res\u00edduos e<\/p>\n\t\t<\/div>\n\t\t\n\t\t<a class=\"elementor-post__read-more\" href=\"https:\/\/www.empacklogisticsautomationporto.com\/pt-pt\/2026\/04\/01\/bruxelas-clarifica-novas-regras-de-embalagens-para-acelerar-transicao-sustentavel-na-uniao-europeia\/\" aria-label=\"Read more about Bruxelas clarifica novas regras de embalagens para acelerar transi\u00e7\u00e3o sustent\u00e1vel na Uni\u00e3o Europeia\" tabindex=\"-1\" >\n\t\t\tRead More \u00bb\t\t<\/a>\n\n\t\t\t\t<\/div>\n\t\t\t\t<\/article>\n\t\t\t\t<article class=\"elementor-post elementor-grid-item post-183860 post type-post status-publish format-standard has-post-thumbnail hentry category-blog tag-automacao tag-empack tag-logistica tag-manutencao tag-noticias tag-portugal tag-sustentabilidade\" role=\"listitem\">\n\t\t\t\t<div class=\"elementor-post__text\">\n\t\t\t\t<h3 class=\"elementor-post__title\">\n\t\t\t<a href=\"https:\/\/www.empacklogisticsautomationporto.com\/pt-pt\/2026\/04\/01\/dossier-sustentabilidade-e-manutencao\/\" >\n\t\t\t\tDossier sustentabilidade e manuten\u00e7\u00e3o\t\t\t<\/a>\n\t\t<\/h3>\n\t\t\t\t<div class=\"elementor-post__excerpt\">\n\t\t\t<p>Dossier sustentabilidade e manuten\u00e7\u00e3o O presente dossier chama a aten\u00e7\u00e3o para uma nova via para a manuten\u00e7\u00e3o: a liga\u00e7\u00e3o entre a manuten\u00e7\u00e3o e a sustentabilidade.<\/p>\n\t\t<\/div>\n\t\t\n\t\t<a class=\"elementor-post__read-more\" href=\"https:\/\/www.empacklogisticsautomationporto.com\/pt-pt\/2026\/04\/01\/dossier-sustentabilidade-e-manutencao\/\" aria-label=\"Read more about Dossier sustentabilidade e manuten\u00e7\u00e3o\" tabindex=\"-1\" >\n\t\t\tRead More \u00bb\t\t<\/a>\n\n\t\t\t\t<\/div>\n\t\t\t\t<\/article>\n\t\t\t\t<article class=\"elementor-post elementor-grid-item post-183838 post type-post status-publish format-standard has-post-thumbnail hentry category-blog tag-decima-edicao tag-domino tag-historias-que-inspiram tag-marque-tdi\" role=\"listitem\">\n\t\t\t\t<div class=\"elementor-post__text\">\n\t\t\t\t<h3 class=\"elementor-post__title\">\n\t\t\t<a href=\"https:\/\/www.empacklogisticsautomationporto.com\/pt-pt\/2026\/04\/01\/historias-que-inspiram-domino\/\" >\n\t\t\t\tHist\u00f3rias que Inspiram &#8211; DOMINO\t\t\t<\/a>\n\t\t<\/h3>\n\t\t\t\t<div class=\"elementor-post__excerpt\">\n\t\t\t<p>Hist\u00f3rias que Inspiram 10 anos de Empack e Logistics &amp; Automation Porto Hist\u00f3rias que Inspiram nasce para celebrar os expositores que estiveram connosco desde o<\/p>\n\t\t<\/div>\n\t\t\n\t\t<a class=\"elementor-post__read-more\" href=\"https:\/\/www.empacklogisticsautomationporto.com\/pt-pt\/2026\/04\/01\/historias-que-inspiram-domino\/\" aria-label=\"Read more about Hist\u00f3rias que Inspiram &#8211; DOMINO\" tabindex=\"-1\" >\n\t\t\tRead More \u00bb\t\t<\/a>\n\n\t\t\t\t<\/div>\n\t\t\t\t<\/article>\n\t\t\t\t<\/div>\n\t\t\n\t\t\t\t\t\t<\/div>\n\t\t\t\t<\/div>\n\t\t\t\t<div class=\"elementor-element elementor-element-1f3f2b92 elementor-widget-divider--view-line elementor-widget elementor-widget-divider\" data-id=\"1f3f2b92\" data-element_type=\"widget\" data-widget_type=\"divider.default\">\n\t\t\t\t<div class=\"elementor-widget-container\">\n\t\t\t\t\t\t\t<div class=\"elementor-divider\">\n\t\t\t<span class=\"elementor-divider-separator\">\n\t\t\t\t\t\t<\/span>\n\t\t<\/div>\n\t\t\t\t\t\t<\/div>\n\t\t\t\t<\/div>\n\t\t\t\t\t<\/div>\n\t\t<\/div>\n\t\t\t\t\t<\/div>\n\t\t<\/section>\n\t\t\t\t<\/div>\n\t\t","protected":false},"excerpt":{"rendered":"<p>Vinhos do Alentejo cria primeira caixa de transporte feita de fitas de r\u00f3tulos recicladas Projeto pioneiro a n\u00edvel mundial, desenvolvido pela CVRA e Part\u00edcula Verde, d\u00e1 novo destino a toneladas de res\u00edduos e refor\u00e7a a lideran\u00e7a do Alentejo na sustentabilidade vitivin\u00edcola. A reciclagem de fitas dos r\u00f3tulos de vinho, que at\u00e9 agora n\u00e3o tinham destino [&hellip;]<\/p>\n","protected":false},"author":1256,"featured_media":175790,"comment_status":"closed","ping_status":"closed","sticky":false,"template":"","format":"standard","meta":{"_seopress_robots_primary_cat":"none","_seopress_titles_title":"Not\u00edcias | Empack e Logistics & Automation Porto","_seopress_titles_desc":"Veja as not\u00edcias dos sectores de embalagem e log\u00edstica em Portugal.","_seopress_robots_index":"","footnotes":""},"categories":[392],"tags":[1921,1923,1922,1924,1920],"edition":[],"class_list":["post-175784","post","type-post","status-publish","format-standard","has-post-thumbnail","hentry","category-blog","tag-caixa-de-transporte","tag-cvra","tag-fitas-de-rotulos-recicladas","tag-particula-verde","tag-vinhos-do-alentejo"],"_links":{"self":[{"href":"https:\/\/www.empacklogisticsautomationporto.com\/pt-pt\/wp-json\/wp\/v2\/posts\/175784","targetHints":{"allow":["GET"]}}],"collection":[{"href":"https:\/\/www.empacklogisticsautomationporto.com\/pt-pt\/wp-json\/wp\/v2\/posts"}],"about":[{"href":"https:\/\/www.empacklogisticsautomationporto.com\/pt-pt\/wp-json\/wp\/v2\/types\/post"}],"author":[{"embeddable":true,"href":"https:\/\/www.empacklogisticsautomationporto.com\/pt-pt\/wp-json\/wp\/v2\/users\/1256"}],"replies":[{"embeddable":true,"href":"https:\/\/www.empacklogisticsautomationporto.com\/pt-pt\/wp-json\/wp\/v2\/comments?post=175784"}],"version-history":[{"count":5,"href":"https:\/\/www.empacklogisticsautomationporto.com\/pt-pt\/wp-json\/wp\/v2\/posts\/175784\/revisions"}],"predecessor-version":[{"id":175796,"href":"https:\/\/www.empacklogisticsautomationporto.com\/pt-pt\/wp-json\/wp\/v2\/posts\/175784\/revisions\/175796"}],"wp:featuredmedia":[{"embeddable":true,"href":"https:\/\/www.empacklogisticsautomationporto.com\/pt-pt\/wp-json\/wp\/v2\/media\/175790"}],"wp:attachment":[{"href":"https:\/\/www.empacklogisticsautomationporto.com\/pt-pt\/wp-json\/wp\/v2\/media?parent=175784"}],"wp:term":[{"taxonomy":"category","embeddable":true,"href":"https:\/\/www.empacklogisticsautomationporto.com\/pt-pt\/wp-json\/wp\/v2\/categories?post=175784"},{"taxonomy":"post_tag","embeddable":true,"href":"https:\/\/www.empacklogisticsautomationporto.com\/pt-pt\/wp-json\/wp\/v2\/tags?post=175784"},{"taxonomy":"edition","embeddable":true,"href":"https:\/\/www.empacklogisticsautomationporto.com\/pt-pt\/wp-json\/wp\/v2\/edition?post=175784"}],"curies":[{"name":"wp","href":"https:\/\/api.w.org\/{rel}","templated":true}]}}