{"id":181838,"date":"2026-03-03T15:03:10","date_gmt":"2026-03-03T15:03:10","guid":{"rendered":"https:\/\/www.empacklogisticsautomationporto.com\/?p=181838"},"modified":"2026-03-04T09:16:14","modified_gmt":"2026-03-04T09:16:14","slug":"a-nova-era-do-imobiliario-logistico-em-portugal-logicor-junta-se-como-event-partner","status":"publish","type":"post","link":"https:\/\/www.empacklogisticsautomationporto.com\/pt-pt\/2026\/03\/03\/a-nova-era-do-imobiliario-logistico-em-portugal-logicor-junta-se-como-event-partner\/","title":{"rendered":"A Nova Era do Imobili\u00e1rio Log\u00edstico em Portugal: Logicor junta-se como Event Partner"},"content":{"rendered":"\t\t<div data-elementor-type=\"wp-post\" data-elementor-id=\"181838\" class=\"elementor elementor-181838\" data-elementor-post-type=\"post\">\n\t\t\t\t\t\t<section class=\"elementor-section elementor-top-section elementor-element elementor-element-6c4d399f elementor-section-full_width elementor-section-height-default elementor-section-height-default\" data-id=\"6c4d399f\" data-element_type=\"section\">\n\t\t\t\t\t\t<div class=\"elementor-container elementor-column-gap-default\">\n\t\t\t\t\t<div class=\"elementor-column elementor-col-50 elementor-top-column elementor-element elementor-element-7e8189c8\" data-id=\"7e8189c8\" data-element_type=\"column\">\n\t\t\t<div class=\"elementor-widget-wrap elementor-element-populated\">\n\t\t\t\t\t\t<div class=\"elementor-element elementor-element-5385dc8d elementor-invisible elementor-widget elementor-widget-heading\" data-id=\"5385dc8d\" data-element_type=\"widget\" data-settings=\"{&quot;_animation&quot;:&quot;fadeIn&quot;}\" data-widget_type=\"heading.default\">\n\t\t\t\t<div class=\"elementor-widget-container\">\n\t\t\t\t\t<h1 class=\"elementor-heading-title elementor-size-default\">A Nova Era do Imobili\u00e1rio Log\u00edstico em Portugal: Logicor junta-se como Event Partner<\/h1>\t\t\t\t<\/div>\n\t\t\t\t<\/div>\n\t\t\t\t<div class=\"elementor-element elementor-element-4eb7a90d elementor-widget-tablet__width-initial elementor-widget__width-initial elementor-widget elementor-widget-text-editor\" data-id=\"4eb7a90d\" data-element_type=\"widget\" data-settings=\"{&quot;_animation&quot;:&quot;none&quot;}\" data-widget_type=\"text-editor.default\">\n\t\t\t\t<div class=\"elementor-widget-container\">\n\t\t\t\t\t\t\t\t\t<p>A pr\u00f3xima edi\u00e7\u00e3o da Empack and Logistics &amp; Automation Porto ter\u00e1 o privil\u00e9gio de contar com a presen\u00e7a da Logicor, que assume o papel de Event Partner. O envolvimento de players de refer\u00eancia neste evento, sublinha o momento decisivo que o imobili\u00e1rio log\u00edstico e industrial atravessa em Portugal, um pa\u00eds que deixou definitivamente de ser considerado um mercado perif\u00e9rico para se afirmar como um destino estrat\u00e9gico e priorit\u00e1rio para o investimento core europeu.<\/p><p>Atualmente, as tend\u00eancias e os desafios do setor s\u00e3o ditados por um profundo desequil\u00edbrio estrutural entre a forte procura por parte das empresas e a evidente falta de oferta qualificada. Os operadores deparam-se com uma escassez cr\u00f3nica de terrenos que ofere\u00e7am viabilidade construtiva imediata, um obst\u00e1culo que se faz sentir com particular intensidade nas zonas de maior press\u00e3o, nomeadamente nos eixos prime das \u00e1reas metropolitanas de Lisboa e do Porto. A esta limita\u00e7\u00e3o f\u00edsica junta-se a morosidade e a complexidade dos processos de licenciamento, fatores que condicionam fortemente a disponibilidade de novo produto pronto a ocupar e exigem um repensar urgente da organiza\u00e7\u00e3o territorial e da estrat\u00e9gia de crescimento log\u00edstico.<\/p><p>\u00c9 perante esta conjuntura de fraca elasticidade que a interven\u00e7\u00e3o da Logicor tem sido determinante para a evolu\u00e7\u00e3o e maior institucionaliza\u00e7\u00e3o do mercado nacional. Em vez de centrar a sua expans\u00e3o na procura de solos virgens para edifica\u00e7\u00e3o de raiz, a empresa tem direcionado o seu esfor\u00e7o financeiro e t\u00e9cnico para a gest\u00e3o ativa e requalifica\u00e7\u00e3o profunda do portf\u00f3lio j\u00e1 existente.<\/p><p>Ao focar-se na transforma\u00e7\u00e3o de brownfields em propriedades de classe A, a Logicor lidera a transi\u00e7\u00e3o da era do &#8220;armaz\u00e9m b\u00e1sico&#8221; para infraestruturas de alto rendimento. Esta moderniza\u00e7\u00e3o reflete-se na implementa\u00e7\u00e3o de padr\u00f5es internacionais exigentes, que incluem o aumento dos p\u00e9s-direitos livres, a otimiza\u00e7\u00e3o da efici\u00eancia dos cais e a aplica\u00e7\u00e3o de pavimentos de alta resist\u00eancia, garantindo que o valor do im\u00f3vel \u00e9 ditado pela sua real efici\u00eancia operacional e n\u00e3o apenas pela sua localiza\u00e7\u00e3o geogr\u00e1fica.<\/p><p>Paralelamente \u00e0 moderniza\u00e7\u00e3o f\u00edsica dos edif\u00edcios, a empresa contribui para a reconfigura\u00e7\u00e3o da malha log\u00edstica nacional apostando em modelos de proximidade. Atrav\u00e9s da cria\u00e7\u00e3o e consolida\u00e7\u00e3o de hubs regionais estrategicamente distribu\u00eddos &#8211; com presen\u00e7a em localiza\u00e7\u00f5es como Canelas, Santo Tirso (Parque Ermida), Palmela, Montijo e Castanheira do Ribatejo -, torna-se poss\u00edvel descentralizar as opera\u00e7\u00f5es de forma inteligente. Esta rede diversificada permite aproximar os bens de consumo das popula\u00e7\u00f5es, otimizando de forma dr\u00e1stica os tempos de transporte e protegendo as cadeias de abastecimento contra eventuais choques externos, o que garante uma capacidade de resposta e de entrega muito mais r\u00e1pida e resiliente em todo o territ\u00f3rio nacional.<\/p><p>Adicionalmente, o contributo da Logicor para a sofistica\u00e7\u00e3o do setor espelha-se na forma rigorosa como integra os crit\u00e9rios ESG na sua opera\u00e7\u00e3o, tratando a sustentabilidade como um imperativo de liquidez e prote\u00e7\u00e3o de valor a longo prazo, rejeitando a sua utiliza\u00e7\u00e3o como mera ferramenta de marketing. Num mercado de capitais cada vez mais escrutinador e exigente, a aposta em<\/p><p>certifica\u00e7\u00f5es de excel\u00eancia como a BREEAM Excellent, aliada \u00e0 instala\u00e7\u00e3o de pain\u00e9is solares, ilumina\u00e7\u00e3o LED e sistemas de gest\u00e3o inteligente de energia, atua como uma salvaguarda fiduci\u00e1ria contra o risco de os edif\u00edcios perderem atratividade e se tornarem obsoletos. Esta estrat\u00e9gia proativa de antecipa\u00e7\u00e3o regulat\u00f3ria (future-proofing) antecipa as r\u00edgidas normativas ambientais europeias e j\u00e1 apresenta resultados concretos, vis\u00edveis na redu\u00e7\u00e3o de 34% das emiss\u00f5es de gases com efeito de estufa por metro quadrado at\u00e9 2024, mantendo-se o plano ambicioso de alcan\u00e7ar os 36% at\u00e9 2030.<\/p><p>Demonstra-se, assim, que liderar a log\u00edstica de hoje implica gerir a escassez com intelig\u00eancia, transformando desafios em valor econ\u00f3mico e em infraestruturas log\u00edsticas cr\u00edticas para o desenvolvimento do pa\u00eds.<\/p>\t\t\t\t\t\t\t\t<\/div>\n\t\t\t\t<\/div>\n\t\t\t\t\t<\/div>\n\t\t<\/div>\n\t\t\t\t<div class=\"elementor-column elementor-col-50 elementor-top-column elementor-element elementor-element-19dc3572\" data-id=\"19dc3572\" data-element_type=\"column\">\n\t\t\t<div class=\"elementor-widget-wrap elementor-element-populated\">\n\t\t\t\t\t\t<div class=\"elementor-element elementor-element-404ac641 elementor-grid-1 elementor-posts--thumbnail-none elementor-grid-tablet-1 elementor-grid-mobile-1 elementor-widget elementor-widget-posts\" data-id=\"404ac641\" data-element_type=\"widget\" data-settings=\"{&quot;classic_columns&quot;:&quot;1&quot;,&quot;classic_row_gap&quot;:{&quot;unit&quot;:&quot;px&quot;,&quot;size&quot;:&quot;23&quot;,&quot;sizes&quot;:[]},&quot;classic_columns_tablet&quot;:&quot;1&quot;,&quot;_animation&quot;:&quot;none&quot;,&quot;classic_columns_mobile&quot;:&quot;1&quot;,&quot;classic_row_gap_tablet&quot;:{&quot;unit&quot;:&quot;px&quot;,&quot;size&quot;:&quot;&quot;,&quot;sizes&quot;:[]},&quot;classic_row_gap_mobile&quot;:{&quot;unit&quot;:&quot;px&quot;,&quot;size&quot;:&quot;&quot;,&quot;sizes&quot;:[]}}\" data-widget_type=\"posts.classic\">\n\t\t\t\t<div class=\"elementor-widget-container\">\n\t\t\t\t\t\t\t<div class=\"elementor-posts-container elementor-posts elementor-posts--skin-classic elementor-grid\" role=\"list\">\n\t\t\t\t<article class=\"elementor-post elementor-grid-item post-184444 post type-post status-publish format-standard has-post-thumbnail hentry category-notas-de-imprensa tag-abril tag-balanco-feira tag-congresso tag-easyfairs tag-embalagem tag-feira tag-logistica tag-nota-de-imprensa tag-portugal\" role=\"listitem\">\n\t\t\t\t<div class=\"elementor-post__text\">\n\t\t\t\t<h3 class=\"elementor-post__title\">\n\t\t\t<a href=\"https:\/\/www.empacklogisticsautomationporto.com\/pt-pt\/2026\/04\/28\/empack-e-logistics-automation-porto-avanca-para-2027-com-64-do-espaco-ja-reservado\/\" >\n\t\t\t\tEmpack e Logistics &#038; Automation Porto avan\u00e7a para 2027 com 64% do espa\u00e7o j\u00e1 reservado\t\t\t<\/a>\n\t\t<\/h3>\n\t\t\t\t<div class=\"elementor-post__excerpt\">\n\t\t\t<p>Empack e Logistics &amp; Automation Porto avan\u00e7a para 2027 com 64% do espa\u00e7o j\u00e1 reservado D\u00e9cima edi\u00e7\u00e3o da feira profissional representativa dos setores log\u00edstico e<\/p>\n\t\t<\/div>\n\t\t\n\t\t<a class=\"elementor-post__read-more\" href=\"https:\/\/www.empacklogisticsautomationporto.com\/pt-pt\/2026\/04\/28\/empack-e-logistics-automation-porto-avanca-para-2027-com-64-do-espaco-ja-reservado\/\" aria-label=\"Read more about Empack e Logistics &#038; Automation Porto avan\u00e7a para 2027 com 64% do espa\u00e7o j\u00e1 reservado\" tabindex=\"-1\" >\n\t\t\tRead More \u00bb\t\t<\/a>\n\n\t\t\t\t<\/div>\n\t\t\t\t<\/article>\n\t\t\t\t<article class=\"elementor-post elementor-grid-item post-183874 post type-post status-publish format-standard has-post-thumbnail hentry category-blog tag-automacao tag-bruxelas tag-embalagens tag-empack tag-logistica tag-manutencao tag-noticias tag-portugal\" role=\"listitem\">\n\t\t\t\t<div class=\"elementor-post__text\">\n\t\t\t\t<h3 class=\"elementor-post__title\">\n\t\t\t<a href=\"https:\/\/www.empacklogisticsautomationporto.com\/pt-pt\/2026\/04\/01\/bruxelas-clarifica-novas-regras-de-embalagens-para-acelerar-transicao-sustentavel-na-uniao-europeia\/\" >\n\t\t\t\tBruxelas clarifica novas regras de embalagens para acelerar transi\u00e7\u00e3o sustent\u00e1vel na Uni\u00e3o Europeia\t\t\t<\/a>\n\t\t<\/h3>\n\t\t\t\t<div class=\"elementor-post__excerpt\">\n\t\t\t<p>Bruxelas clarifica novas regras de embalagens para acelerar transi\u00e7\u00e3o sustent\u00e1vel na Uni\u00e3o Europeia Comiss\u00e3o Europeia publica orienta\u00e7\u00f5es para aplicar regulamento das embalagens, reduzir res\u00edduos e<\/p>\n\t\t<\/div>\n\t\t\n\t\t<a class=\"elementor-post__read-more\" href=\"https:\/\/www.empacklogisticsautomationporto.com\/pt-pt\/2026\/04\/01\/bruxelas-clarifica-novas-regras-de-embalagens-para-acelerar-transicao-sustentavel-na-uniao-europeia\/\" aria-label=\"Read more about Bruxelas clarifica novas regras de embalagens para acelerar transi\u00e7\u00e3o sustent\u00e1vel na Uni\u00e3o Europeia\" tabindex=\"-1\" >\n\t\t\tRead More \u00bb\t\t<\/a>\n\n\t\t\t\t<\/div>\n\t\t\t\t<\/article>\n\t\t\t\t<article class=\"elementor-post elementor-grid-item post-183860 post type-post status-publish format-standard has-post-thumbnail hentry category-blog tag-automacao tag-empack tag-logistica tag-manutencao tag-noticias tag-portugal tag-sustentabilidade\" role=\"listitem\">\n\t\t\t\t<div class=\"elementor-post__text\">\n\t\t\t\t<h3 class=\"elementor-post__title\">\n\t\t\t<a href=\"https:\/\/www.empacklogisticsautomationporto.com\/pt-pt\/2026\/04\/01\/dossier-sustentabilidade-e-manutencao\/\" >\n\t\t\t\tDossier sustentabilidade e manuten\u00e7\u00e3o\t\t\t<\/a>\n\t\t<\/h3>\n\t\t\t\t<div class=\"elementor-post__excerpt\">\n\t\t\t<p>Dossier sustentabilidade e manuten\u00e7\u00e3o O presente dossier chama a aten\u00e7\u00e3o para uma nova via para a manuten\u00e7\u00e3o: a liga\u00e7\u00e3o entre a manuten\u00e7\u00e3o e a sustentabilidade.<\/p>\n\t\t<\/div>\n\t\t\n\t\t<a class=\"elementor-post__read-more\" href=\"https:\/\/www.empacklogisticsautomationporto.com\/pt-pt\/2026\/04\/01\/dossier-sustentabilidade-e-manutencao\/\" aria-label=\"Read more about Dossier sustentabilidade e manuten\u00e7\u00e3o\" tabindex=\"-1\" >\n\t\t\tRead More \u00bb\t\t<\/a>\n\n\t\t\t\t<\/div>\n\t\t\t\t<\/article>\n\t\t\t\t<article class=\"elementor-post elementor-grid-item post-183838 post type-post status-publish format-standard has-post-thumbnail hentry category-blog tag-decima-edicao tag-domino tag-historias-que-inspiram tag-marque-tdi\" role=\"listitem\">\n\t\t\t\t<div class=\"elementor-post__text\">\n\t\t\t\t<h3 class=\"elementor-post__title\">\n\t\t\t<a href=\"https:\/\/www.empacklogisticsautomationporto.com\/pt-pt\/2026\/04\/01\/historias-que-inspiram-domino\/\" >\n\t\t\t\tHist\u00f3rias que Inspiram &#8211; DOMINO\t\t\t<\/a>\n\t\t<\/h3>\n\t\t\t\t<div class=\"elementor-post__excerpt\">\n\t\t\t<p>Hist\u00f3rias que Inspiram 10 anos de Empack e Logistics &amp; Automation Porto Hist\u00f3rias que Inspiram nasce para celebrar os expositores que estiveram connosco desde o<\/p>\n\t\t<\/div>\n\t\t\n\t\t<a class=\"elementor-post__read-more\" href=\"https:\/\/www.empacklogisticsautomationporto.com\/pt-pt\/2026\/04\/01\/historias-que-inspiram-domino\/\" aria-label=\"Read more about Hist\u00f3rias que Inspiram &#8211; DOMINO\" tabindex=\"-1\" >\n\t\t\tRead More \u00bb\t\t<\/a>\n\n\t\t\t\t<\/div>\n\t\t\t\t<\/article>\n\t\t\t\t<\/div>\n\t\t\n\t\t\t\t\t\t<\/div>\n\t\t\t\t<\/div>\n\t\t\t\t<div class=\"elementor-element elementor-element-1f3f2b92 elementor-widget-divider--view-line elementor-widget elementor-widget-divider\" data-id=\"1f3f2b92\" data-element_type=\"widget\" data-widget_type=\"divider.default\">\n\t\t\t\t<div class=\"elementor-widget-container\">\n\t\t\t\t\t\t\t<div class=\"elementor-divider\">\n\t\t\t<span class=\"elementor-divider-separator\">\n\t\t\t\t\t\t<\/span>\n\t\t<\/div>\n\t\t\t\t\t\t<\/div>\n\t\t\t\t<\/div>\n\t\t\t\t\t<\/div>\n\t\t<\/div>\n\t\t\t\t\t<\/div>\n\t\t<\/section>\n\t\t\t\t<\/div>\n\t\t","protected":false},"excerpt":{"rendered":"<p>A Nova Era do Imobili\u00e1rio Log\u00edstico em Portugal: Logicor junta-se como Event Partner A pr\u00f3xima edi\u00e7\u00e3o da Empack and Logistics &amp; Automation Porto ter\u00e1 o privil\u00e9gio de contar com a presen\u00e7a da Logicor, que assume o papel de Event Partner. O envolvimento de players de refer\u00eancia neste evento, sublinha o momento decisivo que o imobili\u00e1rio [&hellip;]<\/p>\n","protected":false},"author":1256,"featured_media":181849,"comment_status":"closed","ping_status":"closed","sticky":false,"template":"","format":"standard","meta":{"_seopress_robots_primary_cat":"none","_seopress_titles_title":"Not\u00edcias | Empack e Logistics & Automation Porto","_seopress_titles_desc":"Veja as not\u00edcias dos sectores de embalagem e log\u00edstica em Portugal.","_seopress_robots_index":"","footnotes":""},"categories":[392],"tags":[1985,1983,1986,1984,1176],"edition":[],"class_list":["post-181838","post","type-post","status-publish","format-standard","has-post-thumbnail","hentry","category-blog","tag-event-partner","tag-lib","tag-logicor","tag-logistic-and-industrial-build","tag-porto"],"_links":{"self":[{"href":"https:\/\/www.empacklogisticsautomationporto.com\/pt-pt\/wp-json\/wp\/v2\/posts\/181838","targetHints":{"allow":["GET"]}}],"collection":[{"href":"https:\/\/www.empacklogisticsautomationporto.com\/pt-pt\/wp-json\/wp\/v2\/posts"}],"about":[{"href":"https:\/\/www.empacklogisticsautomationporto.com\/pt-pt\/wp-json\/wp\/v2\/types\/post"}],"author":[{"embeddable":true,"href":"https:\/\/www.empacklogisticsautomationporto.com\/pt-pt\/wp-json\/wp\/v2\/users\/1256"}],"replies":[{"embeddable":true,"href":"https:\/\/www.empacklogisticsautomationporto.com\/pt-pt\/wp-json\/wp\/v2\/comments?post=181838"}],"version-history":[{"count":5,"href":"https:\/\/www.empacklogisticsautomationporto.com\/pt-pt\/wp-json\/wp\/v2\/posts\/181838\/revisions"}],"predecessor-version":[{"id":181855,"href":"https:\/\/www.empacklogisticsautomationporto.com\/pt-pt\/wp-json\/wp\/v2\/posts\/181838\/revisions\/181855"}],"wp:featuredmedia":[{"embeddable":true,"href":"https:\/\/www.empacklogisticsautomationporto.com\/pt-pt\/wp-json\/wp\/v2\/media\/181849"}],"wp:attachment":[{"href":"https:\/\/www.empacklogisticsautomationporto.com\/pt-pt\/wp-json\/wp\/v2\/media?parent=181838"}],"wp:term":[{"taxonomy":"category","embeddable":true,"href":"https:\/\/www.empacklogisticsautomationporto.com\/pt-pt\/wp-json\/wp\/v2\/categories?post=181838"},{"taxonomy":"post_tag","embeddable":true,"href":"https:\/\/www.empacklogisticsautomationporto.com\/pt-pt\/wp-json\/wp\/v2\/tags?post=181838"},{"taxonomy":"edition","embeddable":true,"href":"https:\/\/www.empacklogisticsautomationporto.com\/pt-pt\/wp-json\/wp\/v2\/edition?post=181838"}],"curies":[{"name":"wp","href":"https:\/\/api.w.org\/{rel}","templated":true}]}}