{"id":184444,"date":"2026-04-28T16:11:10","date_gmt":"2026-04-28T15:11:10","guid":{"rendered":"https:\/\/www.empacklogisticsautomationporto.com\/?p=184444"},"modified":"2026-04-28T16:16:23","modified_gmt":"2026-04-28T15:16:23","slug":"empack-e-logistics-automation-porto-avanca-para-2027-com-64-do-espaco-ja-reservado","status":"publish","type":"post","link":"https:\/\/www.empacklogisticsautomationporto.com\/pt-pt\/2026\/04\/28\/empack-e-logistics-automation-porto-avanca-para-2027-com-64-do-espaco-ja-reservado\/","title":{"rendered":"Empack e Logistics &#038; Automation Porto avan\u00e7a para 2027 com 64% do espa\u00e7o j\u00e1 reservado"},"content":{"rendered":"\t\t<div data-elementor-type=\"wp-post\" data-elementor-id=\"184444\" class=\"elementor elementor-184444\" data-elementor-post-type=\"post\">\n\t\t\t\t\t\t<section class=\"elementor-section elementor-top-section elementor-element elementor-element-6c4d399f elementor-section-full_width elementor-section-height-default elementor-section-height-default\" data-id=\"6c4d399f\" data-element_type=\"section\">\n\t\t\t\t\t\t<div class=\"elementor-container elementor-column-gap-default\">\n\t\t\t\t\t<div class=\"elementor-column elementor-col-50 elementor-top-column elementor-element elementor-element-7e8189c8\" data-id=\"7e8189c8\" data-element_type=\"column\">\n\t\t\t<div class=\"elementor-widget-wrap elementor-element-populated\">\n\t\t\t\t\t\t<div class=\"elementor-element elementor-element-5385dc8d elementor-invisible elementor-widget elementor-widget-heading\" data-id=\"5385dc8d\" data-element_type=\"widget\" data-settings=\"{&quot;_animation&quot;:&quot;fadeIn&quot;}\" data-widget_type=\"heading.default\">\n\t\t\t\t<div class=\"elementor-widget-container\">\n\t\t\t\t\t<h1 class=\"elementor-heading-title elementor-size-default\">Empack e Logistics &amp; Automation Porto avan\u00e7a para 2027 com 64% do espa\u00e7o j\u00e1 reservado \n<\/h1>\t\t\t\t<\/div>\n\t\t\t\t<\/div>\n\t\t\t\t<div class=\"elementor-element elementor-element-e15edc7 elementor-widget elementor-widget-text-editor\" data-id=\"e15edc7\" data-element_type=\"widget\" data-settings=\"{&quot;_animation&quot;:&quot;none&quot;}\" data-widget_type=\"text-editor.default\">\n\t\t\t\t<div class=\"elementor-widget-container\">\n\t\t\t\t\t\t\t\t\t<p><u>D<\/u><u>\u00e9cima edi\u00e7\u00e3o da feira profissional representativa dos setores log\u00edstico e de embalagem portugueses recebeu cerca de tr\u00eas mil visitantes profissionais. Em 2027, o certame decorrer\u00e1 a 28 e 29 de abril<\/u><\/p><p>Um exoesqueleto t\u00eaxtil que providencia suporte biomec\u00e2nico para o levantamento de cargas ou gestos laborais repetidos e com posturas inclinadas; uma solu\u00e7\u00e3o automatizada de \u00faltima gera\u00e7\u00e3o para <em>picking <\/em>que usa intelig\u00eancia artificial para ensinar e otimizar o sistema em tempo real; ou uma simples embalagem, \u00fanica, adapt\u00e1vel a v\u00e1rios contextos e produtos, recicl\u00e1vel, empilh\u00e1vel, anticorrosiva e capaz de proteger desde os conte\u00fados mais robustos aos mais delicados &#8211; foram apenas algumas das novidades que fizeram parte de um sem n\u00famero de outros avan\u00e7os t\u00e9cnicos ou tecnol\u00f3gicos (alguns pequenos em dimens\u00e3o, mas de grande impacto na efici\u00eancia produtiva e na cadeia de valor da fileira) que perpassaram pela 10.\u00aa edi\u00e7\u00e3o da <a href=\"https:\/\/www.empacklogisticsautomationporto.com\/pt-pt\/\"><strong>Empack e Logistics &amp; Automation Porto<\/strong><\/a>.<\/p><p>O certame, que reuniu delega\u00e7\u00f5es comerciais de seis pa\u00edses &#8211; Portugal e Espanha, sobretudo, mas tamb\u00e9m da Alemanha, It\u00e1lia, Irlanda e Egito -, recebeu cerca de tr\u00eas mil visitantes profissionais (l\u00edderes da ind\u00fastria, retalho e distribui\u00e7\u00e3o, CEO, diretores e gestores de log\u00edstica e embalagem e outros quadros) e permitiu um total de 10.163 conex\u00f5es comerciais.<\/p><p>Depois de dois intensos dias, na EXPONOR \u2013 Feira Internacional do Porto, a feira organizada pela <strong>Easyfairs Iberia<\/strong> encerrou assim portas, uma vez mais sob o signo de um balan\u00e7o amplamente positivo. E que fez mais de metade das empresas presentes reservar espa\u00e7o para a edi\u00e7\u00e3o de 2027, j\u00e1 com uma planta com 64% do espa\u00e7o reservado.<\/p><p>A Empack e Logistics &amp; Automation Porto permitiu constatar, por exemplo, como as embalagens sustent\u00e1veis est\u00e3o a tornar-se cada vez mais importantes em v\u00e1rias ind\u00fastrias, que n\u00e3o s\u00f3 a alimentar. O segmento de embalamento sustent\u00e1vel foi, ali\u00e1s, o segundo nicho mais representado na setoriza\u00e7\u00e3o do evento (mais de 20 segmentos), com 19 expositores, logo a seguir \u00e0 rob\u00f3tica e automa\u00e7\u00e3o, com 22 empresas participantes. Seguiram-se-lhes a embalagem industrial, de tr\u00e2nsito e de prote\u00e7\u00e3o (igualmente com 19 operadores inscritos), software de log\u00edstica e IT (com 18 marcas), intralog\u00edstica (com 17), design e desenvolvimento de embalagem (13) e <em>packaging <\/em>e etiquetas (12).<\/p><p>O certame aconteceu em pleno m\u00eas de arranque do nov\u00edssimo Sistema de Dep\u00f3sito e Reembolso (SDR) de embalagens de bebidas de uso \u00fanico em Portugal e num contexto em que a subida do pre\u00e7o dos combust\u00edveis est\u00e1 a impactar, como h\u00e1 muito n\u00e3o se via, os transportes e v\u00e1rios segmentos do circuito log\u00edstico. Conjuntura que serviu para reafirmar com particular oportunidade e acuidade a import\u00e2ncia da fileira na economia portuguesa. Tanto mais que, relativamente a 2025, a mostra cresceu 11% em massa expositiva (100 empresas).<\/p><p>A acompanhar a Empack e Logistics &amp; Automation Porto desde a edi\u00e7\u00e3o inaugural, e uma vez mais presentes entre, estiveram nove marcas \u2013 a Domino &#8211; Tecnologias de Codifica\u00e7\u00e3o, a Rotom Portugal, a Fanuc, a Tr\u00e9bol Group, a Fine Solutions, o Generix Group, a Fox Solutions, a Fromm &#8211; Embalagem e a Fitembal -, operadores que foram agraciados com um pr\u00e9mio organizativo pela fidelidade ao longo destes 10 anos.<\/p><p>Para a organiza\u00e7\u00e3o, a feira voltou a assumir-se tamb\u00e9m como um espa\u00e7o de conhecimento e <em>networking<\/em>, e conseguiu chamar aos dois audit\u00f3rios, montados em plena feira, mais de 70 especialistas. Para debater os quase 30 temas em agenda: a nova era das embalagens face ao enquadramento legal europeu e os respetivos desafios de reciclabilidade; o lugar dos portos portugueses nas cadeias log\u00edsticas da ind\u00fastria autom\u00f3vel; a sustentabilidade, a circularidade e as cadeias de abastecimento inteligentes nos t\u00eaxteis do futuro; como projetar armaz\u00e9ns preparados para o horizonte de 2030; as tend\u00eancias e as oportunidades do uso da IA na <em>supply chain<\/em>; a embalagem que constr\u00f3i valor para o vinho; a IA aplicada \u00e0 log\u00edstica; a digitaliza\u00e7\u00e3o do transporte em Espanha; as for\u00e7as e desafios da ind\u00fastria autom\u00f3vel, entre outros.<\/p><p>A 11.\u00aa edi\u00e7\u00e3o da <strong>Empack e Logistics &amp; Automation Porto<\/strong> tem, entretanto, j\u00e1 uma data fixa no calend\u00e1rio de 2027: decorrer\u00e1 de <strong>28 a 29 de abril<\/strong>. Na EXPONOR \u2013 Feira Internacional do Porto.<\/p>\t\t\t\t\t\t\t\t<\/div>\n\t\t\t\t<\/div>\n\t\t\t\t<div class=\"elementor-element elementor-element-47db445 elementor-widget elementor-widget-text-editor\" data-id=\"47db445\" data-element_type=\"widget\" data-settings=\"{&quot;_animation&quot;:&quot;none&quot;}\" data-widget_type=\"text-editor.default\">\n\t\t\t\t<div class=\"elementor-widget-container\">\n\t\t\t\t\t\t\t\t\t<p><strong data-start=\"88\" data-end=\"109\">Sobre a Easyfairs<\/strong><\/p><article class=\"text-token-text-primary w-full\" dir=\"auto\" data-testid=\"conversation-turn-12\" data-scroll-anchor=\"true\"><div class=\"text-base my-auto mx-auto py-5 [--thread-content-margin:--spacing(4)] @[37rem]:[--thread-content-margin:--spacing(6)] @[72rem]:[--thread-content-margin:--spacing(16)] px-(--thread-content-margin)\"><div class=\"[--thread-content-max-width:32rem] @[34rem]:[--thread-content-max-width:40rem] @[64rem]:[--thread-content-max-width:48rem] mx-auto flex max-w-(--thread-content-max-width) flex-1 text-base gap-4 md:gap-5 lg:gap-6 group\/turn-messages focus-visible:outline-hidden\" tabindex=\"-1\"><div class=\"group\/conversation-turn relative flex w-full min-w-0 flex-col agent-turn\"><div class=\"relative flex-col gap-1 md:gap-3\"><div class=\"flex max-w-full flex-col grow\"><div class=\"min-h-8 text-message relative flex w-full flex-col items-end gap-2 text-start break-words whitespace-normal [.text-message+&amp;]:mt-5\" dir=\"auto\" data-message-author-role=\"assistant\" data-message-id=\"0f9cc63d-9964-46e5-ba6d-f9a2f1b029a0\" data-message-model-slug=\"gpt-4o\"><div class=\"flex w-full flex-col gap-1 empty:hidden first:pt-[3px]\"><div class=\"markdown prose dark:prose-invert w-full break-words dark\"><p>A Easyfairs organiza e acolhe eventos, reunindo comunidades para visitar o futuro.<\/p><p>Atualmente, organiza 150 eventos l\u00edderes de mercado em 16 pa\u00edses (Alemanha, Arg\u00e9lia, \u00c1ustria, B\u00e9lgica, Dinamarca, Espanha, Estados Unidos, Finl\u00e2ndia, Fran\u00e7a, It\u00e1lia, Noruega, Pa\u00edses Baixos, Portugal, Reino Unido, Su\u00e9cia e Su\u00ed\u00e7a) e gerimos oito recintos de eventos na B\u00e9lgica, Pa\u00edses Baixos e Su\u00e9cia (Antu\u00e9rpia, Gante, Mechelen-Bruxelas Norte, Namur, Gorinchem, Hardenberg, Malm\u00f6 e Estocolmo).<\/p><p>Temos uma grande paix\u00e3o por facilitar a vida dos nossos clientes e por aumentar o retorno do seu investimento e do seu tempo, atrav\u00e9s das nossas solu\u00e7\u00f5es integrais (all-in), tecnologia avan\u00e7ada e uma estrat\u00e9gia centrada no cliente. A nossa oferta digital proporciona ainda excelentes oportunidades para estas comunidades estabelecerem contactos de forma eficaz e concretizarem neg\u00f3cios ao longo de todo o ano.<\/p><p>O Grupo Easyfairs emprega 870 talentos altamente dedicados, utiliza as melhores ferramentas de marketing e tecnologia e desenvolve marcas com um forte apelo junto dos nossos stakeholders.<\/p><p>Pelo s\u00e9timo ano consecutivo, em 2025, a Deloitte voltou a atribuir \u00e0 Easyfairs o estatuto de \u201cBest Managed Company\u201d.<\/p><p data-start=\"1474\" data-end=\"1582\" data-is-last-node=\"\" data-is-only-node=\"\"><strong data-start=\"1474\" data-end=\"1509\">Visite o futuro com a Easyfairs<\/strong> e saiba mais em: <a href=\"http:\/\/www.easyfairsgroup.com\/\" data-cmp-ab=\"2\">www.easyfairsgroup.com<\/a><u>.<\/u><\/p><\/div><\/div><\/div><\/div><\/div><\/div><\/div><\/div><\/article>\t\t\t\t\t\t\t\t<\/div>\n\t\t\t\t<\/div>\n\t\t\t\t\t<\/div>\n\t\t<\/div>\n\t\t\t\t<div class=\"elementor-column elementor-col-50 elementor-top-column elementor-element elementor-element-19dc3572\" data-id=\"19dc3572\" data-element_type=\"column\">\n\t\t\t<div class=\"elementor-widget-wrap elementor-element-populated\">\n\t\t\t\t\t\t<div class=\"elementor-element elementor-element-404ac641 elementor-grid-1 elementor-posts--thumbnail-none elementor-grid-tablet-1 elementor-grid-mobile-1 elementor-widget elementor-widget-posts\" data-id=\"404ac641\" data-element_type=\"widget\" data-settings=\"{&quot;classic_columns&quot;:&quot;1&quot;,&quot;classic_row_gap&quot;:{&quot;unit&quot;:&quot;px&quot;,&quot;size&quot;:&quot;23&quot;,&quot;sizes&quot;:[]},&quot;classic_columns_tablet&quot;:&quot;1&quot;,&quot;_animation&quot;:&quot;none&quot;,&quot;classic_columns_mobile&quot;:&quot;1&quot;,&quot;classic_row_gap_tablet&quot;:{&quot;unit&quot;:&quot;px&quot;,&quot;size&quot;:&quot;&quot;,&quot;sizes&quot;:[]},&quot;classic_row_gap_mobile&quot;:{&quot;unit&quot;:&quot;px&quot;,&quot;size&quot;:&quot;&quot;,&quot;sizes&quot;:[]}}\" data-widget_type=\"posts.classic\">\n\t\t\t\t<div class=\"elementor-widget-container\">\n\t\t\t\t\t\t\t<div class=\"elementor-posts-container elementor-posts elementor-posts--skin-classic elementor-grid\" role=\"list\">\n\t\t\t\t<article class=\"elementor-post elementor-grid-item post-184444 post type-post status-publish format-standard has-post-thumbnail hentry category-notas-de-imprensa tag-abril tag-balanco-feira tag-congresso tag-easyfairs tag-embalagem tag-feira tag-logistica tag-nota-de-imprensa tag-portugal\" role=\"listitem\">\n\t\t\t\t<div class=\"elementor-post__text\">\n\t\t\t\t<h3 class=\"elementor-post__title\">\n\t\t\t<a href=\"https:\/\/www.empacklogisticsautomationporto.com\/pt-pt\/2026\/04\/28\/empack-e-logistics-automation-porto-avanca-para-2027-com-64-do-espaco-ja-reservado\/\" >\n\t\t\t\tEmpack e Logistics &#038; Automation Porto avan\u00e7a para 2027 com 64% do espa\u00e7o j\u00e1 reservado\t\t\t<\/a>\n\t\t<\/h3>\n\t\t\t\t<div class=\"elementor-post__excerpt\">\n\t\t\t<p>Empack e Logistics &amp; Automation Porto avan\u00e7a para 2027 com 64% do espa\u00e7o j\u00e1 reservado D\u00e9cima edi\u00e7\u00e3o da feira profissional representativa dos setores log\u00edstico e<\/p>\n\t\t<\/div>\n\t\t\n\t\t<a class=\"elementor-post__read-more\" href=\"https:\/\/www.empacklogisticsautomationporto.com\/pt-pt\/2026\/04\/28\/empack-e-logistics-automation-porto-avanca-para-2027-com-64-do-espaco-ja-reservado\/\" aria-label=\"Read more about Empack e Logistics &#038; Automation Porto avan\u00e7a para 2027 com 64% do espa\u00e7o j\u00e1 reservado\" tabindex=\"-1\" >\n\t\t\tRead More \u00bb\t\t<\/a>\n\n\t\t\t\t<\/div>\n\t\t\t\t<\/article>\n\t\t\t\t<article class=\"elementor-post elementor-grid-item post-183874 post type-post status-publish format-standard has-post-thumbnail hentry category-blog tag-automacao tag-bruxelas tag-embalagens tag-empack tag-logistica tag-manutencao tag-noticias tag-portugal\" role=\"listitem\">\n\t\t\t\t<div class=\"elementor-post__text\">\n\t\t\t\t<h3 class=\"elementor-post__title\">\n\t\t\t<a href=\"https:\/\/www.empacklogisticsautomationporto.com\/pt-pt\/2026\/04\/01\/bruxelas-clarifica-novas-regras-de-embalagens-para-acelerar-transicao-sustentavel-na-uniao-europeia\/\" >\n\t\t\t\tBruxelas clarifica novas regras de embalagens para acelerar transi\u00e7\u00e3o sustent\u00e1vel na Uni\u00e3o Europeia\t\t\t<\/a>\n\t\t<\/h3>\n\t\t\t\t<div class=\"elementor-post__excerpt\">\n\t\t\t<p>Bruxelas clarifica novas regras de embalagens para acelerar transi\u00e7\u00e3o sustent\u00e1vel na Uni\u00e3o Europeia Comiss\u00e3o Europeia publica orienta\u00e7\u00f5es para aplicar regulamento das embalagens, reduzir res\u00edduos e<\/p>\n\t\t<\/div>\n\t\t\n\t\t<a class=\"elementor-post__read-more\" href=\"https:\/\/www.empacklogisticsautomationporto.com\/pt-pt\/2026\/04\/01\/bruxelas-clarifica-novas-regras-de-embalagens-para-acelerar-transicao-sustentavel-na-uniao-europeia\/\" aria-label=\"Read more about Bruxelas clarifica novas regras de embalagens para acelerar transi\u00e7\u00e3o sustent\u00e1vel na Uni\u00e3o Europeia\" tabindex=\"-1\" >\n\t\t\tRead More \u00bb\t\t<\/a>\n\n\t\t\t\t<\/div>\n\t\t\t\t<\/article>\n\t\t\t\t<article class=\"elementor-post elementor-grid-item post-183860 post type-post status-publish format-standard has-post-thumbnail hentry category-blog tag-automacao tag-empack tag-logistica tag-manutencao tag-noticias tag-portugal tag-sustentabilidade\" role=\"listitem\">\n\t\t\t\t<div class=\"elementor-post__text\">\n\t\t\t\t<h3 class=\"elementor-post__title\">\n\t\t\t<a href=\"https:\/\/www.empacklogisticsautomationporto.com\/pt-pt\/2026\/04\/01\/dossier-sustentabilidade-e-manutencao\/\" >\n\t\t\t\tDossier sustentabilidade e manuten\u00e7\u00e3o\t\t\t<\/a>\n\t\t<\/h3>\n\t\t\t\t<div class=\"elementor-post__excerpt\">\n\t\t\t<p>Dossier sustentabilidade e manuten\u00e7\u00e3o O presente dossier chama a aten\u00e7\u00e3o para uma nova via para a manuten\u00e7\u00e3o: a liga\u00e7\u00e3o entre a manuten\u00e7\u00e3o e a sustentabilidade.<\/p>\n\t\t<\/div>\n\t\t\n\t\t<a class=\"elementor-post__read-more\" href=\"https:\/\/www.empacklogisticsautomationporto.com\/pt-pt\/2026\/04\/01\/dossier-sustentabilidade-e-manutencao\/\" aria-label=\"Read more about Dossier sustentabilidade e manuten\u00e7\u00e3o\" tabindex=\"-1\" >\n\t\t\tRead More \u00bb\t\t<\/a>\n\n\t\t\t\t<\/div>\n\t\t\t\t<\/article>\n\t\t\t\t<article class=\"elementor-post elementor-grid-item post-183838 post type-post status-publish format-standard has-post-thumbnail hentry category-blog tag-decima-edicao tag-domino tag-historias-que-inspiram tag-marque-tdi\" role=\"listitem\">\n\t\t\t\t<div class=\"elementor-post__text\">\n\t\t\t\t<h3 class=\"elementor-post__title\">\n\t\t\t<a href=\"https:\/\/www.empacklogisticsautomationporto.com\/pt-pt\/2026\/04\/01\/historias-que-inspiram-domino\/\" >\n\t\t\t\tHist\u00f3rias que Inspiram &#8211; DOMINO\t\t\t<\/a>\n\t\t<\/h3>\n\t\t\t\t<div class=\"elementor-post__excerpt\">\n\t\t\t<p>Hist\u00f3rias que Inspiram 10 anos de Empack e Logistics &amp; Automation Porto Hist\u00f3rias que Inspiram nasce para celebrar os expositores que estiveram connosco desde o<\/p>\n\t\t<\/div>\n\t\t\n\t\t<a class=\"elementor-post__read-more\" href=\"https:\/\/www.empacklogisticsautomationporto.com\/pt-pt\/2026\/04\/01\/historias-que-inspiram-domino\/\" aria-label=\"Read more about Hist\u00f3rias que Inspiram &#8211; DOMINO\" tabindex=\"-1\" >\n\t\t\tRead More \u00bb\t\t<\/a>\n\n\t\t\t\t<\/div>\n\t\t\t\t<\/article>\n\t\t\t\t<\/div>\n\t\t\n\t\t\t\t\t\t<\/div>\n\t\t\t\t<\/div>\n\t\t\t\t<div class=\"elementor-element elementor-element-1f3f2b92 elementor-widget-divider--view-line elementor-widget elementor-widget-divider\" data-id=\"1f3f2b92\" data-element_type=\"widget\" data-widget_type=\"divider.default\">\n\t\t\t\t<div class=\"elementor-widget-container\">\n\t\t\t\t\t\t\t<div class=\"elementor-divider\">\n\t\t\t<span class=\"elementor-divider-separator\">\n\t\t\t\t\t\t<\/span>\n\t\t<\/div>\n\t\t\t\t\t\t<\/div>\n\t\t\t\t<\/div>\n\t\t\t\t\t<\/div>\n\t\t<\/div>\n\t\t\t\t\t<\/div>\n\t\t<\/section>\n\t\t\t\t<\/div>\n\t\t","protected":false},"excerpt":{"rendered":"<p>Empack e Logistics &amp; Automation Porto avan\u00e7a para 2027 com 64% do espa\u00e7o j\u00e1 reservado D\u00e9cima edi\u00e7\u00e3o da feira profissional representativa dos setores log\u00edstico e de embalagem portugueses recebeu cerca de tr\u00eas mil visitantes profissionais. Em 2027, o certame decorrer\u00e1 a 28 e 29 de abril Um exoesqueleto t\u00eaxtil que providencia suporte biomec\u00e2nico para o [&hellip;]<\/p>\n","protected":false},"author":1256,"featured_media":184446,"comment_status":"closed","ping_status":"closed","sticky":false,"template":"","format":"standard","meta":{"_seopress_robots_primary_cat":"none","_seopress_titles_title":"Empack e Logistics & Automation Porto avan\u00e7a para 2027 com 64% do espa\u00e7o j\u00e1 reservado","_seopress_titles_desc":"D\u00e9cima edi\u00e7\u00e3o da feira, que \u00e9 montra do setor log\u00edstico e de embalagem portugu\u00eas, come\u00e7ou j\u00e1 a delinear temas e protagonistas para o ciclo de confer\u00eancias","_seopress_robots_index":"","footnotes":""},"categories":[400],"tags":[1926,2003,1583,1541,638,1925,1625,1540,671],"edition":[],"class_list":["post-184444","post","type-post","status-publish","format-standard","has-post-thumbnail","hentry","category-notas-de-imprensa","tag-abril","tag-balanco-feira","tag-congresso","tag-easyfairs","tag-embalagem","tag-feira","tag-logistica","tag-nota-de-imprensa","tag-portugal"],"_links":{"self":[{"href":"https:\/\/www.empacklogisticsautomationporto.com\/pt-pt\/wp-json\/wp\/v2\/posts\/184444","targetHints":{"allow":["GET"]}}],"collection":[{"href":"https:\/\/www.empacklogisticsautomationporto.com\/pt-pt\/wp-json\/wp\/v2\/posts"}],"about":[{"href":"https:\/\/www.empacklogisticsautomationporto.com\/pt-pt\/wp-json\/wp\/v2\/types\/post"}],"author":[{"embeddable":true,"href":"https:\/\/www.empacklogisticsautomationporto.com\/pt-pt\/wp-json\/wp\/v2\/users\/1256"}],"replies":[{"embeddable":true,"href":"https:\/\/www.empacklogisticsautomationporto.com\/pt-pt\/wp-json\/wp\/v2\/comments?post=184444"}],"version-history":[{"count":4,"href":"https:\/\/www.empacklogisticsautomationporto.com\/pt-pt\/wp-json\/wp\/v2\/posts\/184444\/revisions"}],"predecessor-version":[{"id":184451,"href":"https:\/\/www.empacklogisticsautomationporto.com\/pt-pt\/wp-json\/wp\/v2\/posts\/184444\/revisions\/184451"}],"wp:featuredmedia":[{"embeddable":true,"href":"https:\/\/www.empacklogisticsautomationporto.com\/pt-pt\/wp-json\/wp\/v2\/media\/184446"}],"wp:attachment":[{"href":"https:\/\/www.empacklogisticsautomationporto.com\/pt-pt\/wp-json\/wp\/v2\/media?parent=184444"}],"wp:term":[{"taxonomy":"category","embeddable":true,"href":"https:\/\/www.empacklogisticsautomationporto.com\/pt-pt\/wp-json\/wp\/v2\/categories?post=184444"},{"taxonomy":"post_tag","embeddable":true,"href":"https:\/\/www.empacklogisticsautomationporto.com\/pt-pt\/wp-json\/wp\/v2\/tags?post=184444"},{"taxonomy":"edition","embeddable":true,"href":"https:\/\/www.empacklogisticsautomationporto.com\/pt-pt\/wp-json\/wp\/v2\/edition?post=184444"}],"curies":[{"name":"wp","href":"https:\/\/api.w.org\/{rel}","templated":true}]}}