{"id":185357,"date":"2026-06-02T11:53:00","date_gmt":"2026-06-02T10:53:00","guid":{"rendered":"https:\/\/www.empacklogisticsautomationporto.com\/?p=185357"},"modified":"2026-06-02T11:54:59","modified_gmt":"2026-06-02T10:54:59","slug":"erp-portugal-novo-verde-e-aimmp-criam-sistema-para-reciclagem-de-moveis-e-colchoes","status":"publish","type":"post","link":"https:\/\/www.empacklogisticsautomationporto.com\/pt-pt\/2026\/06\/02\/erp-portugal-novo-verde-e-aimmp-criam-sistema-para-reciclagem-de-moveis-e-colchoes\/","title":{"rendered":"ERP Portugal, Novo Verde e AIMMP criam sistema para reciclagem de m\u00f3veis e colch\u00f5es"},"content":{"rendered":"\t\t<div data-elementor-type=\"wp-post\" data-elementor-id=\"185357\" class=\"elementor elementor-185357\" data-elementor-post-type=\"post\">\n\t\t\t\t\t\t<section class=\"elementor-section elementor-top-section elementor-element elementor-element-6c4d399f elementor-section-full_width elementor-section-height-default elementor-section-height-default\" data-id=\"6c4d399f\" data-element_type=\"section\" data-e-type=\"section\">\n\t\t\t\t\t\t<div class=\"elementor-container elementor-column-gap-default\">\n\t\t\t\t\t<div class=\"elementor-column elementor-col-50 elementor-top-column elementor-element elementor-element-7e8189c8\" data-id=\"7e8189c8\" data-element_type=\"column\" data-e-type=\"column\">\n\t\t\t<div class=\"elementor-widget-wrap elementor-element-populated\">\n\t\t\t\t\t\t<div class=\"elementor-element elementor-element-5385dc8d elementor-invisible elementor-widget elementor-widget-heading\" data-id=\"5385dc8d\" data-element_type=\"widget\" data-e-type=\"widget\" data-settings=\"{&quot;_animation&quot;:&quot;fadeIn&quot;}\" data-widget_type=\"heading.default\">\n\t\t\t\t<div class=\"elementor-widget-container\">\n\t\t\t\t\t<h1 class=\"elementor-heading-title elementor-size-default\">ERP Portugal, Novo Verde e AIMMP criam sistema para reciclagem de m\u00f3veis e colch\u00f5es<\/h1>\t\t\t\t<\/div>\n\t\t\t\t<\/div>\n\t\t\t\t<div class=\"elementor-element elementor-element-4eb7a90d elementor-widget-tablet__width-initial elementor-widget__width-initial elementor-widget elementor-widget-text-editor\" data-id=\"4eb7a90d\" data-element_type=\"widget\" data-e-type=\"widget\" data-settings=\"{&quot;_animation&quot;:&quot;none&quot;}\" data-widget_type=\"text-editor.default\">\n\t\t\t\t<div class=\"elementor-widget-container\">\n\t\t\t\t\t\t\t\t\t<h5>Projeto Circular+MC surge como resposta \u00e0s obriga\u00e7\u00f5es legais no \u00e2mbito da Responsabilidade Alargada do Produtor. O principal objetivo \u00e9 desenvolver e gerir um sistema integrado para o fim de vida de mob\u00edlias e colch\u00f5es no pa\u00eds.<\/h5>\t\t\t\t\t\t\t\t<\/div>\n\t\t\t\t<\/div>\n\t\t\t\t<div class=\"elementor-element elementor-element-4979ee1 elementor-widget-tablet__width-initial elementor-widget__width-initial elementor-widget elementor-widget-text-editor\" data-id=\"4979ee1\" data-element_type=\"widget\" data-e-type=\"widget\" data-settings=\"{&quot;_animation&quot;:&quot;none&quot;}\" data-widget_type=\"text-editor.default\">\n\t\t\t\t<div class=\"elementor-widget-container\">\n\t\t\t\t\t\t\t\t\t<p>A ERP Portugal e a Novo Verde, entidades gestoras de res\u00edduos, em parceria com a AIMMP, Associa\u00e7\u00e3o das Ind\u00fastrias de Madeira e Mobili\u00e1rio de Portugal, criaram a associa\u00e7\u00e3o Circular+MC com o objetivo de desenvolver e gerir um sistema integrado para o fim de vida de mob\u00edlias e colch\u00f5es no pa\u00eds.<\/p><p>Esta nova associa\u00e7\u00e3o surge como resposta \u00e0s obriga\u00e7\u00f5es legais no \u00e2mbito da Responsabilidade Alargada do Produtor (RAP), explicam as empresas em comunicado. Esta legisla\u00e7\u00e3o inclui metas de recolha de pelo menos 25% dos res\u00edduos de mob\u00edlias e colch\u00f5es colocados no mercado no primeiro ano de atividade, e de 40% at\u00e9 2030.<\/p><div class=\"info\"><p>Segundo comunicado, o fluxo de mob\u00edlias e colch\u00f5es representa um desafio ambiental crescente em Portugal e na Europa, marcado por um grande volume de res\u00edduos com elevada taxa de deposi\u00e7\u00e3o em aterro e com uma consequente baixa taxa de reciclagem. Isto acontece devido \u00e0 diversidade e mistura de materiais, o que cria diversas complexidades log\u00edsticas que comportam elevados custos de gest\u00e3o.<\/p><p>Ricardo Neto, presidente da Novo Verde e da ERP Portugal, explica que com esta solu\u00e7\u00e3o \u201cmob\u00edlias e colch\u00f5es deixam de ser vistos como res\u00edduos sem valor e passam a integrar cadeias de recupera\u00e7\u00e3o e valoriza\u00e7\u00e3o\u201d.<\/p><p>Al\u00e9m disso, Ricardo Neto sublinha as preocupa\u00e7\u00f5es com os atuais problemas do fluxo destes produtos: \u201cO nosso objetivo principal \u00e9 reduzir drasticamente a deposi\u00e7\u00e3o em aterro e aumentar significativamente a reutiliza\u00e7\u00e3o e a reciclagem destes produtos, de forma a cumprir as metas nacionais definidas\u201d, acrescenta.<\/p><p>A cria\u00e7\u00e3o da Circular+MC introduz \u201cuma oportunidade para as empresas fabricantes de mob\u00edlias e colch\u00f5es atrav\u00e9s de uma nova abordagem operacional no contexto do alinhamento de Portugal com as metas de circularidade transpostas para o setor, conforme o princ\u00edpio da RAP\u201d, afirma V\u00edtor Po\u00e7as, presidente da AIMMP.<\/p><p>As entidades gestoras comprometem-se a assumir um papel central na organiza\u00e7\u00e3o da recolha eficiente, no tratamento adequado e na sensibiliza\u00e7\u00e3o dos consumidores, com o objetivo de prolongar o ciclo de vida dos materiais, transformar res\u00edduos em recursos e, consequentemente, reduzir o impacto ambiental associado \u00e0 produ\u00e7\u00e3o e descarte de mob\u00edlias e colch\u00f5es.<\/p><\/div>\t\t\t\t\t\t\t\t<\/div>\n\t\t\t\t<\/div>\n\t\t\t\t<div class=\"elementor-element elementor-element-8a464ed elementor-align-center elementor-widget elementor-widget-button\" data-id=\"8a464ed\" data-element_type=\"widget\" data-e-type=\"widget\" data-widget_type=\"button.default\">\n\t\t\t\t<div class=\"elementor-widget-container\">\n\t\t\t\t\t\t\t\t\t<div class=\"elementor-button-wrapper\">\n\t\t\t\t\t<a class=\"elementor-button elementor-button-link elementor-size-sm\" href=\"https:\/\/jornalptgreen.pt\/noticia\/erp-portugal-novo-verde-e-aimmp-criam-sistema-para-reciclagem-de-moveis-e-colchoes\/\">\n\t\t\t\t\t\t<span class=\"elementor-button-content-wrapper\">\n\t\t\t\t\t\t\t\t\t<span class=\"elementor-button-text\">Continue a ler...<\/span>\n\t\t\t\t\t<\/span>\n\t\t\t\t\t<\/a>\n\t\t\t\t<\/div>\n\t\t\t\t\t\t\t\t<\/div>\n\t\t\t\t<\/div>\n\t\t\t\t\t<\/div>\n\t\t<\/div>\n\t\t\t\t<div class=\"elementor-column elementor-col-50 elementor-top-column elementor-element elementor-element-19dc3572\" data-id=\"19dc3572\" data-element_type=\"column\" data-e-type=\"column\">\n\t\t\t<div class=\"elementor-widget-wrap elementor-element-populated\">\n\t\t\t\t\t\t<div class=\"elementor-element elementor-element-404ac641 elementor-grid-1 elementor-posts--thumbnail-none elementor-grid-tablet-1 elementor-grid-mobile-1 elementor-widget elementor-widget-posts\" data-id=\"404ac641\" data-element_type=\"widget\" data-e-type=\"widget\" data-settings=\"{&quot;classic_columns&quot;:&quot;1&quot;,&quot;classic_row_gap&quot;:{&quot;unit&quot;:&quot;px&quot;,&quot;size&quot;:&quot;23&quot;,&quot;sizes&quot;:[]},&quot;classic_columns_tablet&quot;:&quot;1&quot;,&quot;_animation&quot;:&quot;none&quot;,&quot;classic_columns_mobile&quot;:&quot;1&quot;,&quot;classic_row_gap_tablet&quot;:{&quot;unit&quot;:&quot;px&quot;,&quot;size&quot;:&quot;&quot;,&quot;sizes&quot;:[]},&quot;classic_row_gap_mobile&quot;:{&quot;unit&quot;:&quot;px&quot;,&quot;size&quot;:&quot;&quot;,&quot;sizes&quot;:[]}}\" data-widget_type=\"posts.classic\">\n\t\t\t\t<div class=\"elementor-widget-container\">\n\t\t\t\t\t\t\t<div class=\"elementor-posts-container elementor-posts elementor-posts--skin-classic elementor-grid\" role=\"list\">\n\t\t\t\t<article class=\"elementor-post elementor-grid-item post-185630 post type-post status-publish format-standard has-post-thumbnail hentry category-blog category-um-cafe-com tag-directora-de-logistica tag-elena-de-los-rios tag-um-cafe-com tag-unide-cooperativa\" role=\"listitem\">\n\t\t\t\t<div class=\"elementor-post__text\">\n\t\t\t\t<h3 class=\"elementor-post__title\">\n\t\t\t<a href=\"https:\/\/www.empacklogisticsautomationporto.com\/pt-pt\/2026\/08\/31\/um-cafe-com-elena-de-los-rios-directora-de-logistica-na-unide-cooperativa\/\" >\n\t\t\t\tUm caf\u00e9 com Elena de los R\u00edos, Directora de Log\u00edstica na UNIDE COOPERATIVA\t\t\t<\/a>\n\t\t<\/h3>\n\t\t\t\t<div class=\"elementor-post__excerpt\">\n\t\t\t<p>Um caf\u00e9 com Elena de los R\u00edos, Directora de Log\u00edstica da UNIDE COOPERATIVA Licenciada em Administra\u00e7\u00e3o e Dire\u00e7\u00e3o de Empresas pela Universidade de Castilla-La Mancha,<\/p>\n\t\t<\/div>\n\t\t\n\t\t<a class=\"elementor-post__read-more\" href=\"https:\/\/www.empacklogisticsautomationporto.com\/pt-pt\/2026\/08\/31\/um-cafe-com-elena-de-los-rios-directora-de-logistica-na-unide-cooperativa\/\" aria-label=\"Read more about Um caf\u00e9 com Elena de los R\u00edos, Directora de Log\u00edstica na UNIDE COOPERATIVA\" tabindex=\"-1\" >\n\t\t\tRead More \u00bb\t\t<\/a>\n\n\t\t\t\t<\/div>\n\t\t\t\t<\/article>\n\t\t\t\t<article class=\"elementor-post elementor-grid-item post-185612 post type-post status-publish format-standard has-post-thumbnail hentry category-blog tag-co2 tag-easyjet tag-green-smart tag-plataforma tag-sustentabilidade\" role=\"listitem\">\n\t\t\t\t<div class=\"elementor-post__text\">\n\t\t\t\t<h3 class=\"elementor-post__title\">\n\t\t\t<a href=\"https:\/\/www.empacklogisticsautomationporto.com\/pt-pt\/2026\/08\/31\/easyjet-implementa-plataforma-para-evitar-10-mil-toneladas-de-co2-por-ano\/\" >\n\t\t\t\tEasyJet implementa plataforma para evitar 10 mil toneladas de CO2 por ano\t\t\t<\/a>\n\t\t<\/h3>\n\t\t\t\t<div class=\"elementor-post__excerpt\">\n\t\t\t<p>EasyJet implementa plataforma para evitar 10 mil toneladas de CO2 por ano Solu\u00e7\u00e3o permite aos pilotos encomendar e validar o combust\u00edvel de forma digital e<\/p>\n\t\t<\/div>\n\t\t\n\t\t<a class=\"elementor-post__read-more\" href=\"https:\/\/www.empacklogisticsautomationporto.com\/pt-pt\/2026\/08\/31\/easyjet-implementa-plataforma-para-evitar-10-mil-toneladas-de-co2-por-ano\/\" aria-label=\"Read more about EasyJet implementa plataforma para evitar 10 mil toneladas de CO2 por ano\" tabindex=\"-1\" >\n\t\t\tRead More \u00bb\t\t<\/a>\n\n\t\t\t\t<\/div>\n\t\t\t\t<\/article>\n\t\t\t\t<article class=\"elementor-post elementor-grid-item post-185598 post type-post status-publish format-standard has-post-thumbnail hentry category-blog tag-crescimento tag-data-centres tag-mercados tag-portugal\" role=\"listitem\">\n\t\t\t\t<div class=\"elementor-post__text\">\n\t\t\t\t<h3 class=\"elementor-post__title\">\n\t\t\t<a href=\"https:\/\/www.empacklogisticsautomationporto.com\/pt-pt\/2026\/08\/31\/portugal-entre-os-dez-mercados-de-data-centres-com-maior-crescimento-a-nivel-mundial\/\" >\n\t\t\t\tPortugal entre os dez mercados de data centres com maior crescimento a n\u00edvel mundial\t\t\t<\/a>\n\t\t<\/h3>\n\t\t\t\t<div class=\"elementor-post__excerpt\">\n\t\t\t<p>Portugal entre os dez mercados de data centres com maior crescimento a n\u00edvel mundial desde 2024 Portugal ocupa o d\u00e9cimo lugar entre os mercados de<\/p>\n\t\t<\/div>\n\t\t\n\t\t<a class=\"elementor-post__read-more\" href=\"https:\/\/www.empacklogisticsautomationporto.com\/pt-pt\/2026\/08\/31\/portugal-entre-os-dez-mercados-de-data-centres-com-maior-crescimento-a-nivel-mundial\/\" aria-label=\"Read more about Portugal entre os dez mercados de data centres com maior crescimento a n\u00edvel mundial\" tabindex=\"-1\" >\n\t\t\tRead More \u00bb\t\t<\/a>\n\n\t\t\t\t<\/div>\n\t\t\t\t<\/article>\n\t\t\t\t<article class=\"elementor-post elementor-grid-item post-185576 post type-post status-publish format-standard has-post-thumbnail hentry category-blog tag-embalagens tag-novas-regras tag-uniao-europeia\" role=\"listitem\">\n\t\t\t\t<div class=\"elementor-post__text\">\n\t\t\t\t<h3 class=\"elementor-post__title\">\n\t\t\t<a href=\"https:\/\/www.empacklogisticsautomationporto.com\/pt-pt\/2026\/08\/31\/novas-regras-de-embalagens-na-uniao-europeia-saiba-o-que-muda\/\" >\n\t\t\t\tNovas regras de embalagens na Uni\u00e3o Europeia: saiba o que muda\t\t\t<\/a>\n\t\t<\/h3>\n\t\t\t\t<div class=\"elementor-post__excerpt\">\n\t\t\t<p>Novas regras de embalagens na Uni\u00e3o Europeia: saiba o que muda A UE aplica novas regras de embalagens alimentares, com limites a qu\u00edmicos e mais<\/p>\n\t\t<\/div>\n\t\t\n\t\t<a class=\"elementor-post__read-more\" href=\"https:\/\/www.empacklogisticsautomationporto.com\/pt-pt\/2026\/08\/31\/novas-regras-de-embalagens-na-uniao-europeia-saiba-o-que-muda\/\" aria-label=\"Read more about Novas regras de embalagens na Uni\u00e3o Europeia: saiba o que muda\" tabindex=\"-1\" >\n\t\t\tRead More \u00bb\t\t<\/a>\n\n\t\t\t\t<\/div>\n\t\t\t\t<\/article>\n\t\t\t\t<\/div>\n\t\t\n\t\t\t\t\t\t<\/div>\n\t\t\t\t<\/div>\n\t\t\t\t<div class=\"elementor-element elementor-element-1f3f2b92 elementor-widget-divider--view-line elementor-widget elementor-widget-divider\" data-id=\"1f3f2b92\" data-element_type=\"widget\" data-e-type=\"widget\" data-widget_type=\"divider.default\">\n\t\t\t\t<div class=\"elementor-widget-container\">\n\t\t\t\t\t\t\t<div class=\"elementor-divider\">\n\t\t\t<span class=\"elementor-divider-separator\">\n\t\t\t\t\t\t<\/span>\n\t\t<\/div>\n\t\t\t\t\t\t<\/div>\n\t\t\t\t<\/div>\n\t\t\t\t\t<\/div>\n\t\t<\/div>\n\t\t\t\t\t<\/div>\n\t\t<\/section>\n\t\t\t\t<\/div>\n\t\t","protected":false},"excerpt":{"rendered":"<p>ERP Portugal, Novo Verde e AIMMP criam sistema para reciclagem de m\u00f3veis e colch\u00f5es Projeto Circular+MC surge como resposta \u00e0s obriga\u00e7\u00f5es legais no \u00e2mbito da Responsabilidade Alargada do Produtor. O principal objetivo \u00e9 desenvolver e gerir um sistema integrado para o fim de vida de mob\u00edlias e colch\u00f5es no pa\u00eds. A ERP Portugal e a [&hellip;]<\/p>\n","protected":false},"author":1256,"featured_media":185363,"comment_status":"closed","ping_status":"closed","sticky":false,"template":"","format":"standard","meta":{"_seopress_titles_title":"Not\u00edcias | Empack e Logistics & Automation Porto","_seopress_titles_desc":"Veja as not\u00edcias dos sectores de embalagem e log\u00edstica em Portugal.","_seopress_robots_index":"","_seopress_robots_follow":"","_seopress_robots_imageindex":"","_seopress_robots_snippet":"","_seopress_robots_primary_cat":"none","_seopress_robots_breadcrumbs":"","_seopress_robots_freeze_modified_date":"","_seopress_robots_custom_modified_date":"","_seopress_robots_canonical":"","_seopress_social_fb_title":"","_seopress_social_fb_desc":"","_seopress_social_fb_img":"","_seopress_social_fb_img_attachment_id":0,"_seopress_social_fb_img_width":0,"_seopress_social_fb_img_height":0,"_seopress_social_twitter_title":"","_seopress_social_twitter_desc":"","_seopress_social_twitter_img":"","_seopress_social_twitter_img_attachment_id":0,"_seopress_social_twitter_img_width":0,"_seopress_social_twitter_img_height":0,"_seopress_redirections_value":"","_seopress_redirections_enabled":"","_seopress_redirections_enabled_regex":"","_seopress_redirections_logged_status":"both","_seopress_redirections_param":"","_seopress_redirections_type":301,"_seopress_analysis_target_kw":"not\u00edcias,Portugal,Newsletter,Subscreva,Uni\u00e3o Europeia,importa\u00e7\u00f5es l\u00edquidas,mat\u00e9rias-primas recicl\u00e1veis","_seopress_news_disabled":"","_seopress_video_disabled":"","_seopress_video":[{"url":"","title":"","desc":"","thumbnail":"","duration":"","rating":"","view_count":"","tag":""}],"_seopress_pro_schemas_manual":[],"_seopress_pro_rich_snippets_disable_all":"","_seopress_pro_rich_snippets_disable":[],"_seopress_pro_schemas":[],"footnotes":""},"categories":[392],"tags":[2028,2031,2026,2030,2027,2029],"edition":[],"class_list":["post-185357","post","type-post","status-publish","format-standard","has-post-thumbnail","hentry","category-blog","tag-aimmp","tag-colchoes","tag-erp-portugal","tag-moveis","tag-novo-verde","tag-sistema-reciclagem"],"_links":{"self":[{"href":"https:\/\/www.empacklogisticsautomationporto.com\/pt-pt\/wp-json\/wp\/v2\/posts\/185357","targetHints":{"allow":["GET"]}}],"collection":[{"href":"https:\/\/www.empacklogisticsautomationporto.com\/pt-pt\/wp-json\/wp\/v2\/posts"}],"about":[{"href":"https:\/\/www.empacklogisticsautomationporto.com\/pt-pt\/wp-json\/wp\/v2\/types\/post"}],"author":[{"embeddable":true,"href":"https:\/\/www.empacklogisticsautomationporto.com\/pt-pt\/wp-json\/wp\/v2\/users\/1256"}],"replies":[{"embeddable":true,"href":"https:\/\/www.empacklogisticsautomationporto.com\/pt-pt\/wp-json\/wp\/v2\/comments?post=185357"}],"version-history":[{"count":5,"href":"https:\/\/www.empacklogisticsautomationporto.com\/pt-pt\/wp-json\/wp\/v2\/posts\/185357\/revisions"}],"predecessor-version":[{"id":185371,"href":"https:\/\/www.empacklogisticsautomationporto.com\/pt-pt\/wp-json\/wp\/v2\/posts\/185357\/revisions\/185371"}],"wp:featuredmedia":[{"embeddable":true,"href":"https:\/\/www.empacklogisticsautomationporto.com\/pt-pt\/wp-json\/wp\/v2\/media\/185363"}],"wp:attachment":[{"href":"https:\/\/www.empacklogisticsautomationporto.com\/pt-pt\/wp-json\/wp\/v2\/media?parent=185357"}],"wp:term":[{"taxonomy":"category","embeddable":true,"href":"https:\/\/www.empacklogisticsautomationporto.com\/pt-pt\/wp-json\/wp\/v2\/categories?post=185357"},{"taxonomy":"post_tag","embeddable":true,"href":"https:\/\/www.empacklogisticsautomationporto.com\/pt-pt\/wp-json\/wp\/v2\/tags?post=185357"},{"taxonomy":"edition","embeddable":true,"href":"https:\/\/www.empacklogisticsautomationporto.com\/pt-pt\/wp-json\/wp\/v2\/edition?post=185357"}],"curies":[{"name":"wp","href":"https:\/\/api.w.org\/{rel}","templated":true}]}}