{"id":185576,"date":"2026-08-31T08:58:31","date_gmt":"2026-08-31T07:58:31","guid":{"rendered":"https:\/\/www.empacklogisticsautomationporto.com\/?p=185576"},"modified":"2026-08-31T09:50:49","modified_gmt":"2026-08-31T08:50:49","slug":"novas-regras-de-embalagens-na-uniao-europeia-saiba-o-que-muda","status":"publish","type":"post","link":"https:\/\/www.empacklogisticsautomationporto.com\/pt-pt\/2026\/08\/31\/novas-regras-de-embalagens-na-uniao-europeia-saiba-o-que-muda\/","title":{"rendered":"Novas regras de embalagens na Uni\u00e3o Europeia: saiba o que muda"},"content":{"rendered":"\t\t<div data-elementor-type=\"wp-post\" data-elementor-id=\"185576\" class=\"elementor elementor-185576\" data-elementor-post-type=\"post\">\n\t\t\t\t\t\t<section class=\"elementor-section elementor-top-section elementor-element elementor-element-6c4d399f elementor-section-full_width elementor-section-height-default elementor-section-height-default\" data-id=\"6c4d399f\" data-element_type=\"section\" data-e-type=\"section\">\n\t\t\t\t\t\t<div class=\"elementor-container elementor-column-gap-default\">\n\t\t\t\t\t<div class=\"elementor-column elementor-col-50 elementor-top-column elementor-element elementor-element-7e8189c8\" data-id=\"7e8189c8\" data-element_type=\"column\" data-e-type=\"column\">\n\t\t\t<div class=\"elementor-widget-wrap elementor-element-populated\">\n\t\t\t\t\t\t<div class=\"elementor-element elementor-element-5385dc8d elementor-invisible elementor-widget elementor-widget-heading\" data-id=\"5385dc8d\" data-element_type=\"widget\" data-e-type=\"widget\" data-settings=\"{&quot;_animation&quot;:&quot;fadeIn&quot;}\" data-widget_type=\"heading.default\">\n\t\t\t\t<div class=\"elementor-widget-container\">\n\t\t\t\t\t<h1 class=\"elementor-heading-title elementor-size-default\">Novas regras de embalagens na Uni\u00e3o Europeia: saiba o que muda<\/h1>\t\t\t\t<\/div>\n\t\t\t\t<\/div>\n\t\t\t\t<div class=\"elementor-element elementor-element-5e80a0f elementor-invisible elementor-widget elementor-widget-heading\" data-id=\"5e80a0f\" data-element_type=\"widget\" data-e-type=\"widget\" data-settings=\"{&quot;_animation&quot;:&quot;fadeIn&quot;}\" data-widget_type=\"heading.default\">\n\t\t\t\t<div class=\"elementor-widget-container\">\n\t\t\t\t\t<h1 class=\"elementor-heading-title elementor-size-default\">A UE aplica novas regras de embalagens alimentares, com limites a qu\u00edmicos e mais exig\u00eancias para produtos vindos de fora da Europa.<\/h1>\t\t\t\t<\/div>\n\t\t\t\t<\/div>\n\t\t\t\t<div class=\"elementor-element elementor-element-4979ee1 elementor-widget-tablet__width-initial elementor-widget__width-initial elementor-widget elementor-widget-text-editor\" data-id=\"4979ee1\" data-element_type=\"widget\" data-e-type=\"widget\" data-settings=\"{&quot;_animation&quot;:&quot;none&quot;}\" data-widget_type=\"text-editor.default\">\n\t\t\t\t<div class=\"elementor-widget-container\">\n\t\t\t\t\t\t\t\t\t<p>Entrou em vigor em toda a Uni\u00e3o Europeia um novo conjunto de regras sobre embalagens, com impacto direto no que chega \u00e0s prateleiras dos supermercados portugueses.<\/p><p>A medida resulta do Regulamento relativo a Embalagens e Res\u00edduos de Embalagens (PPWR, na sigla inglesa), que substitui a antiga diretiva europeia sobre esta mat\u00e9ria e que vai transformar, de forma gradual, a produ\u00e7\u00e3o, a rotulagem e a reciclagem de embalagens at\u00e9 2040.<\/p><p>Para quem faz compras, para as empresas do setor alimentar e para quem importa produtos de fora da Europa, h\u00e1 mudan\u00e7as importantes a conhecer j\u00e1 e outras que s\u00f3 se tornar\u00e3o obrigat\u00f3rias nos pr\u00f3ximos anos.<\/p><p>O\u00a0<a href=\"https:\/\/environment.ec.europa.eu\/topics\/waste-and-recycling\/packaging-waste\/packaging-packaging-waste-regulation_en\" target=\"_blank\" rel=\"noreferrer noopener nofollow\">PPWR (Packaging and Packaging Waste Regulation)<\/a>\u00a0foi aprovado pelo Parlamento Europeu e pelo Conselho da UE em 2024, entrou formalmente em vigor em fevereiro de 2025 e come\u00e7ou a ser aplicado em todos os Estados-membros a 12 de agosto de 2026.<\/p><p>O objetivo central \u00e9 reduzir os res\u00edduos de embalagens, aumentar a reciclagem e substituir as regras nacionais fragmentadas por um quadro \u00fanico, v\u00e1lido em toda a Uni\u00e3o.<\/p><p>A urg\u00eancia da medida tem n\u00fameros por tr\u00e1s. Estima-se que cada europeu descarte, em m\u00e9dia, cerca de 180 quilos de embalagens por ano e que 40% de todo o pl\u00e1stico consumido na Europa se destine precisamente a este setor.<\/p><p>O regulamento pretende tamb\u00e9m diminuir a depend\u00eancia europeia de combust\u00edveis f\u00f3sseis, mat\u00e9ria-prima da esmagadora maioria das embalagens pl\u00e1sticas.<\/p><h2 class=\"wp-block-heading\">Embalagens: limites mais apertados<\/h2><p>A altera\u00e7\u00e3o mais vis\u00edvel para os consumidores j\u00e1 entrou em vigor, com novos limites m\u00e1ximos para as subst\u00e2ncias per e polifluoroalquiladas, conhecidas como PFAS ou \u201cqu\u00edmicos eternos\u201d.<\/p><p>Estas subst\u00e2ncias eram usadas h\u00e1 d\u00e9cadas para tornar as embalagens mais resistentes \u00e0 gordura, \u00e0 humidade e ao calor, sendo comuns em copos de caf\u00e9 descart\u00e1veis, caixas de pizza e embalagens de comida para levar.<\/p><p>O problema \u00e9 que os PFAS t\u00eam a capacidade de se acumular no organismo humano e de contaminar o ambiente, sem se degradarem facilmente, da\u00ed o apelido de \u201ceternos\u201d.<\/p><p>A partir de agora, as embalagens que entrem em contacto direto com alimentos t\u00eam de respeitar limites rigorosos para estas subst\u00e2ncias, sob pena de n\u00e3o poderem ser colocadas no mercado europeu.<\/p><p>Segundo a comiss\u00e1ria europeia respons\u00e1vel pela pasta do Ambiente, Jessika Roswall, esta \u00e9 uma das medidas centrais do regulamento, pensada para tornar as embalagens mais seguras sem travar a transi\u00e7\u00e3o para uma economia verdadeiramente circular.<\/p><p>Um pormenor relevante \u00e9 que n\u00e3o existe um per\u00edodo de toler\u00e2ncia para escoamento de stocks. Isto significa, na pr\u00e1tica, que mesmo embalagens j\u00e1 fabricadas antes de 12 de agosto ficam impedidas de entrar no mercado europeu caso ultrapassem os novos limites.<\/p><h2 class=\"wp-block-heading\">Cuidado com produtos vindos de fora da Europa<\/h2><p>Um dos pontos que mais aten\u00e7\u00e3o tem merecido \u00e9 o facto de o regulamento se aplicar n\u00e3o s\u00f3 \u00e0s embalagens produzidas na UE, mas tamb\u00e9m a todas as que s\u00e3o importadas de pa\u00edses terceiros.<\/p><p>Isto \u00e9 particularmente relevante numa altura em que cresce o volume de encomendas feitas em\u00a0<a href=\"https:\/\/www.e-konomista.pt\/40-dos-portugueses-compram-online\/\">plataformas de com\u00e9rcio eletr\u00f3nico<\/a>\u00a0sediadas fora da Europa, muitas vezes com embalagens que n\u00e3o seguem os padr\u00f5es europeus de seguran\u00e7a.<\/p><p>Produtores e importadores passam a ter de garantir, e comprovar, que as embalagens que colocam no mercado europeu cumprem os limites definidos para subst\u00e2ncias nocivas.<\/p><p>Al\u00e9m disso, o regulamento cria novos requisitos de informa\u00e7\u00e3o, para que, em caso de incumprimento, seja poss\u00edvel rastrear o produto at\u00e9 \u00e0 sua origem.<\/p><p>Estes dados n\u00e3o t\u00eam necessariamente de aparecer impressos na embalagem: podem constar de uma guia de remessa ou de uma fatura de transporte, o que significa que, para o consumidor final, o aspeto do produto n\u00e3o muda de um dia para o outro.<\/p><h2 class=\"wp-block-heading\">Embalagens: regras em vigor depois de 2026<\/h2><p>Grande parte das obriga\u00e7\u00f5es do PPWR s\u00f3 se tornar\u00e1 aplic\u00e1vel a partir de 2030, dando \u00e0s empresas tempo para se adaptarem. Mas j\u00e1 est\u00e3o definidas as mudan\u00e7as para os pr\u00f3ximos anos:<\/p><ul class=\"wp-block-list\"><li><strong>Limites para o espa\u00e7o vazio nas embalagens<\/strong>, para evitar embalagens desproporcionadamente grandes para o produto que cont\u00eam;<\/li><li><strong>Reciclabilidade obrigat\u00f3ria<\/strong>, com todas as embalagens colocadas no mercado a terem de atingir, pelo menos, 70% de reciclabilidade at\u00e9 2030, subindo para 80% at\u00e9 2038;<\/li><li><strong>Uso obrigat\u00f3rio de pl\u00e1stico reciclado<\/strong>\u00a0na produ\u00e7\u00e3o de novas embalagens pl\u00e1sticas;<\/li><li><strong>Restri\u00e7\u00f5es a formatos de pl\u00e1stico descart\u00e1vel de muito pequena dimens\u00e3o<\/strong>, comuns em hot\u00e9is e restaurantes (como as embalagens individuais de champ\u00f4 ou de condimentos);<\/li><li><strong>Metas de reutiliza\u00e7\u00e3o<\/strong>, sobretudo no setor da restaura\u00e7\u00e3o e do com\u00e9rcio eletr\u00f3nico;<\/li><li><strong>Metas de redu\u00e7\u00e3o de res\u00edduos per capita<\/strong>: 5% at\u00e9 2030, 10% at\u00e9 2035 e 15% at\u00e9 2040, tendo como refer\u00eancia os n\u00edveis registados em 2018.<\/li><\/ul><h2 class=\"wp-block-heading\">Que consequ\u00eancias h\u00e1 para quem n\u00e3o cumprir?<\/h2><p>Apesar de as novas regras j\u00e1 estarem em vigor, a Comiss\u00e3o Europeia optou por um per\u00edodo de transi\u00e7\u00e3o pragm\u00e1tico.<\/p><p>Nos primeiros meses de aplica\u00e7\u00e3o, recomenda-se que os Estados-membros n\u00e3o retirem produtos do mercado nem apliquem coimas apenas por incumprimentos pontuais, privilegiando antes o apoio \u00e0s empresas atrav\u00e9s de orienta\u00e7\u00f5es e esclarecimentos.<\/p><p>Segundo fonte europeia citada pela imprensa nacional, a ideia \u00e9 que as novas regras sejam implementadas \u201cde forma positiva\u201d, dado o impacto significativo que representam para os operadores econ\u00f3micos, sobretudo pequenas e m\u00e9dias empresas.<\/p><p>Isto n\u00e3o significa, no entanto, que as san\u00e7\u00f5es desapare\u00e7am. \u00c0 medida que o per\u00edodo de adapta\u00e7\u00e3o avan\u00e7ar, as autoridades nacionais dever\u00e3o passar a aplicar coimas com maior regularidade a quem n\u00e3o cumprir os requisitos do regulamento.<\/p><h2 class=\"wp-block-heading\">O que muda para o consumidor<\/h2><p>Para o consumidor comum, o efeito mais imediato \u00e9 discreto. A comida passa a vir protegida por embalagens sujeitas a crit\u00e9rios de seguran\u00e7a mais exigentes do que h\u00e1 um ano, com menos subst\u00e2ncias qu\u00edmicas persistentes em contacto com os alimentos.<\/p><p>N\u00e3o h\u00e1 motivo para descartar produtos j\u00e1 existentes em casa por precau\u00e7\u00e3o, j\u00e1 que a mudan\u00e7a aplica-se ao que entra agora no mercado, n\u00e3o ao que j\u00e1 foi comprado anteriormente.<\/p><p>Com o tempo, o consumidor dever\u00e1 tamb\u00e9m come\u00e7ar a notar embalagens mais compactas, com menos espa\u00e7o vazio e uma presen\u00e7a crescente de pl\u00e1stico reciclado nos produtos do dia a dia.<\/p>\t\t\t\t\t\t\t\t<\/div>\n\t\t\t\t<\/div>\n\t\t\t\t<div class=\"elementor-element elementor-element-8a464ed elementor-align-center elementor-widget elementor-widget-button\" data-id=\"8a464ed\" data-element_type=\"widget\" data-e-type=\"widget\" data-widget_type=\"button.default\">\n\t\t\t\t<div class=\"elementor-widget-container\">\n\t\t\t\t\t\t\t\t\t<div class=\"elementor-button-wrapper\">\n\t\t\t\t\t<a class=\"elementor-button elementor-button-link elementor-size-sm\" href=\"https:\/\/www.e-konomista.pt\/novas-regras-de-embalagens-na-uniao-europeia\/\">\n\t\t\t\t\t\t<span class=\"elementor-button-content-wrapper\">\n\t\t\t\t\t\t\t\t\t<span class=\"elementor-button-text\">Continue a ler...<\/span>\n\t\t\t\t\t<\/span>\n\t\t\t\t\t<\/a>\n\t\t\t\t<\/div>\n\t\t\t\t\t\t\t\t<\/div>\n\t\t\t\t<\/div>\n\t\t\t\t\t<\/div>\n\t\t<\/div>\n\t\t\t\t<div class=\"elementor-column elementor-col-50 elementor-top-column elementor-element elementor-element-19dc3572\" data-id=\"19dc3572\" data-element_type=\"column\" data-e-type=\"column\">\n\t\t\t<div class=\"elementor-widget-wrap elementor-element-populated\">\n\t\t\t\t\t\t<div class=\"elementor-element elementor-element-404ac641 elementor-grid-1 elementor-posts--thumbnail-none elementor-grid-tablet-1 elementor-grid-mobile-1 elementor-widget elementor-widget-posts\" data-id=\"404ac641\" data-element_type=\"widget\" data-e-type=\"widget\" data-settings=\"{&quot;classic_columns&quot;:&quot;1&quot;,&quot;classic_row_gap&quot;:{&quot;unit&quot;:&quot;px&quot;,&quot;size&quot;:&quot;23&quot;,&quot;sizes&quot;:[]},&quot;classic_columns_tablet&quot;:&quot;1&quot;,&quot;_animation&quot;:&quot;none&quot;,&quot;classic_columns_mobile&quot;:&quot;1&quot;,&quot;classic_row_gap_tablet&quot;:{&quot;unit&quot;:&quot;px&quot;,&quot;size&quot;:&quot;&quot;,&quot;sizes&quot;:[]},&quot;classic_row_gap_mobile&quot;:{&quot;unit&quot;:&quot;px&quot;,&quot;size&quot;:&quot;&quot;,&quot;sizes&quot;:[]}}\" data-widget_type=\"posts.classic\">\n\t\t\t\t<div class=\"elementor-widget-container\">\n\t\t\t\t\t\t\t<div class=\"elementor-posts-container elementor-posts elementor-posts--skin-classic elementor-grid\" role=\"list\">\n\t\t\t\t<article class=\"elementor-post elementor-grid-item post-185598 post type-post status-publish format-standard has-post-thumbnail hentry category-blog tag-crescimento tag-data-centres tag-mercados tag-portugal\" role=\"listitem\">\n\t\t\t\t<div class=\"elementor-post__text\">\n\t\t\t\t<h3 class=\"elementor-post__title\">\n\t\t\t<a href=\"https:\/\/www.empacklogisticsautomationporto.com\/pt-pt\/2026\/08\/31\/portugal-entre-os-dez-mercados-de-data-centres-com-maior-crescimento-a-nivel-mundial\/\" >\n\t\t\t\tPortugal entre os dez mercados de data centres com maior crescimento a n\u00edvel mundial\t\t\t<\/a>\n\t\t<\/h3>\n\t\t\t\t<div class=\"elementor-post__excerpt\">\n\t\t\t<p>Portugal entre os dez mercados de data centres com maior crescimento a n\u00edvel mundial desde 2024 Portugal ocupa o d\u00e9cimo lugar entre os mercados de<\/p>\n\t\t<\/div>\n\t\t\n\t\t<a class=\"elementor-post__read-more\" href=\"https:\/\/www.empacklogisticsautomationporto.com\/pt-pt\/2026\/08\/31\/portugal-entre-os-dez-mercados-de-data-centres-com-maior-crescimento-a-nivel-mundial\/\" aria-label=\"Read more about Portugal entre os dez mercados de data centres com maior crescimento a n\u00edvel mundial\" tabindex=\"-1\" >\n\t\t\tRead More \u00bb\t\t<\/a>\n\n\t\t\t\t<\/div>\n\t\t\t\t<\/article>\n\t\t\t\t<article class=\"elementor-post elementor-grid-item post-185576 post type-post status-publish format-standard has-post-thumbnail hentry category-blog tag-embalagens tag-novas-regras tag-uniao-europeia\" role=\"listitem\">\n\t\t\t\t<div class=\"elementor-post__text\">\n\t\t\t\t<h3 class=\"elementor-post__title\">\n\t\t\t<a href=\"https:\/\/www.empacklogisticsautomationporto.com\/pt-pt\/2026\/08\/31\/novas-regras-de-embalagens-na-uniao-europeia-saiba-o-que-muda\/\" >\n\t\t\t\tNovas regras de embalagens na Uni\u00e3o Europeia: saiba o que muda\t\t\t<\/a>\n\t\t<\/h3>\n\t\t\t\t<div class=\"elementor-post__excerpt\">\n\t\t\t<p>Novas regras de embalagens na Uni\u00e3o Europeia: saiba o que muda A UE aplica novas regras de embalagens alimentares, com limites a qu\u00edmicos e mais<\/p>\n\t\t<\/div>\n\t\t\n\t\t<a class=\"elementor-post__read-more\" href=\"https:\/\/www.empacklogisticsautomationporto.com\/pt-pt\/2026\/08\/31\/novas-regras-de-embalagens-na-uniao-europeia-saiba-o-que-muda\/\" aria-label=\"Read more about Novas regras de embalagens na Uni\u00e3o Europeia: saiba o que muda\" tabindex=\"-1\" >\n\t\t\tRead More \u00bb\t\t<\/a>\n\n\t\t\t\t<\/div>\n\t\t\t\t<\/article>\n\t\t\t\t<article class=\"elementor-post elementor-grid-item post-185387 post type-post status-publish format-standard has-post-thumbnail hentry category-notas-de-imprensa tag-easyfairs tag-eventos tag-feiras tag-global-exhibitions-day tag-ufi\" role=\"listitem\">\n\t\t\t\t<div class=\"elementor-post__text\">\n\t\t\t\t<h3 class=\"elementor-post__title\">\n\t\t\t<a href=\"https:\/\/www.empacklogisticsautomationporto.com\/pt-pt\/2026\/06\/04\/easyfairs-celebra-o-global-exhibitions-day-reforcando-a-aposta-nas-feiras-como-o-maior-gerador-de-oportunidades-para-a-industria\/\" >\n\t\t\t\tEasyfairs celebra o Global Exhibitions Day, refor\u00e7ando a aposta nas feiras como o maior gerador de oportunidades para a ind\u00fastria\t\t\t<\/a>\n\t\t<\/h3>\n\t\t\t\t<div class=\"elementor-post__excerpt\">\n\t\t\t<p>Easyfairs celebra o Global Exhibitions Day, refor\u00e7ando a aposta nas feiras como o maior gerador de oportunidades para a ind\u00fastria A iniciativa, promovida pela UFI<\/p>\n\t\t<\/div>\n\t\t\n\t\t<a class=\"elementor-post__read-more\" href=\"https:\/\/www.empacklogisticsautomationporto.com\/pt-pt\/2026\/06\/04\/easyfairs-celebra-o-global-exhibitions-day-reforcando-a-aposta-nas-feiras-como-o-maior-gerador-de-oportunidades-para-a-industria\/\" aria-label=\"Read more about Easyfairs celebra o Global Exhibitions Day, refor\u00e7ando a aposta nas feiras como o maior gerador de oportunidades para a ind\u00fastria\" tabindex=\"-1\" >\n\t\t\tRead More \u00bb\t\t<\/a>\n\n\t\t\t\t<\/div>\n\t\t\t\t<\/article>\n\t\t\t\t<article class=\"elementor-post elementor-grid-item post-185372 post type-post status-publish format-standard has-post-thumbnail hentry category-blog category-um-cafe-com tag-dc-automation-engineering-manager tag-javier-viudes-molla tag-sprinter-jd-group tag-um-cafe-com\" role=\"listitem\">\n\t\t\t\t<div class=\"elementor-post__text\">\n\t\t\t\t<h3 class=\"elementor-post__title\">\n\t\t\t<a href=\"https:\/\/www.empacklogisticsautomationporto.com\/pt-pt\/2026\/06\/02\/um-cafe-com-javier-viudes-molla-dc-automation-engineering-manager-na-sprinter-jd-group\/\" >\n\t\t\t\tUm caf\u00e9 com Javier Viudes Moll\u00e1, DC Automation &#038; Engineering Manager na Sprinter (JD Group)\t\t\t<\/a>\n\t\t<\/h3>\n\t\t\t\t<div class=\"elementor-post__excerpt\">\n\t\t\t<p>Um caf\u00e9 com Javier Viudes Moll\u00e1, DC Automation &amp; Engineering Manager na Sprinter (JD Group) Empack e L&amp;A Porto: Javier, a partir da sua fun\u00e7\u00e3o<\/p>\n\t\t<\/div>\n\t\t\n\t\t<a class=\"elementor-post__read-more\" href=\"https:\/\/www.empacklogisticsautomationporto.com\/pt-pt\/2026\/06\/02\/um-cafe-com-javier-viudes-molla-dc-automation-engineering-manager-na-sprinter-jd-group\/\" aria-label=\"Read more about Um caf\u00e9 com Javier Viudes Moll\u00e1, DC Automation &#038; Engineering Manager na Sprinter (JD Group)\" tabindex=\"-1\" >\n\t\t\tRead More \u00bb\t\t<\/a>\n\n\t\t\t\t<\/div>\n\t\t\t\t<\/article>\n\t\t\t\t<\/div>\n\t\t\n\t\t\t\t\t\t<\/div>\n\t\t\t\t<\/div>\n\t\t\t\t<div class=\"elementor-element elementor-element-1f3f2b92 elementor-widget-divider--view-line elementor-widget elementor-widget-divider\" data-id=\"1f3f2b92\" data-element_type=\"widget\" data-e-type=\"widget\" data-widget_type=\"divider.default\">\n\t\t\t\t<div class=\"elementor-widget-container\">\n\t\t\t\t\t\t\t<div class=\"elementor-divider\">\n\t\t\t<span class=\"elementor-divider-separator\">\n\t\t\t\t\t\t<\/span>\n\t\t<\/div>\n\t\t\t\t\t\t<\/div>\n\t\t\t\t<\/div>\n\t\t\t\t\t<\/div>\n\t\t<\/div>\n\t\t\t\t\t<\/div>\n\t\t<\/section>\n\t\t\t\t<\/div>\n\t\t","protected":false},"excerpt":{"rendered":"<p>Novas regras de embalagens na Uni\u00e3o Europeia: saiba o que muda A UE aplica novas regras de embalagens alimentares, com limites a qu\u00edmicos e mais exig\u00eancias para produtos vindos de fora da Europa. Entrou em vigor em toda a Uni\u00e3o Europeia um novo conjunto de regras sobre embalagens, com impacto direto no que chega \u00e0s [&hellip;]<\/p>\n","protected":false},"author":1256,"featured_media":185585,"comment_status":"closed","ping_status":"closed","sticky":false,"template":"","format":"standard","meta":{"_seopress_titles_title":"Not\u00edcias | Empack e Logistics & Automation Porto","_seopress_titles_desc":"Veja as not\u00edcias dos sectores de embalagem e log\u00edstica em Portugal.","_seopress_robots_index":"","_seopress_robots_follow":"","_seopress_robots_imageindex":"","_seopress_robots_snippet":"","_seopress_robots_primary_cat":"none","_seopress_robots_breadcrumbs":"","_seopress_robots_freeze_modified_date":"","_seopress_robots_custom_modified_date":"","_seopress_robots_canonical":"","_seopress_social_fb_title":"","_seopress_social_fb_desc":"","_seopress_social_fb_img":"","_seopress_social_fb_img_attachment_id":0,"_seopress_social_fb_img_width":0,"_seopress_social_fb_img_height":0,"_seopress_social_twitter_title":"","_seopress_social_twitter_desc":"","_seopress_social_twitter_img":"","_seopress_social_twitter_img_attachment_id":0,"_seopress_social_twitter_img_width":0,"_seopress_social_twitter_img_height":0,"_seopress_redirections_value":"","_seopress_redirections_enabled":"","_seopress_redirections_enabled_regex":"","_seopress_redirections_logged_status":"both","_seopress_redirections_param":"","_seopress_redirections_type":301,"_seopress_analysis_target_kw":"not\u00edcias,Portugal,Newsletter,Subscreva,Uni\u00e3o Europeia,importa\u00e7\u00f5es l\u00edquidas,mat\u00e9rias-primas recicl\u00e1veis","_seopress_news_disabled":"","_seopress_video_disabled":"","_seopress_video":[{"url":"","title":"","desc":"","thumbnail":"","duration":"","rating":"","view_count":"","tag":""}],"_seopress_pro_schemas_manual":[],"_seopress_pro_rich_snippets_disable_all":"","_seopress_pro_rich_snippets_disable":[],"_seopress_pro_schemas":[],"footnotes":""},"categories":[392],"tags":[827,2113,1682],"edition":[],"class_list":["post-185576","post","type-post","status-publish","format-standard","has-post-thumbnail","hentry","category-blog","tag-embalagens","tag-novas-regras","tag-uniao-europeia"],"_links":{"self":[{"href":"https:\/\/www.empacklogisticsautomationporto.com\/pt-pt\/wp-json\/wp\/v2\/posts\/185576","targetHints":{"allow":["GET"]}}],"collection":[{"href":"https:\/\/www.empacklogisticsautomationporto.com\/pt-pt\/wp-json\/wp\/v2\/posts"}],"about":[{"href":"https:\/\/www.empacklogisticsautomationporto.com\/pt-pt\/wp-json\/wp\/v2\/types\/post"}],"author":[{"embeddable":true,"href":"https:\/\/www.empacklogisticsautomationporto.com\/pt-pt\/wp-json\/wp\/v2\/users\/1256"}],"replies":[{"embeddable":true,"href":"https:\/\/www.empacklogisticsautomationporto.com\/pt-pt\/wp-json\/wp\/v2\/comments?post=185576"}],"version-history":[{"count":5,"href":"https:\/\/www.empacklogisticsautomationporto.com\/pt-pt\/wp-json\/wp\/v2\/posts\/185576\/revisions"}],"predecessor-version":[{"id":185606,"href":"https:\/\/www.empacklogisticsautomationporto.com\/pt-pt\/wp-json\/wp\/v2\/posts\/185576\/revisions\/185606"}],"wp:featuredmedia":[{"embeddable":true,"href":"https:\/\/www.empacklogisticsautomationporto.com\/pt-pt\/wp-json\/wp\/v2\/media\/185585"}],"wp:attachment":[{"href":"https:\/\/www.empacklogisticsautomationporto.com\/pt-pt\/wp-json\/wp\/v2\/media?parent=185576"}],"wp:term":[{"taxonomy":"category","embeddable":true,"href":"https:\/\/www.empacklogisticsautomationporto.com\/pt-pt\/wp-json\/wp\/v2\/categories?post=185576"},{"taxonomy":"post_tag","embeddable":true,"href":"https:\/\/www.empacklogisticsautomationporto.com\/pt-pt\/wp-json\/wp\/v2\/tags?post=185576"},{"taxonomy":"edition","embeddable":true,"href":"https:\/\/www.empacklogisticsautomationporto.com\/pt-pt\/wp-json\/wp\/v2\/edition?post=185576"}],"curies":[{"name":"wp","href":"https:\/\/api.w.org\/{rel}","templated":true}]}}