{"id":185598,"date":"2026-08-31T09:52:07","date_gmt":"2026-08-31T08:52:07","guid":{"rendered":"https:\/\/www.empacklogisticsautomationporto.com\/?p=185598"},"modified":"2026-08-31T09:52:41","modified_gmt":"2026-08-31T08:52:41","slug":"portugal-entre-os-dez-mercados-de-data-centres-com-maior-crescimento-a-nivel-mundial","status":"publish","type":"post","link":"https:\/\/www.empacklogisticsautomationporto.com\/pt-pt\/2026\/08\/31\/portugal-entre-os-dez-mercados-de-data-centres-com-maior-crescimento-a-nivel-mundial\/","title":{"rendered":"Portugal entre os dez mercados de data centres com maior crescimento a n\u00edvel mundial"},"content":{"rendered":"\t\t<div data-elementor-type=\"wp-post\" data-elementor-id=\"185598\" class=\"elementor elementor-185598\" data-elementor-post-type=\"post\">\n\t\t\t\t\t\t<section class=\"elementor-section elementor-top-section elementor-element elementor-element-6c4d399f elementor-section-full_width elementor-section-height-default elementor-section-height-default\" data-id=\"6c4d399f\" data-element_type=\"section\" data-e-type=\"section\">\n\t\t\t\t\t\t<div class=\"elementor-container elementor-column-gap-default\">\n\t\t\t\t\t<div class=\"elementor-column elementor-col-50 elementor-top-column elementor-element elementor-element-7e8189c8\" data-id=\"7e8189c8\" data-element_type=\"column\" data-e-type=\"column\">\n\t\t\t<div class=\"elementor-widget-wrap elementor-element-populated\">\n\t\t\t\t\t\t<div class=\"elementor-element elementor-element-5385dc8d elementor-invisible elementor-widget elementor-widget-heading\" data-id=\"5385dc8d\" data-element_type=\"widget\" data-e-type=\"widget\" data-settings=\"{&quot;_animation&quot;:&quot;fadeIn&quot;}\" data-widget_type=\"heading.default\">\n\t\t\t\t<div class=\"elementor-widget-container\">\n\t\t\t\t\t<h1 class=\"elementor-heading-title elementor-size-default\">Portugal entre os dez mercados de data centres com maior crescimento a n\u00edvel mundial desde 2024<\/h1>\t\t\t\t<\/div>\n\t\t\t\t<\/div>\n\t\t\t\t<div class=\"elementor-element elementor-element-4979ee1 elementor-widget-tablet__width-initial elementor-widget__width-initial elementor-widget elementor-widget-text-editor\" data-id=\"4979ee1\" data-element_type=\"widget\" data-e-type=\"widget\" data-settings=\"{&quot;_animation&quot;:&quot;none&quot;}\" data-widget_type=\"text-editor.default\">\n\t\t\t\t<div class=\"elementor-widget-container\">\n\t\t\t\t\t\t\t\t\t<p>Portugal ocupa o d\u00e9cimo lugar entre os mercados de data centres que mais cresceram a n\u00edvel mundial desde 2024, com uma expans\u00e3o de 23% da capacidade instalada (live IT power). Estes dados constam da plataforma global de an\u00e1lise de tend\u00eancias da Savills, Impacts, que analisou a evolu\u00e7\u00e3o deste setor em v\u00e1rios mercados internacionais com base em dados da DC Byte.<\/p><p>Al\u00e9m de Portugal, outros quatro mercados da regi\u00e3o EMEA integram a lista dos dez que mais cresceram a n\u00edvel mundial. A Finl\u00e2ndia surge em terceiro lugar, com um crescimento de 57% desde 2024, seguida da Ar\u00e1bia Saudita, em quarto, tamb\u00e9m com 57%. A Dinamarca ocupa o sexto lugar, com 38%, e a Fran\u00e7a o nono, com 28%. Apesar deste ritmo de expans\u00e3o, a Savills sublinha que a capacidade instalada nestes mercados permanece reduzida em termos absolutos, quando comparada com os principais polos mundiais do setor.<\/p><p>Os Estados Unidos continuam a dominar o mercado global de data centres, com cerca de 50GW de capacidade instalada e um crescimento de 19% desde 2024, seguidos pela China. Jap\u00e3o, Reino Unido, Alemanha, Irlanda e Pa\u00edses Baixos mant\u00eam-se como mercados de grande dimens\u00e3o, j\u00e1 maduros, com uma escala significativa em termos absolutos, mas um crescimento recente mais moderado, \u00e0 medida que o acesso \u00e0 rede el\u00e9trica se torna um fator cada vez mais limitativo.<\/p><p>A Savills considera que estes ecossistemas consolidados, gra\u00e7as \u00e0 conectividade e \u00e0 base de clientes que re\u00fanem, dever\u00e3o manter-se como mercados incontorn\u00e1veis a n\u00edvel global, ainda que a constru\u00e7\u00e3o de novos data centres se torne mais dif\u00edcil devido a restri\u00e7\u00f5es de custos, terrenos, capacidade de rede e outros condicionalismos de desenvolvimento.<\/p><p>Rupert Duckworth, Associate Director da \u00e1rea de EMEA Data Centre Advisory da Savills, afirma: \u201cNo crescimento dos data centres impulsionado pela IA, os pa\u00edses n\u00f3rdicos, com destaque para a Finl\u00e2ndia, a Dinamarca e a Noruega, apresentam-se como uma das propostas de implementa\u00e7\u00e3o mais evidentes a n\u00edvel mundial: energia limpa a baixo custo, temperaturas mais frias para a opera\u00e7\u00e3o e menos limita\u00e7\u00f5es f\u00edsicas. Esta regi\u00e3o tem-se afirmado como um polo de desenvolvimento de grande escala orientado para a IA, com v\u00e1rios campus de dimens\u00e3o significativa atualmente em curso.\u201d<\/p><p>Tiago Cortez, Associate Director, Industrial, Logistics &amp; Data Centres da Savills Portugal conclui: \u201cPortugal ganhou uma enorme visibilidade junto dos grande investidores e operadores mundiais de data centres. Com os grandes projetos que j\u00e1 est\u00e3o em curso e com a manifesta\u00e7\u00e3o de inten\u00e7\u00f5es para novos projetos, Portugal vai ser claramente um dos grandes destinos mundiais de grandes centros de dados.\u201d<\/p>\t\t\t\t\t\t\t\t<\/div>\n\t\t\t\t<\/div>\n\t\t\t\t<div class=\"elementor-element elementor-element-8a464ed elementor-align-center elementor-widget elementor-widget-button\" data-id=\"8a464ed\" data-element_type=\"widget\" data-e-type=\"widget\" data-widget_type=\"button.default\">\n\t\t\t\t<div class=\"elementor-widget-container\">\n\t\t\t\t\t\t\t\t\t<div class=\"elementor-button-wrapper\">\n\t\t\t\t\t<a class=\"elementor-button elementor-button-link elementor-size-sm\" href=\"https:\/\/logisticamoderna.com\/portugal-entre-os-dez-mercados-de-data-centres-com-maior-crescimento-a-nivel-mundial-desde-2024\/\">\n\t\t\t\t\t\t<span class=\"elementor-button-content-wrapper\">\n\t\t\t\t\t\t\t\t\t<span class=\"elementor-button-text\">Continue a ler...<\/span>\n\t\t\t\t\t<\/span>\n\t\t\t\t\t<\/a>\n\t\t\t\t<\/div>\n\t\t\t\t\t\t\t\t<\/div>\n\t\t\t\t<\/div>\n\t\t\t\t\t<\/div>\n\t\t<\/div>\n\t\t\t\t<div class=\"elementor-column elementor-col-50 elementor-top-column elementor-element elementor-element-19dc3572\" data-id=\"19dc3572\" data-element_type=\"column\" data-e-type=\"column\">\n\t\t\t<div class=\"elementor-widget-wrap elementor-element-populated\">\n\t\t\t\t\t\t<div class=\"elementor-element elementor-element-404ac641 elementor-grid-1 elementor-posts--thumbnail-none elementor-grid-tablet-1 elementor-grid-mobile-1 elementor-widget elementor-widget-posts\" data-id=\"404ac641\" data-element_type=\"widget\" data-e-type=\"widget\" data-settings=\"{&quot;classic_columns&quot;:&quot;1&quot;,&quot;classic_row_gap&quot;:{&quot;unit&quot;:&quot;px&quot;,&quot;size&quot;:&quot;23&quot;,&quot;sizes&quot;:[]},&quot;classic_columns_tablet&quot;:&quot;1&quot;,&quot;_animation&quot;:&quot;none&quot;,&quot;classic_columns_mobile&quot;:&quot;1&quot;,&quot;classic_row_gap_tablet&quot;:{&quot;unit&quot;:&quot;px&quot;,&quot;size&quot;:&quot;&quot;,&quot;sizes&quot;:[]},&quot;classic_row_gap_mobile&quot;:{&quot;unit&quot;:&quot;px&quot;,&quot;size&quot;:&quot;&quot;,&quot;sizes&quot;:[]}}\" data-widget_type=\"posts.classic\">\n\t\t\t\t<div class=\"elementor-widget-container\">\n\t\t\t\t\t\t\t<div class=\"elementor-posts-container elementor-posts elementor-posts--skin-classic elementor-grid\" role=\"list\">\n\t\t\t\t<article class=\"elementor-post elementor-grid-item post-185630 post type-post status-publish format-standard has-post-thumbnail hentry category-blog category-um-cafe-com tag-directora-de-logistica tag-elena-de-los-rios tag-um-cafe-com tag-unide-cooperativa\" role=\"listitem\">\n\t\t\t\t<div class=\"elementor-post__text\">\n\t\t\t\t<h3 class=\"elementor-post__title\">\n\t\t\t<a href=\"https:\/\/www.empacklogisticsautomationporto.com\/pt-pt\/2026\/08\/31\/um-cafe-com-elena-de-los-rios-directora-de-logistica-na-unide-cooperativa\/\" >\n\t\t\t\tUm caf\u00e9 com Elena de los R\u00edos, Directora de Log\u00edstica na UNIDE COOPERATIVA\t\t\t<\/a>\n\t\t<\/h3>\n\t\t\t\t<div class=\"elementor-post__excerpt\">\n\t\t\t<p>Um caf\u00e9 com Elena de los R\u00edos, Directora de Log\u00edstica da UNIDE COOPERATIVA Licenciada em Administra\u00e7\u00e3o e Dire\u00e7\u00e3o de Empresas pela Universidade de Castilla-La Mancha,<\/p>\n\t\t<\/div>\n\t\t\n\t\t<a class=\"elementor-post__read-more\" href=\"https:\/\/www.empacklogisticsautomationporto.com\/pt-pt\/2026\/08\/31\/um-cafe-com-elena-de-los-rios-directora-de-logistica-na-unide-cooperativa\/\" aria-label=\"Read more about Um caf\u00e9 com Elena de los R\u00edos, Directora de Log\u00edstica na UNIDE COOPERATIVA\" tabindex=\"-1\" >\n\t\t\tRead More \u00bb\t\t<\/a>\n\n\t\t\t\t<\/div>\n\t\t\t\t<\/article>\n\t\t\t\t<article class=\"elementor-post elementor-grid-item post-185612 post type-post status-publish format-standard has-post-thumbnail hentry category-blog tag-co2 tag-easyjet tag-green-smart tag-plataforma tag-sustentabilidade\" role=\"listitem\">\n\t\t\t\t<div class=\"elementor-post__text\">\n\t\t\t\t<h3 class=\"elementor-post__title\">\n\t\t\t<a href=\"https:\/\/www.empacklogisticsautomationporto.com\/pt-pt\/2026\/08\/31\/easyjet-implementa-plataforma-para-evitar-10-mil-toneladas-de-co2-por-ano\/\" >\n\t\t\t\tEasyJet implementa plataforma para evitar 10 mil toneladas de CO2 por ano\t\t\t<\/a>\n\t\t<\/h3>\n\t\t\t\t<div class=\"elementor-post__excerpt\">\n\t\t\t<p>EasyJet implementa plataforma para evitar 10 mil toneladas de CO2 por ano Solu\u00e7\u00e3o permite aos pilotos encomendar e validar o combust\u00edvel de forma digital e<\/p>\n\t\t<\/div>\n\t\t\n\t\t<a class=\"elementor-post__read-more\" href=\"https:\/\/www.empacklogisticsautomationporto.com\/pt-pt\/2026\/08\/31\/easyjet-implementa-plataforma-para-evitar-10-mil-toneladas-de-co2-por-ano\/\" aria-label=\"Read more about EasyJet implementa plataforma para evitar 10 mil toneladas de CO2 por ano\" tabindex=\"-1\" >\n\t\t\tRead More \u00bb\t\t<\/a>\n\n\t\t\t\t<\/div>\n\t\t\t\t<\/article>\n\t\t\t\t<article class=\"elementor-post elementor-grid-item post-185598 post type-post status-publish format-standard has-post-thumbnail hentry category-blog tag-crescimento tag-data-centres tag-mercados tag-portugal\" role=\"listitem\">\n\t\t\t\t<div class=\"elementor-post__text\">\n\t\t\t\t<h3 class=\"elementor-post__title\">\n\t\t\t<a href=\"https:\/\/www.empacklogisticsautomationporto.com\/pt-pt\/2026\/08\/31\/portugal-entre-os-dez-mercados-de-data-centres-com-maior-crescimento-a-nivel-mundial\/\" >\n\t\t\t\tPortugal entre os dez mercados de data centres com maior crescimento a n\u00edvel mundial\t\t\t<\/a>\n\t\t<\/h3>\n\t\t\t\t<div class=\"elementor-post__excerpt\">\n\t\t\t<p>Portugal entre os dez mercados de data centres com maior crescimento a n\u00edvel mundial desde 2024 Portugal ocupa o d\u00e9cimo lugar entre os mercados de<\/p>\n\t\t<\/div>\n\t\t\n\t\t<a class=\"elementor-post__read-more\" href=\"https:\/\/www.empacklogisticsautomationporto.com\/pt-pt\/2026\/08\/31\/portugal-entre-os-dez-mercados-de-data-centres-com-maior-crescimento-a-nivel-mundial\/\" aria-label=\"Read more about Portugal entre os dez mercados de data centres com maior crescimento a n\u00edvel mundial\" tabindex=\"-1\" >\n\t\t\tRead More \u00bb\t\t<\/a>\n\n\t\t\t\t<\/div>\n\t\t\t\t<\/article>\n\t\t\t\t<article class=\"elementor-post elementor-grid-item post-185576 post type-post status-publish format-standard has-post-thumbnail hentry category-blog tag-embalagens tag-novas-regras tag-uniao-europeia\" role=\"listitem\">\n\t\t\t\t<div class=\"elementor-post__text\">\n\t\t\t\t<h3 class=\"elementor-post__title\">\n\t\t\t<a href=\"https:\/\/www.empacklogisticsautomationporto.com\/pt-pt\/2026\/08\/31\/novas-regras-de-embalagens-na-uniao-europeia-saiba-o-que-muda\/\" >\n\t\t\t\tNovas regras de embalagens na Uni\u00e3o Europeia: saiba o que muda\t\t\t<\/a>\n\t\t<\/h3>\n\t\t\t\t<div class=\"elementor-post__excerpt\">\n\t\t\t<p>Novas regras de embalagens na Uni\u00e3o Europeia: saiba o que muda A UE aplica novas regras de embalagens alimentares, com limites a qu\u00edmicos e mais<\/p>\n\t\t<\/div>\n\t\t\n\t\t<a class=\"elementor-post__read-more\" href=\"https:\/\/www.empacklogisticsautomationporto.com\/pt-pt\/2026\/08\/31\/novas-regras-de-embalagens-na-uniao-europeia-saiba-o-que-muda\/\" aria-label=\"Read more about Novas regras de embalagens na Uni\u00e3o Europeia: saiba o que muda\" tabindex=\"-1\" >\n\t\t\tRead More \u00bb\t\t<\/a>\n\n\t\t\t\t<\/div>\n\t\t\t\t<\/article>\n\t\t\t\t<\/div>\n\t\t\n\t\t\t\t\t\t<\/div>\n\t\t\t\t<\/div>\n\t\t\t\t<div class=\"elementor-element elementor-element-1f3f2b92 elementor-widget-divider--view-line elementor-widget elementor-widget-divider\" data-id=\"1f3f2b92\" data-element_type=\"widget\" data-e-type=\"widget\" data-widget_type=\"divider.default\">\n\t\t\t\t<div class=\"elementor-widget-container\">\n\t\t\t\t\t\t\t<div class=\"elementor-divider\">\n\t\t\t<span class=\"elementor-divider-separator\">\n\t\t\t\t\t\t<\/span>\n\t\t<\/div>\n\t\t\t\t\t\t<\/div>\n\t\t\t\t<\/div>\n\t\t\t\t\t<\/div>\n\t\t<\/div>\n\t\t\t\t\t<\/div>\n\t\t<\/section>\n\t\t\t\t<\/div>\n\t\t","protected":false},"excerpt":{"rendered":"<p>Portugal entre os dez mercados de data centres com maior crescimento a n\u00edvel mundial desde 2024 Portugal ocupa o d\u00e9cimo lugar entre os mercados de data centres que mais cresceram a n\u00edvel mundial desde 2024, com uma expans\u00e3o de 23% da capacidade instalada (live IT power). Estes dados constam da plataforma global de an\u00e1lise de [&hellip;]<\/p>\n","protected":false},"author":1256,"featured_media":185592,"comment_status":"closed","ping_status":"closed","sticky":false,"template":"","format":"standard","meta":{"_seopress_titles_title":"Not\u00edcias | Empack e Logistics & Automation Porto","_seopress_titles_desc":"Veja as not\u00edcias dos sectores de embalagem e log\u00edstica em Portugal.","_seopress_robots_index":"","_seopress_robots_follow":"","_seopress_robots_imageindex":"","_seopress_robots_snippet":"","_seopress_robots_primary_cat":"none","_seopress_robots_breadcrumbs":"","_seopress_robots_freeze_modified_date":"","_seopress_robots_custom_modified_date":"","_seopress_robots_canonical":"","_seopress_social_fb_title":"","_seopress_social_fb_desc":"","_seopress_social_fb_img":"","_seopress_social_fb_img_attachment_id":0,"_seopress_social_fb_img_width":0,"_seopress_social_fb_img_height":0,"_seopress_social_twitter_title":"","_seopress_social_twitter_desc":"","_seopress_social_twitter_img":"","_seopress_social_twitter_img_attachment_id":0,"_seopress_social_twitter_img_width":0,"_seopress_social_twitter_img_height":0,"_seopress_redirections_value":"","_seopress_redirections_enabled":"","_seopress_redirections_enabled_regex":"","_seopress_redirections_logged_status":"both","_seopress_redirections_param":"","_seopress_redirections_type":301,"_seopress_analysis_target_kw":"not\u00edcias,Portugal,Newsletter,Subscreva,Uni\u00e3o Europeia,importa\u00e7\u00f5es l\u00edquidas,mat\u00e9rias-primas recicl\u00e1veis","_seopress_news_disabled":"","_seopress_video_disabled":"","_seopress_video":[{"url":"","title":"","desc":"","thumbnail":"","duration":"","rating":"","view_count":"","tag":""}],"_seopress_pro_schemas_manual":[],"_seopress_pro_rich_snippets_disable_all":"","_seopress_pro_rich_snippets_disable":[],"_seopress_pro_schemas":[],"footnotes":""},"categories":[392],"tags":[1615,2117,2116,671],"edition":[],"class_list":["post-185598","post","type-post","status-publish","format-standard","has-post-thumbnail","hentry","category-blog","tag-crescimento","tag-data-centres","tag-mercados","tag-portugal"],"_links":{"self":[{"href":"https:\/\/www.empacklogisticsautomationporto.com\/pt-pt\/wp-json\/wp\/v2\/posts\/185598","targetHints":{"allow":["GET"]}}],"collection":[{"href":"https:\/\/www.empacklogisticsautomationporto.com\/pt-pt\/wp-json\/wp\/v2\/posts"}],"about":[{"href":"https:\/\/www.empacklogisticsautomationporto.com\/pt-pt\/wp-json\/wp\/v2\/types\/post"}],"author":[{"embeddable":true,"href":"https:\/\/www.empacklogisticsautomationporto.com\/pt-pt\/wp-json\/wp\/v2\/users\/1256"}],"replies":[{"embeddable":true,"href":"https:\/\/www.empacklogisticsautomationporto.com\/pt-pt\/wp-json\/wp\/v2\/comments?post=185598"}],"version-history":[{"count":5,"href":"https:\/\/www.empacklogisticsautomationporto.com\/pt-pt\/wp-json\/wp\/v2\/posts\/185598\/revisions"}],"predecessor-version":[{"id":185611,"href":"https:\/\/www.empacklogisticsautomationporto.com\/pt-pt\/wp-json\/wp\/v2\/posts\/185598\/revisions\/185611"}],"wp:featuredmedia":[{"embeddable":true,"href":"https:\/\/www.empacklogisticsautomationporto.com\/pt-pt\/wp-json\/wp\/v2\/media\/185592"}],"wp:attachment":[{"href":"https:\/\/www.empacklogisticsautomationporto.com\/pt-pt\/wp-json\/wp\/v2\/media?parent=185598"}],"wp:term":[{"taxonomy":"category","embeddable":true,"href":"https:\/\/www.empacklogisticsautomationporto.com\/pt-pt\/wp-json\/wp\/v2\/categories?post=185598"},{"taxonomy":"post_tag","embeddable":true,"href":"https:\/\/www.empacklogisticsautomationporto.com\/pt-pt\/wp-json\/wp\/v2\/tags?post=185598"},{"taxonomy":"edition","embeddable":true,"href":"https:\/\/www.empacklogisticsautomationporto.com\/pt-pt\/wp-json\/wp\/v2\/edition?post=185598"}],"curies":[{"name":"wp","href":"https:\/\/api.w.org\/{rel}","templated":true}]}}