{"id":185612,"date":"2026-08-31T10:45:24","date_gmt":"2026-08-31T09:45:24","guid":{"rendered":"https:\/\/www.empacklogisticsautomationporto.com\/?p=185612"},"modified":"2026-08-31T10:53:42","modified_gmt":"2026-08-31T09:53:42","slug":"easyjet-implementa-plataforma-para-evitar-10-mil-toneladas-de-co2-por-ano","status":"publish","type":"post","link":"https:\/\/www.empacklogisticsautomationporto.com\/pt-pt\/2026\/08\/31\/easyjet-implementa-plataforma-para-evitar-10-mil-toneladas-de-co2-por-ano\/","title":{"rendered":"EasyJet implementa plataforma para evitar 10 mil toneladas de CO2 por ano"},"content":{"rendered":"\t\t<div data-elementor-type=\"wp-post\" data-elementor-id=\"185612\" class=\"elementor elementor-185612\" data-elementor-post-type=\"post\">\n\t\t\t\t\t\t<section class=\"elementor-section elementor-top-section elementor-element elementor-element-6c4d399f elementor-section-full_width elementor-section-height-default elementor-section-height-default\" data-id=\"6c4d399f\" data-element_type=\"section\" data-e-type=\"section\">\n\t\t\t\t\t\t<div class=\"elementor-container elementor-column-gap-default\">\n\t\t\t\t\t<div class=\"elementor-column elementor-col-50 elementor-top-column elementor-element elementor-element-7e8189c8\" data-id=\"7e8189c8\" data-element_type=\"column\" data-e-type=\"column\">\n\t\t\t<div class=\"elementor-widget-wrap elementor-element-populated\">\n\t\t\t\t\t\t<div class=\"elementor-element elementor-element-5385dc8d elementor-invisible elementor-widget elementor-widget-heading\" data-id=\"5385dc8d\" data-element_type=\"widget\" data-e-type=\"widget\" data-settings=\"{&quot;_animation&quot;:&quot;fadeIn&quot;}\" data-widget_type=\"heading.default\">\n\t\t\t\t<div class=\"elementor-widget-container\">\n\t\t\t\t\t<h1 class=\"elementor-heading-title elementor-size-default\">EasyJet implementa plataforma para evitar 10 mil toneladas de CO2 por ano<\/h1>\t\t\t\t<\/div>\n\t\t\t\t<\/div>\n\t\t\t\t<div class=\"elementor-element elementor-element-67feaf7 elementor-invisible elementor-widget elementor-widget-heading\" data-id=\"67feaf7\" data-element_type=\"widget\" data-e-type=\"widget\" data-settings=\"{&quot;_animation&quot;:&quot;fadeIn&quot;}\" data-widget_type=\"heading.default\">\n\t\t\t\t<div class=\"elementor-widget-container\">\n\t\t\t\t\t<h2 class=\"elementor-heading-title elementor-size-default\">Solu\u00e7\u00e3o permite aos pilotos encomendar e validar o combust\u00edvel de forma digital e aceder a informa\u00e7\u00e3o mais precisa para reduzir o consumo e as emiss\u00f5es.<\/h2>\t\t\t\t<\/div>\n\t\t\t\t<\/div>\n\t\t\t\t<div class=\"elementor-element elementor-element-4979ee1 elementor-widget-tablet__width-initial elementor-widget__width-initial elementor-widget elementor-widget-text-editor\" data-id=\"4979ee1\" data-element_type=\"widget\" data-e-type=\"widget\" data-settings=\"{&quot;_animation&quot;:&quot;none&quot;}\" data-widget_type=\"text-editor.default\">\n\t\t\t\t<div class=\"elementor-widget-container\">\n\t\t\t\t\t\t\t\t\t<p>A EasyJet implementou uma plataforma digital que lhe ir\u00e1 permitir evitar a emiss\u00e3o de cerca de10 mil toneladas de CO2 por ano. O feito ser\u00e1 alcan\u00e7ado devido a uma parceria com o i6 Group, que disponibiliza o eHandshake, uma plataforma digital que moderniza os processos de abastecimento de aeronaves.<\/p><p>Em concreto, a companhia a\u00e9rea est\u00e1 a integrar esta tecnologia na sua plataforma de pilotos j\u00e1 existente, ETechlog, permitindo aos pilotos encomendar e validar o combust\u00edvel de forma digital e aceder a informa\u00e7\u00e3o mais precisa para reduzir o consumo e as emiss\u00f5es.<\/p><p>A companhia explica que ao substituir processos em papel por um fluxo digital \u00fanico de abastecimento, a plataforma liga pilotos, fornecedores de combust\u00edvel e equipas operacionais em tempo real, simplificando a comunica\u00e7\u00e3o e melhorando a precis\u00e3o da encomenda e da entrega de combust\u00edvel. Ao longo do processo, esta medida permitir\u00e1 ainda poupar cerca de 600 mil folhas de papel por ano.<\/p><p>Outra vantagem ser\u00e1 uma maior visibilidade e controlo sobre o abastecimento em toda a opera\u00e7\u00e3o, contribuindo para garantir que as aeronaves recebem a quantidade de combust\u00edvel necess\u00e1ria. Desta forma, ajudar\u00e1 a reduzir custos e emiss\u00f5es, ao evitar peso desnecess\u00e1rio a bordo e o consumo adicional associado ao transporte desse peso.<\/p><p>A implementa\u00e7\u00e3o ser\u00e1 faseada. A fase inicial abrange aproximadamente metade da rede da companhia a\u00e9rea, prevendo-se que venha a chegar a cerca de 90% dos destinos nos pr\u00f3ximos tr\u00eas anos.<\/p>\t\t\t\t\t\t\t\t<\/div>\n\t\t\t\t<\/div>\n\t\t\t\t<div class=\"elementor-element elementor-element-8a464ed elementor-align-center elementor-widget elementor-widget-button\" data-id=\"8a464ed\" data-element_type=\"widget\" data-e-type=\"widget\" data-widget_type=\"button.default\">\n\t\t\t\t<div class=\"elementor-widget-container\">\n\t\t\t\t\t\t\t\t\t<div class=\"elementor-button-wrapper\">\n\t\t\t\t\t<a class=\"elementor-button elementor-button-link elementor-size-sm\" href=\"https:\/\/jornalptgreen.pt\/noticia\/easyjet-implementa-plataforma-para-evitar-10-mil-toneladas-de-co2-por-ano\/\">\n\t\t\t\t\t\t<span class=\"elementor-button-content-wrapper\">\n\t\t\t\t\t\t\t\t\t<span class=\"elementor-button-text\">Continue a ler...<\/span>\n\t\t\t\t\t<\/span>\n\t\t\t\t\t<\/a>\n\t\t\t\t<\/div>\n\t\t\t\t\t\t\t\t<\/div>\n\t\t\t\t<\/div>\n\t\t\t\t\t<\/div>\n\t\t<\/div>\n\t\t\t\t<div class=\"elementor-column elementor-col-50 elementor-top-column elementor-element elementor-element-19dc3572\" data-id=\"19dc3572\" data-element_type=\"column\" data-e-type=\"column\">\n\t\t\t<div class=\"elementor-widget-wrap elementor-element-populated\">\n\t\t\t\t\t\t<div class=\"elementor-element elementor-element-404ac641 elementor-grid-1 elementor-posts--thumbnail-none elementor-grid-tablet-1 elementor-grid-mobile-1 elementor-widget elementor-widget-posts\" data-id=\"404ac641\" data-element_type=\"widget\" data-e-type=\"widget\" data-settings=\"{&quot;classic_columns&quot;:&quot;1&quot;,&quot;classic_row_gap&quot;:{&quot;unit&quot;:&quot;px&quot;,&quot;size&quot;:&quot;23&quot;,&quot;sizes&quot;:[]},&quot;classic_columns_tablet&quot;:&quot;1&quot;,&quot;_animation&quot;:&quot;none&quot;,&quot;classic_columns_mobile&quot;:&quot;1&quot;,&quot;classic_row_gap_tablet&quot;:{&quot;unit&quot;:&quot;px&quot;,&quot;size&quot;:&quot;&quot;,&quot;sizes&quot;:[]},&quot;classic_row_gap_mobile&quot;:{&quot;unit&quot;:&quot;px&quot;,&quot;size&quot;:&quot;&quot;,&quot;sizes&quot;:[]}}\" data-widget_type=\"posts.classic\">\n\t\t\t\t<div class=\"elementor-widget-container\">\n\t\t\t\t\t\t\t<div class=\"elementor-posts-container elementor-posts elementor-posts--skin-classic elementor-grid\" role=\"list\">\n\t\t\t\t<article class=\"elementor-post elementor-grid-item post-185630 post type-post status-publish format-standard has-post-thumbnail hentry category-blog category-um-cafe-com tag-directora-de-logistica tag-elena-de-los-rios tag-um-cafe-com tag-unide-cooperativa\" role=\"listitem\">\n\t\t\t\t<div class=\"elementor-post__text\">\n\t\t\t\t<h3 class=\"elementor-post__title\">\n\t\t\t<a href=\"https:\/\/www.empacklogisticsautomationporto.com\/pt-pt\/2026\/08\/31\/um-cafe-com-elena-de-los-rios-directora-de-logistica-na-unide-cooperativa\/\" >\n\t\t\t\tUm caf\u00e9 com Elena de los R\u00edos, Directora de Log\u00edstica na UNIDE COOPERATIVA\t\t\t<\/a>\n\t\t<\/h3>\n\t\t\t\t<div class=\"elementor-post__excerpt\">\n\t\t\t<p>Um caf\u00e9 com Elena de los R\u00edos, Directora de Log\u00edstica da UNIDE COOPERATIVA Licenciada em Administra\u00e7\u00e3o e Dire\u00e7\u00e3o de Empresas pela Universidade de Castilla-La Mancha,<\/p>\n\t\t<\/div>\n\t\t\n\t\t<a class=\"elementor-post__read-more\" href=\"https:\/\/www.empacklogisticsautomationporto.com\/pt-pt\/2026\/08\/31\/um-cafe-com-elena-de-los-rios-directora-de-logistica-na-unide-cooperativa\/\" aria-label=\"Read more about Um caf\u00e9 com Elena de los R\u00edos, Directora de Log\u00edstica na UNIDE COOPERATIVA\" tabindex=\"-1\" >\n\t\t\tRead More \u00bb\t\t<\/a>\n\n\t\t\t\t<\/div>\n\t\t\t\t<\/article>\n\t\t\t\t<article class=\"elementor-post elementor-grid-item post-185612 post type-post status-publish format-standard has-post-thumbnail hentry category-blog tag-co2 tag-easyjet tag-green-smart tag-plataforma tag-sustentabilidade\" role=\"listitem\">\n\t\t\t\t<div class=\"elementor-post__text\">\n\t\t\t\t<h3 class=\"elementor-post__title\">\n\t\t\t<a href=\"https:\/\/www.empacklogisticsautomationporto.com\/pt-pt\/2026\/08\/31\/easyjet-implementa-plataforma-para-evitar-10-mil-toneladas-de-co2-por-ano\/\" >\n\t\t\t\tEasyJet implementa plataforma para evitar 10 mil toneladas de CO2 por ano\t\t\t<\/a>\n\t\t<\/h3>\n\t\t\t\t<div class=\"elementor-post__excerpt\">\n\t\t\t<p>EasyJet implementa plataforma para evitar 10 mil toneladas de CO2 por ano Solu\u00e7\u00e3o permite aos pilotos encomendar e validar o combust\u00edvel de forma digital e<\/p>\n\t\t<\/div>\n\t\t\n\t\t<a class=\"elementor-post__read-more\" href=\"https:\/\/www.empacklogisticsautomationporto.com\/pt-pt\/2026\/08\/31\/easyjet-implementa-plataforma-para-evitar-10-mil-toneladas-de-co2-por-ano\/\" aria-label=\"Read more about EasyJet implementa plataforma para evitar 10 mil toneladas de CO2 por ano\" tabindex=\"-1\" >\n\t\t\tRead More \u00bb\t\t<\/a>\n\n\t\t\t\t<\/div>\n\t\t\t\t<\/article>\n\t\t\t\t<article class=\"elementor-post elementor-grid-item post-185598 post type-post status-publish format-standard has-post-thumbnail hentry category-blog tag-crescimento tag-data-centres tag-mercados tag-portugal\" role=\"listitem\">\n\t\t\t\t<div class=\"elementor-post__text\">\n\t\t\t\t<h3 class=\"elementor-post__title\">\n\t\t\t<a href=\"https:\/\/www.empacklogisticsautomationporto.com\/pt-pt\/2026\/08\/31\/portugal-entre-os-dez-mercados-de-data-centres-com-maior-crescimento-a-nivel-mundial\/\" >\n\t\t\t\tPortugal entre os dez mercados de data centres com maior crescimento a n\u00edvel mundial\t\t\t<\/a>\n\t\t<\/h3>\n\t\t\t\t<div class=\"elementor-post__excerpt\">\n\t\t\t<p>Portugal entre os dez mercados de data centres com maior crescimento a n\u00edvel mundial desde 2024 Portugal ocupa o d\u00e9cimo lugar entre os mercados de<\/p>\n\t\t<\/div>\n\t\t\n\t\t<a class=\"elementor-post__read-more\" href=\"https:\/\/www.empacklogisticsautomationporto.com\/pt-pt\/2026\/08\/31\/portugal-entre-os-dez-mercados-de-data-centres-com-maior-crescimento-a-nivel-mundial\/\" aria-label=\"Read more about Portugal entre os dez mercados de data centres com maior crescimento a n\u00edvel mundial\" tabindex=\"-1\" >\n\t\t\tRead More \u00bb\t\t<\/a>\n\n\t\t\t\t<\/div>\n\t\t\t\t<\/article>\n\t\t\t\t<article class=\"elementor-post elementor-grid-item post-185576 post type-post status-publish format-standard has-post-thumbnail hentry category-blog tag-embalagens tag-novas-regras tag-uniao-europeia\" role=\"listitem\">\n\t\t\t\t<div class=\"elementor-post__text\">\n\t\t\t\t<h3 class=\"elementor-post__title\">\n\t\t\t<a href=\"https:\/\/www.empacklogisticsautomationporto.com\/pt-pt\/2026\/08\/31\/novas-regras-de-embalagens-na-uniao-europeia-saiba-o-que-muda\/\" >\n\t\t\t\tNovas regras de embalagens na Uni\u00e3o Europeia: saiba o que muda\t\t\t<\/a>\n\t\t<\/h3>\n\t\t\t\t<div class=\"elementor-post__excerpt\">\n\t\t\t<p>Novas regras de embalagens na Uni\u00e3o Europeia: saiba o que muda A UE aplica novas regras de embalagens alimentares, com limites a qu\u00edmicos e mais<\/p>\n\t\t<\/div>\n\t\t\n\t\t<a class=\"elementor-post__read-more\" href=\"https:\/\/www.empacklogisticsautomationporto.com\/pt-pt\/2026\/08\/31\/novas-regras-de-embalagens-na-uniao-europeia-saiba-o-que-muda\/\" aria-label=\"Read more about Novas regras de embalagens na Uni\u00e3o Europeia: saiba o que muda\" tabindex=\"-1\" >\n\t\t\tRead More \u00bb\t\t<\/a>\n\n\t\t\t\t<\/div>\n\t\t\t\t<\/article>\n\t\t\t\t<\/div>\n\t\t\n\t\t\t\t\t\t<\/div>\n\t\t\t\t<\/div>\n\t\t\t\t<div class=\"elementor-element elementor-element-1f3f2b92 elementor-widget-divider--view-line elementor-widget elementor-widget-divider\" data-id=\"1f3f2b92\" data-element_type=\"widget\" data-e-type=\"widget\" data-widget_type=\"divider.default\">\n\t\t\t\t<div class=\"elementor-widget-container\">\n\t\t\t\t\t\t\t<div class=\"elementor-divider\">\n\t\t\t<span class=\"elementor-divider-separator\">\n\t\t\t\t\t\t<\/span>\n\t\t<\/div>\n\t\t\t\t\t\t<\/div>\n\t\t\t\t<\/div>\n\t\t\t\t\t<\/div>\n\t\t<\/div>\n\t\t\t\t\t<\/div>\n\t\t<\/section>\n\t\t\t\t<\/div>\n\t\t","protected":false},"excerpt":{"rendered":"<p>EasyJet implementa plataforma para evitar 10 mil toneladas de CO2 por ano Solu\u00e7\u00e3o permite aos pilotos encomendar e validar o combust\u00edvel de forma digital e aceder a informa\u00e7\u00e3o mais precisa para reduzir o consumo e as emiss\u00f5es. A EasyJet implementou uma plataforma digital que lhe ir\u00e1 permitir evitar a emiss\u00e3o de cerca de10 mil toneladas [&hellip;]<\/p>\n","protected":false},"author":1256,"featured_media":185624,"comment_status":"closed","ping_status":"closed","sticky":false,"template":"","format":"standard","meta":{"_seopress_titles_title":"Not\u00edcias | Empack e Logistics & Automation Porto","_seopress_titles_desc":"Veja as not\u00edcias dos sectores de embalagem e log\u00edstica em Portugal.","_seopress_robots_index":"","_seopress_robots_follow":"","_seopress_robots_imageindex":"","_seopress_robots_snippet":"","_seopress_robots_primary_cat":"none","_seopress_robots_breadcrumbs":"","_seopress_robots_freeze_modified_date":"","_seopress_robots_custom_modified_date":"","_seopress_robots_canonical":"","_seopress_social_fb_title":"","_seopress_social_fb_desc":"","_seopress_social_fb_img":"","_seopress_social_fb_img_attachment_id":0,"_seopress_social_fb_img_width":0,"_seopress_social_fb_img_height":0,"_seopress_social_twitter_title":"","_seopress_social_twitter_desc":"","_seopress_social_twitter_img":"","_seopress_social_twitter_img_attachment_id":0,"_seopress_social_twitter_img_width":0,"_seopress_social_twitter_img_height":0,"_seopress_redirections_value":"","_seopress_redirections_enabled":"","_seopress_redirections_enabled_regex":"","_seopress_redirections_logged_status":"both","_seopress_redirections_param":"","_seopress_redirections_type":301,"_seopress_analysis_target_kw":"not\u00edcias,Portugal,Newsletter,Subscreva,Uni\u00e3o Europeia,importa\u00e7\u00f5es l\u00edquidas,mat\u00e9rias-primas recicl\u00e1veis","_seopress_news_disabled":"","_seopress_video_disabled":"","_seopress_video":[{"url":"","title":"","desc":"","thumbnail":"","duration":"","rating":"","view_count":"","tag":""}],"_seopress_pro_schemas_manual":[],"_seopress_pro_rich_snippets_disable_all":"","_seopress_pro_rich_snippets_disable":[],"_seopress_pro_schemas":[],"footnotes":""},"categories":[392],"tags":[1521,2118,1991,2119,954],"edition":[],"class_list":["post-185612","post","type-post","status-publish","format-standard","has-post-thumbnail","hentry","category-blog","tag-co2","tag-easyjet","tag-green-smart","tag-plataforma","tag-sustentabilidade"],"_links":{"self":[{"href":"https:\/\/www.empacklogisticsautomationporto.com\/pt-pt\/wp-json\/wp\/v2\/posts\/185612","targetHints":{"allow":["GET"]}}],"collection":[{"href":"https:\/\/www.empacklogisticsautomationporto.com\/pt-pt\/wp-json\/wp\/v2\/posts"}],"about":[{"href":"https:\/\/www.empacklogisticsautomationporto.com\/pt-pt\/wp-json\/wp\/v2\/types\/post"}],"author":[{"embeddable":true,"href":"https:\/\/www.empacklogisticsautomationporto.com\/pt-pt\/wp-json\/wp\/v2\/users\/1256"}],"replies":[{"embeddable":true,"href":"https:\/\/www.empacklogisticsautomationporto.com\/pt-pt\/wp-json\/wp\/v2\/comments?post=185612"}],"version-history":[{"count":4,"href":"https:\/\/www.empacklogisticsautomationporto.com\/pt-pt\/wp-json\/wp\/v2\/posts\/185612\/revisions"}],"predecessor-version":[{"id":185623,"href":"https:\/\/www.empacklogisticsautomationporto.com\/pt-pt\/wp-json\/wp\/v2\/posts\/185612\/revisions\/185623"}],"wp:featuredmedia":[{"embeddable":true,"href":"https:\/\/www.empacklogisticsautomationporto.com\/pt-pt\/wp-json\/wp\/v2\/media\/185624"}],"wp:attachment":[{"href":"https:\/\/www.empacklogisticsautomationporto.com\/pt-pt\/wp-json\/wp\/v2\/media?parent=185612"}],"wp:term":[{"taxonomy":"category","embeddable":true,"href":"https:\/\/www.empacklogisticsautomationporto.com\/pt-pt\/wp-json\/wp\/v2\/categories?post=185612"},{"taxonomy":"post_tag","embeddable":true,"href":"https:\/\/www.empacklogisticsautomationporto.com\/pt-pt\/wp-json\/wp\/v2\/tags?post=185612"},{"taxonomy":"edition","embeddable":true,"href":"https:\/\/www.empacklogisticsautomationporto.com\/pt-pt\/wp-json\/wp\/v2\/edition?post=185612"}],"curies":[{"name":"wp","href":"https:\/\/api.w.org\/{rel}","templated":true}]}}