{"id":185630,"date":"2026-08-31T11:53:29","date_gmt":"2026-08-31T10:53:29","guid":{"rendered":"https:\/\/www.empacklogisticsautomationporto.com\/?p=185630"},"modified":"2026-08-31T13:22:51","modified_gmt":"2026-08-31T12:22:51","slug":"um-cafe-com-elena-de-los-rios-directora-de-logistica-na-unide-cooperativa","status":"publish","type":"post","link":"https:\/\/www.empacklogisticsautomationporto.com\/pt-pt\/2026\/08\/31\/um-cafe-com-elena-de-los-rios-directora-de-logistica-na-unide-cooperativa\/","title":{"rendered":"Um caf\u00e9 com Elena de los R\u00edos, Directora de Log\u00edstica na UNIDE COOPERATIVA"},"content":{"rendered":"\t\t<div data-elementor-type=\"wp-post\" data-elementor-id=\"185630\" class=\"elementor elementor-185630\" data-elementor-post-type=\"post\">\n\t\t\t\t\t\t<section class=\"elementor-section elementor-top-section elementor-element elementor-element-6c4d399f elementor-section-full_width elementor-section-height-default elementor-section-height-default\" data-id=\"6c4d399f\" data-element_type=\"section\" data-e-type=\"section\">\n\t\t\t\t\t\t<div class=\"elementor-container elementor-column-gap-default\">\n\t\t\t\t\t<div class=\"elementor-column elementor-col-50 elementor-top-column elementor-element elementor-element-7e8189c8\" data-id=\"7e8189c8\" data-element_type=\"column\" data-e-type=\"column\">\n\t\t\t<div class=\"elementor-widget-wrap elementor-element-populated\">\n\t\t\t\t\t\t<div class=\"elementor-element elementor-element-5385dc8d elementor-invisible elementor-widget elementor-widget-heading\" data-id=\"5385dc8d\" data-element_type=\"widget\" data-e-type=\"widget\" data-settings=\"{&quot;_animation&quot;:&quot;fadeIn&quot;}\" data-widget_type=\"heading.default\">\n\t\t\t\t<div class=\"elementor-widget-container\">\n\t\t\t\t\t<h1 class=\"elementor-heading-title elementor-size-default\">Um caf\u00e9 com Elena de los R\u00edos, Directora de Log\u00edstica da UNIDE COOPERATIVA<\/h1>\t\t\t\t<\/div>\n\t\t\t\t<\/div>\n\t\t\t\t<div class=\"elementor-element elementor-element-4eb7a90d elementor-widget-tablet__width-initial elementor-widget__width-initial elementor-widget elementor-widget-text-editor\" data-id=\"4eb7a90d\" data-element_type=\"widget\" data-e-type=\"widget\" data-settings=\"{&quot;_animation&quot;:&quot;none&quot;}\" data-widget_type=\"text-editor.default\">\n\t\t\t\t<div class=\"elementor-widget-container\">\n\t\t\t\t\t\t\t\t\t<p>Licenciada em Administra\u00e7\u00e3o e Dire\u00e7\u00e3o de Empresas pela Universidade de Castilla-La Mancha, com um Mestrado em Dire\u00e7\u00e3o de Log\u00edstica e certifica\u00e7\u00e3o SAP pela ESIC. \u00c9 <strong data-start=\"242\" data-end=\"276\">Diretora de Log\u00edstica da Unide<\/strong>, ap\u00f3s um percurso de <strong data-start=\"298\" data-end=\"320\">26 anos na empresa<\/strong>, sempre ligado \u00e0 plataforma de temperatura controlada, onde ocupou o cargo de <em data-start=\"399\" data-end=\"408\">manager<\/em> da plataforma central de Mercamadrid durante os \u00faltimos dez anos.<\/p><p class=\"isSelectedEnd\"><strong>Empack e L&amp;A:<\/strong> Elena, a Unide tem um modelo muito ligado ao com\u00e9rcio de proximidade e ao apoio \u00e0s lojas locais. O que significa hoje trabalhar para manter vivo este retalho de proximidade num contexto t\u00e3o em mudan\u00e7a?<\/p><p><strong>Elena: <\/strong>Trabalhar para manter vivo o retalho de proximidade significa compreender que, por detr\u00e1s de cada estabelecimento, existe um empreendedor local, uma fam\u00edlia, uma equipa e uma comunidade que precisa de continuar a ter acesso a um com\u00e9rcio pr\u00f3ximo, competitivo e adaptado \u00e0s suas necessidades.<\/p><p data-start=\"1024\" data-end=\"1431\">Na Unide, a log\u00edstica desempenha um papel essencial nesse prop\u00f3sito. O nosso desafio n\u00e3o \u00e9 apenas movimentar mercadorias, mas garantir que cada associado, esteja onde estiver, possa competir nas melhores condi\u00e7\u00f5es. Isso implica dar resposta a realidades muito diferentes: supermercados urbanos, lojas em pequenos munic\u00edpios, estabelecimentos em zonas rurais ou associados com necessidades muito espec\u00edficas.<\/p><p data-start=\"1433\" data-end=\"1830\">Hoje, a proximidade n\u00e3o se sustenta apenas com voca\u00e7\u00e3o de servi\u00e7o. Precisa de efici\u00eancia, tecnologia, planeamento, capacidade de resposta e uma cadeia de abastecimento s\u00f3lida. Por isso, trabalhamos para que a cooperativa seja esse suporte que permite ao associado concentrar-se no que \u00e9 realmente importante: atender bem os seus clientes, manter a sua identidade local e continuar a ser relevante.<\/p><p class=\"isSelectedEnd\"><strong>Empack e L&amp;A:<\/strong> A inova\u00e7\u00e3o e a automatiza\u00e7\u00e3o num armaz\u00e9m representam um desafio numa atividade como a vossa, que n\u00e3o pode parar. Que aspetos considera fundamentais para desenvolver um projeto como o que implementaram recentemente (SARA), sem incorrer em custos ou esperas que afetem o funcionamento da cadeia?<\/p><p><strong>Elena: <\/strong>A chave est\u00e1 em compreender que um projeto de automatiza\u00e7\u00e3o log\u00edstica como o de Valdemoro n\u00e3o pode ser encarado como uma implementa\u00e7\u00e3o tecnol\u00f3gica isolada. Deve responder a uma necessidade operacional real e estar perfeitamente integrado no funcionamento di\u00e1rio.<\/p><p data-start=\"2413\" data-end=\"2818\">No nosso caso, a SARA nasce com um objetivo claro: ganhar capacidade, efici\u00eancia, rastreabilidade e agilidade sem interromper a atividade da plataforma. Para o conseguir, foram fundamentais v\u00e1rios aspetos: um planeamento muito rigoroso, uma implementa\u00e7\u00e3o realizada por fases, a coordena\u00e7\u00e3o entre as equipas internas e os fornecedores tecnol\u00f3gicos e uma integra\u00e7\u00e3o precisa com os nossos sistemas de gest\u00e3o.<\/p><p data-start=\"2820\" data-end=\"3156\">N\u00e3o podemos esquecer, nesta equa\u00e7\u00e3o, a import\u00e2ncia de antecipar os poss\u00edveis impactos na opera\u00e7\u00e3o. Na log\u00edstica, qualquer mudan\u00e7a afeta pessoas, processos, tempos e fluxos de trabalho e, por isso, dizemos que n\u00e3o basta instalar tecnologia; \u00e9 necess\u00e1rio redesenhar a opera\u00e7\u00e3o, formar as equipas que nela trabalham e acompanhar a mudan\u00e7a.<\/p><p data-start=\"3158\" data-end=\"3410\">A SARA permitiu-nos avan\u00e7ar para uma log\u00edstica mais automatizada, mais segura e eficiente, mantendo sempre o nosso prop\u00f3sito: garantir que o servi\u00e7o ao associado n\u00e3o seja afetado. A inova\u00e7\u00e3o s\u00f3 faz sentido se melhorar a cadeia e acrescentar valor real.<\/p><p class=\"isSelectedEnd\"><strong>Empack e L&amp;A:<\/strong> Coordenar uma rede de supermercados de proximidade apresenta desafios muito diferentes dos de outros grandes modelos de distribui\u00e7\u00e3o. Quais s\u00e3o as chaves para manter uma opera\u00e7\u00e3o eficiente sem perder a proximidade com o territ\u00f3rio?<\/p><p><strong>Elena: <\/strong>A principal diferen\u00e7a \u00e9 que a nossa rede n\u00e3o responde a um modelo homog\u00e9neo. Cada associado tem a sua pr\u00f3pria realidade, o seu contexto, a sua dimens\u00e3o e a sua forma de se relacionar com os clientes. Por isso, a efici\u00eancia na Unide n\u00e3o pode ser entendida como uma estandardiza\u00e7\u00e3o absoluta, mas sim como a capacidade de dar uma resposta \u00e1gil e flex\u00edvel a uma rede diversificada.<\/p><p data-start=\"4046\" data-end=\"4330\">A primeira chave \u00e9 conhecer bem o territ\u00f3rio e as necessidades dos supermercados onde operamos. N\u00e3o \u00e9 a mesma coisa abastecer uma loja numa grande cidade, uma loja de proximidade numa pequena localidade ou uma opera\u00e7\u00e3o nas Can\u00e1rias, onde o planeamento log\u00edstico \u00e9 muito mais complexo.<\/p><p data-start=\"4332\" data-end=\"4686\">A segunda chave \u00e9 combinar tecnologia com conhecimento operacional. A digitaliza\u00e7\u00e3o, a automatiza\u00e7\u00e3o e a rastreabilidade ajudam-nos a ganhar precis\u00e3o, mas t\u00eam sempre de estar ao servi\u00e7o do associado. Por fim, a coordena\u00e7\u00e3o \u00e9 fundamental. A log\u00edstica funciona quando compras, opera\u00e7\u00f5es, armaz\u00e9m, transporte, tecnologia e loja trabalham de forma integrada.<\/p><p data-start=\"4688\" data-end=\"4840\">O nosso objetivo \u00e9 sermos eficientes sem perder a nossa ess\u00eancia: a de uma cooperativa que acompanha empreendedores e lhes d\u00e1 ferramentas para competir.<\/p><p class=\"isSelectedEnd\"><strong>Empack e L&amp;A:<\/strong> Feiras como a Logistics &amp; Automation re\u00fanem inova\u00e7\u00e3o e solu\u00e7\u00f5es para toda a cadeia de abastecimento. Que valor t\u00eam estes encontros para uma cooperativa como a Unide e para continuar a evoluir no setor?<\/p><p><strong>Elena: <\/strong>T\u00eam muito valor porque permitem ganhar perspetiva, conhecer a dire\u00e7\u00e3o que o setor est\u00e1 a tomar e comparar solu\u00e7\u00f5es com outros profissionais que enfrentam desafios semelhantes. Na log\u00edstica, a inova\u00e7\u00e3o evolui muito rapidamente, mas nem tudo o que surge no mercado se adapta \u00e0s necessidades de uma organiza\u00e7\u00e3o.<\/p><p data-start=\"5377\" data-end=\"5687\">Para uma cooperativa como a nossa, estes encontros s\u00e3o uma oportunidade para identificar tecnologias, tend\u00eancias e modelos que nos possam ajudar a melhorar a efici\u00eancia, a sustentabilidade, a seguran\u00e7a e a qualidade do servi\u00e7o. Mas s\u00e3o tamb\u00e9m espa\u00e7os para partilhar experi\u00eancias e aprender com outros projetos.<\/p><p data-start=\"5689\" data-end=\"6002\">No nosso caso, a evolu\u00e7\u00e3o log\u00edstica tem de estar sempre ligada ao nosso modelo. N\u00e3o procuramos automatizar por automatizar, mas sim incorporar solu\u00e7\u00f5es que nos ajudem a prestar um melhor servi\u00e7o aos nossos associados, refor\u00e7ar a competitividade das lojas e responder melhor \u00e0 realidade do com\u00e9rcio de proximidade.<\/p><p class=\"isSelectedEnd\"><strong>Empack e L&amp;A:<\/strong> E para terminar este caf\u00e9\u2026 trabalhando t\u00e3o de perto com o consumidor rural, o que mais a inspira neste modelo e que futuro gostaria de ver para o retalho de proximidade em Espanha?<\/p><p><strong>Elena: <\/strong>O que mais me inspira \u00e9 constatar que o com\u00e9rcio de proximidade continua a ter um enorme valor social. Em muitos munic\u00edpios, uma loja n\u00e3o \u00e9 apenas um ponto de venda. \u00c9 um servi\u00e7o essencial, um espa\u00e7o de intera\u00e7\u00e3o, um gerador de emprego e uma parte muito importante da vida dos habitantes.<\/p><p data-start=\"6498\" data-end=\"6734\">A log\u00edstica permite-nos ver muito bem essa realidade. Cada encomenda, cada rota e cada entrega t\u00eam por detr\u00e1s uma loja que precisa de funcionar bem para prestar um servi\u00e7o \u00e0 sua comunidade. Isso d\u00e1 muito sentido ao trabalho que fazemos.<\/p><p data-start=\"6736\" data-end=\"6976\">Gostaria de ver um futuro em que o retalho de proximidade seja reconhecido n\u00e3o s\u00f3 pela sua proximidade, mas tamb\u00e9m pela sua capacidade de se modernizar, incorporar tecnologia e competir com modelos muito maiores sem perder a sua identidade.<\/p><p data-start=\"6978\" data-end=\"7271\" data-is-last-node=\"\" data-is-only-node=\"\">Acredito que o futuro passa por combinar o melhor dos dois mundos: a efici\u00eancia, a digitaliza\u00e7\u00e3o e a inova\u00e7\u00e3o de uma grande organiza\u00e7\u00e3o, com a aten\u00e7\u00e3o, o conhecimento do cliente e o compromisso territorial do com\u00e9rcio local. \u00c9 precisamente neste espa\u00e7o que a Unide pode acrescentar mais valor.<\/p>\t\t\t\t\t\t\t\t<\/div>\n\t\t\t\t<\/div>\n\t\t\t\t\t<\/div>\n\t\t<\/div>\n\t\t\t\t<div class=\"elementor-column elementor-col-50 elementor-top-column elementor-element elementor-element-19dc3572\" data-id=\"19dc3572\" data-element_type=\"column\" data-e-type=\"column\">\n\t\t\t<div class=\"elementor-widget-wrap elementor-element-populated\">\n\t\t\t\t\t\t<div class=\"elementor-element elementor-element-404ac641 elementor-grid-1 elementor-posts--thumbnail-none elementor-grid-tablet-1 elementor-grid-mobile-1 elementor-widget elementor-widget-posts\" data-id=\"404ac641\" data-element_type=\"widget\" data-e-type=\"widget\" data-settings=\"{&quot;classic_columns&quot;:&quot;1&quot;,&quot;classic_row_gap&quot;:{&quot;unit&quot;:&quot;px&quot;,&quot;size&quot;:&quot;23&quot;,&quot;sizes&quot;:[]},&quot;classic_columns_tablet&quot;:&quot;1&quot;,&quot;_animation&quot;:&quot;none&quot;,&quot;classic_columns_mobile&quot;:&quot;1&quot;,&quot;classic_row_gap_tablet&quot;:{&quot;unit&quot;:&quot;px&quot;,&quot;size&quot;:&quot;&quot;,&quot;sizes&quot;:[]},&quot;classic_row_gap_mobile&quot;:{&quot;unit&quot;:&quot;px&quot;,&quot;size&quot;:&quot;&quot;,&quot;sizes&quot;:[]}}\" data-widget_type=\"posts.classic\">\n\t\t\t\t<div class=\"elementor-widget-container\">\n\t\t\t\t\t\t\t<div class=\"elementor-posts-container elementor-posts elementor-posts--skin-classic elementor-grid\" role=\"list\">\n\t\t\t\t<article class=\"elementor-post elementor-grid-item post-185630 post type-post status-publish format-standard has-post-thumbnail hentry category-blog category-um-cafe-com tag-directora-de-logistica tag-elena-de-los-rios tag-um-cafe-com tag-unide-cooperativa\" role=\"listitem\">\n\t\t\t\t<div class=\"elementor-post__text\">\n\t\t\t\t<h3 class=\"elementor-post__title\">\n\t\t\t<a href=\"https:\/\/www.empacklogisticsautomationporto.com\/pt-pt\/2026\/08\/31\/um-cafe-com-elena-de-los-rios-directora-de-logistica-na-unide-cooperativa\/\" >\n\t\t\t\tUm caf\u00e9 com Elena de los R\u00edos, Directora de Log\u00edstica na UNIDE COOPERATIVA\t\t\t<\/a>\n\t\t<\/h3>\n\t\t\t\t<div class=\"elementor-post__excerpt\">\n\t\t\t<p>Um caf\u00e9 com Elena de los R\u00edos, Directora de Log\u00edstica da UNIDE COOPERATIVA Licenciada em Administra\u00e7\u00e3o e Dire\u00e7\u00e3o de Empresas pela Universidade de Castilla-La Mancha,<\/p>\n\t\t<\/div>\n\t\t\n\t\t<a class=\"elementor-post__read-more\" href=\"https:\/\/www.empacklogisticsautomationporto.com\/pt-pt\/2026\/08\/31\/um-cafe-com-elena-de-los-rios-directora-de-logistica-na-unide-cooperativa\/\" aria-label=\"Read more about Um caf\u00e9 com Elena de los R\u00edos, Directora de Log\u00edstica na UNIDE COOPERATIVA\" tabindex=\"-1\" >\n\t\t\tRead More \u00bb\t\t<\/a>\n\n\t\t\t\t<\/div>\n\t\t\t\t<\/article>\n\t\t\t\t<article class=\"elementor-post elementor-grid-item post-185612 post type-post status-publish format-standard has-post-thumbnail hentry category-blog tag-co2 tag-easyjet tag-green-smart tag-plataforma tag-sustentabilidade\" role=\"listitem\">\n\t\t\t\t<div class=\"elementor-post__text\">\n\t\t\t\t<h3 class=\"elementor-post__title\">\n\t\t\t<a href=\"https:\/\/www.empacklogisticsautomationporto.com\/pt-pt\/2026\/08\/31\/easyjet-implementa-plataforma-para-evitar-10-mil-toneladas-de-co2-por-ano\/\" >\n\t\t\t\tEasyJet implementa plataforma para evitar 10 mil toneladas de CO2 por ano\t\t\t<\/a>\n\t\t<\/h3>\n\t\t\t\t<div class=\"elementor-post__excerpt\">\n\t\t\t<p>EasyJet implementa plataforma para evitar 10 mil toneladas de CO2 por ano Solu\u00e7\u00e3o permite aos pilotos encomendar e validar o combust\u00edvel de forma digital e<\/p>\n\t\t<\/div>\n\t\t\n\t\t<a class=\"elementor-post__read-more\" href=\"https:\/\/www.empacklogisticsautomationporto.com\/pt-pt\/2026\/08\/31\/easyjet-implementa-plataforma-para-evitar-10-mil-toneladas-de-co2-por-ano\/\" aria-label=\"Read more about EasyJet implementa plataforma para evitar 10 mil toneladas de CO2 por ano\" tabindex=\"-1\" >\n\t\t\tRead More \u00bb\t\t<\/a>\n\n\t\t\t\t<\/div>\n\t\t\t\t<\/article>\n\t\t\t\t<article class=\"elementor-post elementor-grid-item post-185598 post type-post status-publish format-standard has-post-thumbnail hentry category-blog tag-crescimento tag-data-centres tag-mercados tag-portugal\" role=\"listitem\">\n\t\t\t\t<div class=\"elementor-post__text\">\n\t\t\t\t<h3 class=\"elementor-post__title\">\n\t\t\t<a href=\"https:\/\/www.empacklogisticsautomationporto.com\/pt-pt\/2026\/08\/31\/portugal-entre-os-dez-mercados-de-data-centres-com-maior-crescimento-a-nivel-mundial\/\" >\n\t\t\t\tPortugal entre os dez mercados de data centres com maior crescimento a n\u00edvel mundial\t\t\t<\/a>\n\t\t<\/h3>\n\t\t\t\t<div class=\"elementor-post__excerpt\">\n\t\t\t<p>Portugal entre os dez mercados de data centres com maior crescimento a n\u00edvel mundial desde 2024 Portugal ocupa o d\u00e9cimo lugar entre os mercados de<\/p>\n\t\t<\/div>\n\t\t\n\t\t<a class=\"elementor-post__read-more\" href=\"https:\/\/www.empacklogisticsautomationporto.com\/pt-pt\/2026\/08\/31\/portugal-entre-os-dez-mercados-de-data-centres-com-maior-crescimento-a-nivel-mundial\/\" aria-label=\"Read more about Portugal entre os dez mercados de data centres com maior crescimento a n\u00edvel mundial\" tabindex=\"-1\" >\n\t\t\tRead More \u00bb\t\t<\/a>\n\n\t\t\t\t<\/div>\n\t\t\t\t<\/article>\n\t\t\t\t<article class=\"elementor-post elementor-grid-item post-185576 post type-post status-publish format-standard has-post-thumbnail hentry category-blog tag-embalagens tag-novas-regras tag-uniao-europeia\" role=\"listitem\">\n\t\t\t\t<div class=\"elementor-post__text\">\n\t\t\t\t<h3 class=\"elementor-post__title\">\n\t\t\t<a href=\"https:\/\/www.empacklogisticsautomationporto.com\/pt-pt\/2026\/08\/31\/novas-regras-de-embalagens-na-uniao-europeia-saiba-o-que-muda\/\" >\n\t\t\t\tNovas regras de embalagens na Uni\u00e3o Europeia: saiba o que muda\t\t\t<\/a>\n\t\t<\/h3>\n\t\t\t\t<div class=\"elementor-post__excerpt\">\n\t\t\t<p>Novas regras de embalagens na Uni\u00e3o Europeia: saiba o que muda A UE aplica novas regras de embalagens alimentares, com limites a qu\u00edmicos e mais<\/p>\n\t\t<\/div>\n\t\t\n\t\t<a class=\"elementor-post__read-more\" href=\"https:\/\/www.empacklogisticsautomationporto.com\/pt-pt\/2026\/08\/31\/novas-regras-de-embalagens-na-uniao-europeia-saiba-o-que-muda\/\" aria-label=\"Read more about Novas regras de embalagens na Uni\u00e3o Europeia: saiba o que muda\" tabindex=\"-1\" >\n\t\t\tRead More \u00bb\t\t<\/a>\n\n\t\t\t\t<\/div>\n\t\t\t\t<\/article>\n\t\t\t\t<\/div>\n\t\t\n\t\t\t\t\t\t<\/div>\n\t\t\t\t<\/div>\n\t\t\t\t<div class=\"elementor-element elementor-element-1f3f2b92 elementor-widget-divider--view-line elementor-widget elementor-widget-divider\" data-id=\"1f3f2b92\" data-element_type=\"widget\" data-e-type=\"widget\" data-widget_type=\"divider.default\">\n\t\t\t\t<div class=\"elementor-widget-container\">\n\t\t\t\t\t\t\t<div class=\"elementor-divider\">\n\t\t\t<span class=\"elementor-divider-separator\">\n\t\t\t\t\t\t<\/span>\n\t\t<\/div>\n\t\t\t\t\t\t<\/div>\n\t\t\t\t<\/div>\n\t\t\t\t\t<\/div>\n\t\t<\/div>\n\t\t\t\t\t<\/div>\n\t\t<\/section>\n\t\t\t\t<\/div>\n\t\t","protected":false},"excerpt":{"rendered":"<p>Um caf\u00e9 com Elena de los R\u00edos, Directora de Log\u00edstica da UNIDE COOPERATIVA Licenciada em Administra\u00e7\u00e3o e Dire\u00e7\u00e3o de Empresas pela Universidade de Castilla-La Mancha, com um Mestrado em Dire\u00e7\u00e3o de Log\u00edstica e certifica\u00e7\u00e3o SAP pela ESIC. \u00c9 Diretora de Log\u00edstica da Unide, ap\u00f3s um percurso de 26 anos na empresa, sempre ligado \u00e0 plataforma [&hellip;]<\/p>\n","protected":false},"author":1256,"featured_media":185639,"comment_status":"closed","ping_status":"closed","sticky":false,"template":"","format":"standard","meta":{"_seopress_titles_title":"Not\u00edcias | Empack e Logistics & Automation Porto","_seopress_titles_desc":"Veja as not\u00edcias dos sectores de embalagem e log\u00edstica em Portugal.","_seopress_robots_index":"","_seopress_robots_follow":"","_seopress_robots_imageindex":"","_seopress_robots_snippet":"","_seopress_robots_primary_cat":"none","_seopress_robots_breadcrumbs":"","_seopress_robots_freeze_modified_date":"","_seopress_robots_custom_modified_date":"","_seopress_robots_canonical":"","_seopress_social_fb_title":"","_seopress_social_fb_desc":"","_seopress_social_fb_img":"","_seopress_social_fb_img_attachment_id":0,"_seopress_social_fb_img_width":0,"_seopress_social_fb_img_height":0,"_seopress_social_twitter_title":"","_seopress_social_twitter_desc":"","_seopress_social_twitter_img":"","_seopress_social_twitter_img_attachment_id":0,"_seopress_social_twitter_img_width":0,"_seopress_social_twitter_img_height":0,"_seopress_redirections_value":"","_seopress_redirections_enabled":"","_seopress_redirections_enabled_regex":"","_seopress_redirections_logged_status":"both","_seopress_redirections_param":"","_seopress_redirections_type":301,"_seopress_analysis_target_kw":"not\u00edcias,Newsletter,Subscreva,um caf\u00e9 com,entrevista,Jos\u00e9 Manuel Mu\u00f1oz,BOTTLING MANAGER na Pernod Ricard,Pernod Ricard,sustentabilidade,inova\u00e7\u00e3o,packaging","_seopress_news_disabled":"","_seopress_video_disabled":"","_seopress_video":[{"url":"","title":"","desc":"","thumbnail":"","duration":"","rating":"","view_count":"","tag":""}],"_seopress_pro_schemas_manual":[],"_seopress_pro_rich_snippets_disable_all":"","_seopress_pro_rich_snippets_disable":[],"_seopress_pro_schemas":[],"footnotes":""},"categories":[392,1408],"tags":[2121,2120,899,2122],"edition":[],"class_list":["post-185630","post","type-post","status-publish","format-standard","has-post-thumbnail","hentry","category-blog","category-um-cafe-com","tag-directora-de-logistica","tag-elena-de-los-rios","tag-um-cafe-com","tag-unide-cooperativa"],"_links":{"self":[{"href":"https:\/\/www.empacklogisticsautomationporto.com\/pt-pt\/wp-json\/wp\/v2\/posts\/185630","targetHints":{"allow":["GET"]}}],"collection":[{"href":"https:\/\/www.empacklogisticsautomationporto.com\/pt-pt\/wp-json\/wp\/v2\/posts"}],"about":[{"href":"https:\/\/www.empacklogisticsautomationporto.com\/pt-pt\/wp-json\/wp\/v2\/types\/post"}],"author":[{"embeddable":true,"href":"https:\/\/www.empacklogisticsautomationporto.com\/pt-pt\/wp-json\/wp\/v2\/users\/1256"}],"replies":[{"embeddable":true,"href":"https:\/\/www.empacklogisticsautomationporto.com\/pt-pt\/wp-json\/wp\/v2\/comments?post=185630"}],"version-history":[{"count":5,"href":"https:\/\/www.empacklogisticsautomationporto.com\/pt-pt\/wp-json\/wp\/v2\/posts\/185630\/revisions"}],"predecessor-version":[{"id":185648,"href":"https:\/\/www.empacklogisticsautomationporto.com\/pt-pt\/wp-json\/wp\/v2\/posts\/185630\/revisions\/185648"}],"wp:featuredmedia":[{"embeddable":true,"href":"https:\/\/www.empacklogisticsautomationporto.com\/pt-pt\/wp-json\/wp\/v2\/media\/185639"}],"wp:attachment":[{"href":"https:\/\/www.empacklogisticsautomationporto.com\/pt-pt\/wp-json\/wp\/v2\/media?parent=185630"}],"wp:term":[{"taxonomy":"category","embeddable":true,"href":"https:\/\/www.empacklogisticsautomationporto.com\/pt-pt\/wp-json\/wp\/v2\/categories?post=185630"},{"taxonomy":"post_tag","embeddable":true,"href":"https:\/\/www.empacklogisticsautomationporto.com\/pt-pt\/wp-json\/wp\/v2\/tags?post=185630"},{"taxonomy":"edition","embeddable":true,"href":"https:\/\/www.empacklogisticsautomationporto.com\/pt-pt\/wp-json\/wp\/v2\/edition?post=185630"}],"curies":[{"name":"wp","href":"https:\/\/api.w.org\/{rel}","templated":true}]}}