{"id":76385,"date":"2023-03-16T11:49:04","date_gmt":"2023-03-16T11:49:04","guid":{"rendered":"https:\/\/www.empacklogisticsautomationporto.com\/?p=76385"},"modified":"2023-09-12T12:54:43","modified_gmt":"2023-09-12T11:54:43","slug":"da-sustentabilidade-a-tecnologia-o-futuro-da-logistica-embalagens-e-transporte-em-debate-na-empack-porto","status":"publish","type":"post","link":"https:\/\/www.empacklogisticsautomationporto.com\/pt-pt\/2023\/03\/16\/da-sustentabilidade-a-tecnologia-o-futuro-da-logistica-embalagens-e-transporte-em-debate-na-empack-porto\/","title":{"rendered":"Da sustentabilidade \u00e0 tecnologia: o futuro da log\u00edstica, embalagens e transporte em debate na Empack Porto"},"content":{"rendered":"\t\t<div data-elementor-type=\"wp-post\" data-elementor-id=\"76385\" class=\"elementor elementor-76385\" data-elementor-post-type=\"post\">\n\t\t\t\t\t\t<section class=\"elementor-section elementor-top-section elementor-element elementor-element-57f69dc elementor-section-stretched elementor-section-boxed elementor-section-height-default elementor-section-height-default\" data-id=\"57f69dc\" data-element_type=\"section\" data-settings=\"{&quot;background_background&quot;:&quot;classic&quot;,&quot;stretch_section&quot;:&quot;section-stretched&quot;}\">\n\t\t\t\t\t\t<div class=\"elementor-container elementor-column-gap-default\">\n\t\t\t\t\t<div class=\"elementor-column elementor-col-100 elementor-top-column elementor-element elementor-element-4f70b28\" data-id=\"4f70b28\" data-element_type=\"column\">\n\t\t\t<div class=\"elementor-widget-wrap elementor-element-populated\">\n\t\t\t\t\t\t<section class=\"elementor-section elementor-inner-section elementor-element elementor-element-5834648 elementor-reverse-tablet elementor-reverse-mobile elementor-section-boxed elementor-section-height-default elementor-section-height-default\" data-id=\"5834648\" data-element_type=\"section\" data-settings=\"{&quot;background_background&quot;:&quot;classic&quot;}\">\n\t\t\t\t\t\t<div class=\"elementor-container elementor-column-gap-wide\">\n\t\t\t\t\t<div class=\"elementor-column elementor-col-100 elementor-inner-column elementor-element elementor-element-1a16021\" data-id=\"1a16021\" data-element_type=\"column\" data-settings=\"{&quot;background_background&quot;:&quot;classic&quot;}\">\n\t\t\t<div class=\"elementor-widget-wrap elementor-element-populated\">\n\t\t\t\t\t\t<div class=\"elementor-element elementor-element-37f73ce elementor-widget elementor-widget-theme-post-title elementor-page-title elementor-widget-heading\" data-id=\"37f73ce\" data-element_type=\"widget\" data-widget_type=\"theme-post-title.default\">\n\t\t\t\t<div class=\"elementor-widget-container\">\n\t\t\t\t\t<h1 class=\"elementor-heading-title elementor-size-default\">Da sustentabilidade \u00e0 tecnologia: o futuro da log\u00edstica, embalagens e transporte em debate na Empack Porto<\/h1>\t\t\t\t<\/div>\n\t\t\t\t<\/div>\n\t\t\t\t<div class=\"elementor-element elementor-element-832b966 elementor-widget-divider--view-line elementor-widget elementor-widget-divider\" data-id=\"832b966\" data-element_type=\"widget\" data-widget_type=\"divider.default\">\n\t\t\t\t<div class=\"elementor-widget-container\">\n\t\t\t\t\t\t\t<div class=\"elementor-divider\">\n\t\t\t<span class=\"elementor-divider-separator\">\n\t\t\t\t\t\t<\/span>\n\t\t<\/div>\n\t\t\t\t\t\t<\/div>\n\t\t\t\t<\/div>\n\t\t\t\t<div class=\"elementor-element elementor-element-08ece84 elementor-widget elementor-widget-text-editor\" data-id=\"08ece84\" data-element_type=\"widget\" data-widget_type=\"text-editor.default\">\n\t\t\t\t<div class=\"elementor-widget-container\">\n\t\t\t\t\t\t\t\t\t<p><strong>A Empack e Logistics &amp; Automation Porto conta j\u00e1 com mais de 70 expositores confirmados e vai dar voz aos principais players nacionais e internacionais do setor. Desafios tecnol\u00f3gicos, efici\u00eancia, sustentabilidade e automa\u00e7\u00e3o nas embalagens, transporte, distribui\u00e7\u00e3o e log\u00edstica s\u00e3o os principais temas em discuss\u00e3o no evento.<\/strong><\/p>\t\t\t\t\t\t\t\t<\/div>\n\t\t\t\t<\/div>\n\t\t\t\t\t<\/div>\n\t\t<\/div>\n\t\t\t\t\t<\/div>\n\t\t<\/section>\n\t\t\t\t<section class=\"elementor-section elementor-inner-section elementor-element elementor-element-fbbc742 elementor-section-boxed elementor-section-height-default elementor-section-height-default\" data-id=\"fbbc742\" data-element_type=\"section\" data-settings=\"{&quot;background_background&quot;:&quot;classic&quot;}\">\n\t\t\t\t\t\t<div class=\"elementor-container elementor-column-gap-default\">\n\t\t\t\t\t<div class=\"elementor-column elementor-col-100 elementor-inner-column elementor-element elementor-element-e346270\" data-id=\"e346270\" data-element_type=\"column\">\n\t\t\t<div class=\"elementor-widget-wrap elementor-element-populated\">\n\t\t\t\t\t\t<div class=\"elementor-element elementor-element-98d8470 elementor-widget elementor-widget-text-editor\" data-id=\"98d8470\" data-element_type=\"widget\" data-widget_type=\"text-editor.default\">\n\t\t\t\t<div class=\"elementor-widget-container\">\n\t\t\t\t\t\t\t\t\t<p>A maior feira da ind\u00fastria no pa\u00eds abre portas nos dias 19 e 20 de abril, na Exponor, e apresenta um alargado programa de debates e confer\u00eancias com foco no crescimento do setor. Tendo em conta que uma das grandes adversidades atuais da ind\u00fastria passa pela transforma\u00e7\u00e3o energ\u00e9tica, at\u00e9 pelo aumento dos custos, mas sobretudo por quest\u00f5es de sustentabilidade, este \u00e9 um dos assuntos centrais desta 7\u00aa edi\u00e7\u00e3o da Empack Porto.<\/p><p><strong>\u201cO setor da energia distingue-se por ser muito complexo, com uma din\u00e2mica muito pr\u00f3pria e em constante evolu\u00e7\u00e3o. A volatilidade constante dos pre\u00e7os do petr\u00f3leo e dos combust\u00edveis e a depend\u00eancia deste produto gera sempre muitas preocupa\u00e7\u00f5es sobre os impactos ambientais. As altera\u00e7\u00f5es clim\u00e1ticas n\u00e3o s\u00e3o s\u00f3 uma mera amea\u00e7a, s\u00e3o uma realidade. Cada vez mais h\u00e1 um foco maior em proteger o meio ambiente e encontrar solu\u00e7\u00f5es para tal. Queremos um planeta mais verde e sustent\u00e1vel. Posto isto, procuramos dar resposta a essas preocupa\u00e7\u00f5es, tendo presente expositores e oradores que trabalham por um futuro mais sustent\u00e1vel\u201d,<\/strong> Refere Oscar Barranco, Managing Director da Easyfaris Iberia.<\/p><p>J\u00e1 no que diz respeito aos avan\u00e7os tecnol\u00f3gicos, o Diretor refere ainda que <strong>\u201co mundo foi fortemente impactado pelo grande salto de tecnologia que tivemos ao longo dos \u00faltimos anos e continuar\u00e1 a ser. Para n\u00f3s \u00e9 algo bastante vantajoso, porque vemos novas oportunidades de inovar e entregar melhores solu\u00e7\u00f5es, atrav\u00e9s de expositores empenhados ainda em produtos sustent\u00e1veis, tais como Planet Paper, Fitembal, Gaor TM, Inapa, Storopack, Policarpo, Veolia, Trilla, Internaco e muitos outros\u201d.<\/strong><\/p><p>S\u00e3o estes e muitos outros temas que v\u00e3o estar em cima da mesa na Empack e Logistics &amp; Automation Porto. No dia 19 de abril o destaque vai para a mesa-redonda com a APED &#8211; Associa\u00e7\u00e3o Portuguesa de Empresas de Distribui\u00e7\u00e3o sobre a \u201cEfici\u00eancia da log\u00edstica na efic\u00e1cia do retalho\u201d e para a confer\u00eancia da APOL \u2013 Associa\u00e7\u00e3o Portuguesa de Operadores Log\u00edsticos, que ir\u00e1 abordar o tema \u201cLog\u00edstica proactiva geradora de competitividade\u201d. No dia seguinte, \u00e9 o momento de refletir a \u201cInflu\u00eancia do Transit\u00e1rio na Cadeia de Abastecimento\u201d com a APAT \u2013 Associa\u00e7\u00e3o dos Transit\u00e1rios de Portugal, o programa inclui ainda um debate em rela\u00e7\u00e3o aos \u201cRiscos no transporte e distribui\u00e7\u00e3o\u201d, moderado pela CNE (Centro Nacional de Embalagens).<\/p><p>Al\u00e9m disso, a feira apresenta tr\u00eas <em>Innovations Tours <\/em>centradas em Embalagens\/Packaging, Log\u00edstica e Sustentabilidade, onde os participantes poder\u00e3o conhecer as novidades de expositores selecionados com os productos mais inovadores, em visitas guiadas de uma hora. A Empack Porto espera superar o recorde do ano passado e receber mais de 3200 visitantes. A entrada na feira exige um registo que poder\u00e1 ser efetuado <a href=\"https:\/\/register.visitcloud.com\/survey\/27cogrxux893o?utm_source=paid_search&amp;utm_medium=google&amp;utm_campaign=uk-conversion-prospecting-visprom-2023-1&amp;utm_content=registration&amp;utm_term=POR23&amp;actioncode=100100&amp;gclid=CjwKCAiAxvGfBhB-EiwAMPakqp-yIfRPtIEXJ5k_Bm_7knVtyKzmMbtf1nK5sSTan6it9ghGB9el_BoCUMcQAvD_BwE\">AQUI<\/a>.<\/p><p>\u00a0<\/p><p><strong>Sobre a Easyfairs<\/strong><\/p><p>A Easyfairs organiza eventos que s\u00e3o pontos de encontro para as comunidades que desejam visitar o futuro.<\/p><p>Actualmente, organizamos 200 eventos presenciais em 14 pa\u00edses (Arg\u00e9lia, B\u00e9lgica, Dinamarca, Finl\u00e2ndia, Fran\u00e7a, Alemanha, It\u00e1lia, Holanda, Noruega, Portugal, Espanha, Su\u00e9cia, Su\u00ed\u00e7a e Reino Unido) e gerimos oito feiras na B\u00e9lgica, Holanda e Su\u00e9cia (Antu\u00e9rpia, Ghent, Mechelen-Bruxelas Norte, Namur, Gorinchem, Hardenberg, Malm\u00f6 e Estocolmo).<\/p><p>Somos apaixonados por &#8220;tornar a vida mais f\u00e1cil&#8221; aos nossos clientes e aumentar o retorno do seu investimento e do seu tempo atrav\u00e9s das nossas f\u00f3rmulas integrais (all-in), tecnologia avan\u00e7ada e estrat\u00e9gia centrada no cliente. A nossa oferta digital tamb\u00e9m proporciona a essas comunidades excelentes oportunidades para estabelecer uma rede de contactos e fazer neg\u00f3cios de maneira eficaz ao longo do ano. Estamos em contacto cont\u00ednuo com a nossa comunidade para criar formatos online atraentes e personalizados que se adaptam a todas as necessidades dos nossos sectores.<\/p><p>O Grupo Easyfairs emprega 700 talentos altamente comprometidos, implementa as melhores ferramentas de marketing e tecnologia e desenvolve marcas muito atraentes para os nossos stakeholders.<\/p><p>Em 2018, a Easyfairs foi nomeada a empresa &#8220;Empreendedora do Ano\u00ae&#8221; na B\u00e9lgica e foi reconhecida como &#8221; Best Managed Company&#8221; pela Deloitte e &#8220;Great Place to Work&#8221;. Pelo quarto ano consecutivo, em 2022, a Deloitte concedeu novamente \u00e0 Easyfairs o status de \u201cBest Managed Company\u201d.<\/p><p>A empresa est\u00e1 em 17\u00ba lugar na lista dos principais organizadores de feiras do mundo.<\/p><p>Visite o futuro com a Easyfairs e consulte mais informa\u00e7\u00f5es em <a href=\"http:\/\/www.easyfairs.com\">www.easyfairs.com<\/a>.<\/p><p>\u00a0<\/p><p><strong>Para mais informa\u00e7\u00f5es por favor entre em contato:<\/strong><\/p><p>E-mail: <a href=\"mailto:porto@easyfairs.com\">porto@easyfairs.com<\/a><\/p><p>\u00a0<\/p><p>\u00a0<\/p>\t\t\t\t\t\t\t\t<\/div>\n\t\t\t\t<\/div>\n\t\t\t\t<div class=\"elementor-element elementor-element-13f3aa2 elementor-widget elementor-widget-image\" data-id=\"13f3aa2\" data-element_type=\"widget\" data-widget_type=\"image.default\">\n\t\t\t\t<div class=\"elementor-widget-container\">\n\t\t\t\t\t\t\t\t\t\t\t\t\t\t\t<img fetchpriority=\"high\" decoding=\"async\" width=\"768\" height=\"512\" src=\"https:\/\/easyfairsassets.com\/sites\/68\/2023\/03\/EMPACK_LOGISTICS_AUTOMOTION_EXPONOR_CONFERENCIAS_WEB_TARDE27mayo-2_editada-1-768x512.png\" class=\"attachment-medium_large size-medium_large wp-image-76499\" alt=\"\" srcset=\"https:\/\/easyfairsassets.com\/sites\/68\/2023\/03\/EMPACK_LOGISTICS_AUTOMOTION_EXPONOR_CONFERENCIAS_WEB_TARDE27mayo-2_editada-1-768x512.png 768w, https:\/\/easyfairsassets.com\/sites\/68\/2023\/03\/EMPACK_LOGISTICS_AUTOMOTION_EXPONOR_CONFERENCIAS_WEB_TARDE27mayo-2_editada-1-300x200.png 300w, https:\/\/easyfairsassets.com\/sites\/68\/2023\/03\/EMPACK_LOGISTICS_AUTOMOTION_EXPONOR_CONFERENCIAS_WEB_TARDE27mayo-2_editada-1.png 1020w\" sizes=\"(max-width: 768px) 100vw, 768px\" \/>\t\t\t\t\t\t\t\t\t\t\t\t\t\t\t<\/div>\n\t\t\t\t<\/div>\n\t\t\t\t\t<\/div>\n\t\t<\/div>\n\t\t\t\t\t<\/div>\n\t\t<\/section>\n\t\t\t\t<section class=\"elementor-section elementor-inner-section elementor-element elementor-element-5935c44 elementor-section-boxed elementor-section-height-default elementor-section-height-default\" data-id=\"5935c44\" data-element_type=\"section\" data-settings=\"{&quot;background_background&quot;:&quot;classic&quot;}\">\n\t\t\t\t\t\t<div class=\"elementor-container elementor-column-gap-wide\">\n\t\t\t\t\t<div class=\"elementor-column elementor-col-100 elementor-inner-column elementor-element elementor-element-0710f38\" data-id=\"0710f38\" data-element_type=\"column\" data-settings=\"{&quot;background_background&quot;:&quot;classic&quot;}\">\n\t\t\t<div class=\"elementor-widget-wrap elementor-element-populated\">\n\t\t\t\t\t\t<div class=\"elementor-element elementor-element-b634f9d elementor-widget elementor-widget-heading\" data-id=\"b634f9d\" data-element_type=\"widget\" data-widget_type=\"heading.default\">\n\t\t\t\t<div class=\"elementor-widget-container\">\n\t\t\t\t\t<p class=\"elementor-heading-title elementor-size-default\">Compartir<\/p>\t\t\t\t<\/div>\n\t\t\t\t<\/div>\n\t\t\t\t<div class=\"elementor-element elementor-element-8364846 elementor-share-buttons--view-icon elementor-share-buttons--shape-circle elementor-share-buttons--color-custom elementor-share-buttons--skin-minimal elementor-grid-0 elementor-widget elementor-widget-share-buttons\" data-id=\"8364846\" data-element_type=\"widget\" data-widget_type=\"share-buttons.default\">\n\t\t\t\t<div class=\"elementor-widget-container\">\n\t\t\t\t\t\t\t<div class=\"elementor-grid\" role=\"list\">\n\t\t\t\t\t\t\t\t<div class=\"elementor-grid-item\" role=\"listitem\">\n\t\t\t\t\t\t<div class=\"elementor-share-btn elementor-share-btn_email\" role=\"button\" tabindex=\"0\" aria-label=\"Share on email\">\n\t\t\t\t\t\t\t\t\t\t\t\t\t\t\t<span class=\"elementor-share-btn__icon\">\n\t\t\t\t\t\t\t\t<i class=\"fas fa-envelope\" aria-hidden=\"true\"><\/i>\t\t\t\t\t\t\t<\/span>\n\t\t\t\t\t\t\t\t\t\t\t\t\t\t\t\t\t\t\t\t<\/div>\n\t\t\t\t\t<\/div>\n\t\t\t\t\t\t\t\t\t<div class=\"elementor-grid-item\" role=\"listitem\">\n\t\t\t\t\t\t<div class=\"elementor-share-btn elementor-share-btn_twitter\" role=\"button\" tabindex=\"0\" aria-label=\"Share on twitter\">\n\t\t\t\t\t\t\t\t\t\t\t\t\t\t\t<span class=\"elementor-share-btn__icon\">\n\t\t\t\t\t\t\t\t<i class=\"fab fa-twitter\" aria-hidden=\"true\"><\/i>\t\t\t\t\t\t\t<\/span>\n\t\t\t\t\t\t\t\t\t\t\t\t\t\t\t\t\t\t\t\t<\/div>\n\t\t\t\t\t<\/div>\n\t\t\t\t\t\t\t\t\t<div class=\"elementor-grid-item\" role=\"listitem\">\n\t\t\t\t\t\t<div class=\"elementor-share-btn elementor-share-btn_linkedin\" role=\"button\" tabindex=\"0\" aria-label=\"Share on linkedin\">\n\t\t\t\t\t\t\t\t\t\t\t\t\t\t\t<span class=\"elementor-share-btn__icon\">\n\t\t\t\t\t\t\t\t<i class=\"fab fa-linkedin\" aria-hidden=\"true\"><\/i>\t\t\t\t\t\t\t<\/span>\n\t\t\t\t\t\t\t\t\t\t\t\t\t\t\t\t\t\t\t\t<\/div>\n\t\t\t\t\t<\/div>\n\t\t\t\t\t\t<\/div>\n\t\t\t\t\t\t<\/div>\n\t\t\t\t<\/div>\n\t\t\t\t\t<\/div>\n\t\t<\/div>\n\t\t\t\t\t<\/div>\n\t\t<\/section>\n\t\t\t\t\t<\/div>\n\t\t<\/div>\n\t\t\t\t\t<\/div>\n\t\t<\/section>\n\t\t\t\t<\/div>\n\t\t","protected":false},"excerpt":{"rendered":"<p>A Empack e Logistics &amp; Automation Porto conta j\u00e1 com mais de 70 expositores confirmados e vai dar voz aos principais players nacionais e internacionais do setor. Desafios tecnol\u00f3gicos, efici\u00eancia, sustentabilidade e automa\u00e7\u00e3o nas embalagens, transporte, distribui\u00e7\u00e3o e log\u00edstica s\u00e3o os principais temas em discuss\u00e3o no evento. A maior feira da ind\u00fastria no pa\u00eds abre [&hellip;]<\/p>\n","protected":false},"author":135,"featured_media":0,"comment_status":"open","ping_status":"open","sticky":false,"template":"elementor_header_footer","format":"standard","meta":{"_seopress_robots_primary_cat":"none","_seopress_titles_title":"Da sustentabilidade \u00e0 tecnologia: o futuro da log\u00edstica, embalagens e transporte em debate na Empack Porto","_seopress_titles_desc":"A Empack e Logistics &amp; Automation Porto conta j\u00e1 com mais de 70 expositores confirmados e vai dar voz aos principais players nacionais e internacionais do setor. Desafios tecnol\u00f3gicos, efici\u00eancia, sustentabilidade e automa\u00e7\u00e3o nas embalagens, transporte, distribui\u00e7\u00e3o e log\u00edstica s\u00e3o os principais temas em discuss\u00e3o no evento.","_seopress_robots_index":"","footnotes":""},"categories":[400],"tags":[827,1199,1176],"edition":[],"class_list":["post-76385","post","type-post","status-publish","format-standard","hentry","category-notas-de-imprensa","tag-embalagens","tag-empack","tag-porto"],"_links":{"self":[{"href":"https:\/\/www.empacklogisticsautomationporto.com\/pt-pt\/wp-json\/wp\/v2\/posts\/76385","targetHints":{"allow":["GET"]}}],"collection":[{"href":"https:\/\/www.empacklogisticsautomationporto.com\/pt-pt\/wp-json\/wp\/v2\/posts"}],"about":[{"href":"https:\/\/www.empacklogisticsautomationporto.com\/pt-pt\/wp-json\/wp\/v2\/types\/post"}],"author":[{"embeddable":true,"href":"https:\/\/www.empacklogisticsautomationporto.com\/pt-pt\/wp-json\/wp\/v2\/users\/135"}],"replies":[{"embeddable":true,"href":"https:\/\/www.empacklogisticsautomationporto.com\/pt-pt\/wp-json\/wp\/v2\/comments?post=76385"}],"version-history":[{"count":5,"href":"https:\/\/www.empacklogisticsautomationporto.com\/pt-pt\/wp-json\/wp\/v2\/posts\/76385\/revisions"}],"predecessor-version":[{"id":76510,"href":"https:\/\/www.empacklogisticsautomationporto.com\/pt-pt\/wp-json\/wp\/v2\/posts\/76385\/revisions\/76510"}],"wp:attachment":[{"href":"https:\/\/www.empacklogisticsautomationporto.com\/pt-pt\/wp-json\/wp\/v2\/media?parent=76385"}],"wp:term":[{"taxonomy":"category","embeddable":true,"href":"https:\/\/www.empacklogisticsautomationporto.com\/pt-pt\/wp-json\/wp\/v2\/categories?post=76385"},{"taxonomy":"post_tag","embeddable":true,"href":"https:\/\/www.empacklogisticsautomationporto.com\/pt-pt\/wp-json\/wp\/v2\/tags?post=76385"},{"taxonomy":"edition","embeddable":true,"href":"https:\/\/www.empacklogisticsautomationporto.com\/pt-pt\/wp-json\/wp\/v2\/edition?post=76385"}],"curies":[{"name":"wp","href":"https:\/\/api.w.org\/{rel}","templated":true}]}}